{"id":14429,"date":"2021-01-15T09:57:11","date_gmt":"2021-01-15T14:57:11","guid":{"rendered":"https:\/\/blog.canadamotorjobs.com\/?p=14429"},"modified":"2021-11-18T11:47:19","modified_gmt":"2021-11-18T16:47:19","slug":"quoi-faire-en-attendant-la-reprise","status":"publish","type":"post","link":"https:\/\/news-dev.canadamotorjobs.com\/fr\/quoi-faire-en-attendant-la-reprise\/","title":{"rendered":"Quoi faire en attendant la reprise?"},"content":{"rendered":"<\/p>\n\n<style type=\"text\/css\" data-created_by=\"avia_inline_auto\" id=\"style-css-av-6kf6sx-b170cd50f9d6bc5f68ef4b2d45a1c6f5\">\n.flex_column.av-6kf6sx-b170cd50f9d6bc5f68ef4b2d45a1c6f5{\nborder-radius:0px 0px 0px 0px;\npadding:0px 0px 0px 0px;\n}\n<\/style>\n<div  class='flex_column av-6kf6sx-b170cd50f9d6bc5f68ef4b2d45a1c6f5 av_one_full  avia-builder-el-0  el_before_av_one_full  avia-builder-el-first  first flex_column_div av-animated-generic bottom-to-top av-zero-column-padding  '     ><style type=\"text\/css\" data-created_by=\"avia_inline_auto\" id=\"style-css-av-kjyduokz-e94485bf801cfd41fc2f2ad2ca39e9f8\">\n#top .av-special-heading.av-kjyduokz-e94485bf801cfd41fc2f2ad2ca39e9f8{\npadding-bottom:10px;\n}\nbody .av-special-heading.av-kjyduokz-e94485bf801cfd41fc2f2ad2ca39e9f8 .av-special-heading-tag .heading-char{\nfont-size:25px;\n}\n.av-special-heading.av-kjyduokz-e94485bf801cfd41fc2f2ad2ca39e9f8 .av-subheading{\nfont-size:15px;\n}\n<\/style>\n<div  class='av-special-heading av-kjyduokz-e94485bf801cfd41fc2f2ad2ca39e9f8 av-special-heading-h1 blockquote modern-quote  avia-builder-el-1  avia-builder-el-no-sibling '><h1 class='av-special-heading-tag '  itemprop=\"headline\"  >Quoi faire en attendant la reprise?<\/h1><div class=\"special-heading-border\"><div class=\"special-heading-inner-border\"><\/div><\/div><\/div><\/div>\n\n<style type=\"text\/css\" data-created_by=\"avia_inline_auto\" id=\"style-css-av-4d4gqp-5e68b2c0941636ccf3d0741ce5d12f08\">\n.flex_column.av-4d4gqp-5e68b2c0941636ccf3d0741ce5d12f08{\nborder-radius:0px 0px 0px 0px;\npadding:0px 0px 0px 0px;\n}\n<\/style>\n<div  class='flex_column av-4d4gqp-5e68b2c0941636ccf3d0741ce5d12f08 av_one_full  avia-builder-el-2  el_after_av_one_full  avia-builder-el-last  first flex_column_div av-animated-generic bottom-to-top av-zero-column-padding  column-top-margin'     ><p>\n<style type=\"text\/css\" data-created_by=\"avia_inline_auto\" id=\"style-css-av-kjye9jrk-22444eae68d3a29a274c2ef54b6d3de7\">\n.avia-image-container.av-kjye9jrk-22444eae68d3a29a274c2ef54b6d3de7 img.avia_image{\nbox-shadow:none;\n}\n.avia-image-container.av-kjye9jrk-22444eae68d3a29a274c2ef54b6d3de7 .av-image-caption-overlay-center{\ncolor:#ffffff;\n}\n<\/style>\n<div  class='avia-image-container av-kjye9jrk-22444eae68d3a29a274c2ef54b6d3de7 av-styling- avia-align-center  avia-builder-el-3  el_before_av_textblock  avia-builder-el-first '   itemprop=\"image\" itemscope=\"itemscope\" itemtype=\"https:\/\/schema.org\/ImageObject\" ><div class=\"avia-image-container-inner\"><div class=\"avia-image-overlay-wrap\"><img decoding=\"async\" fetchpriority=\"high\" class='wp-image-9804 avia-img-lazy-loading-not-9804 avia_image ' src=\"https:\/\/news-dev.canadamotorjobs.com\/wp-content\/uploads\/2020\/08\/fb-reseau-120000-professionnels.png\" alt='' title='fb-reseau-120000-professionnels'  height=\"628\" width=\"1200\"  itemprop=\"thumbnailUrl\" srcset=\"https:\/\/news-dev.canadamotorjobs.com\/wp-content\/uploads\/2020\/08\/fb-reseau-120000-professionnels.png 1200w, https:\/\/news-dev.canadamotorjobs.com\/wp-content\/uploads\/2020\/08\/fb-reseau-120000-professionnels-300x157.png 300w, https:\/\/news-dev.canadamotorjobs.com\/wp-content\/uploads\/2020\/08\/fb-reseau-120000-professionnels-768x402.png 768w, https:\/\/news-dev.canadamotorjobs.com\/wp-content\/uploads\/2020\/08\/fb-reseau-120000-professionnels-1030x539.png 1030w, https:\/\/news-dev.canadamotorjobs.com\/wp-content\/uploads\/2020\/08\/fb-reseau-120000-professionnels-705x369.png 705w, https:\/\/news-dev.canadamotorjobs.com\/wp-content\/uploads\/2020\/08\/fb-reseau-120000-professionnels-450x236.png 450w\" sizes=\"(max-width: 1200px) 100vw, 1200px\" \/><\/div><\/div><\/div><br \/>\n<section  class='av_textblock_section av-jzkgfztr-f7438fed06d9b7c9125c536e44585016 '   itemscope=\"itemscope\" itemtype=\"https:\/\/schema.org\/BlogPosting\" itemprop=\"blogPost\" ><div class='avia_textblock'  itemprop=\"text\" ><h2><span style=\"color: #2c9dd6;\"><strong>Profitez de cette p\u00e9riode pour agrandir rapidement votre r\u00e9seau dans l&rsquo;industrie automobile en vous joignant \u00e0 un r\u00e9seau de plus de 120 000 professionnels de l&rsquo;industrie.<\/strong><\/span><\/h2>\n<h3><strong>Pour agrandir votre r\u00e9seau LinkedIn:<\/strong><\/h3>\n<p>Suivez la page\u00a0<span style=\"color: #1a98cf;\"><span style=\"text-decoration: underline;\"><a href=\"https:\/\/www.linkedin.com\/company\/canadamotorjobs\/\" target=\"_top\" rel=\"noopener\">CanadaMotorJobs sur LinkedIn<\/a><\/span><\/span><\/p>\n<p>Connectez vous aux<strong>\u00a0<span style=\"text-decoration: underline;\"><a href=\"https:\/\/www.linkedin.com\/search\/results\/people\/?facetCurrentCompany=%5B%2212664732%22%5D&#038;origin=COMPANY_PAGE_CANNED_SEARCH\" target=\"_top\" rel=\"noopener\">membres de l&rsquo;\u00e9quipe\u00a0<\/a><\/span><\/strong><\/p>\n<h3><strong>Sur Facebook:<\/strong><\/h3>\n<p>Suivez la page\u00a0<span style=\"text-decoration: underline;\"><a href=\"https:\/\/www.facebook.com\/canadamotorjobs\" target=\"_top\" rel=\"noopener\">@CanadamotorJobs<\/a><\/span><\/p>\n<p>Joignez-vous au groupe\u00a0<span style=\"text-decoration: underline;\"><a href=\"https:\/\/www.facebook.com\/groups\/1128222653973923\" target=\"_top\" rel=\"noopener\">Les Mordus de l&rsquo;automobile<\/a><\/span><\/p>\n<p>Suivez-nous sur Instagram:<strong>\u00a0<span style=\"text-decoration: underline;\"><a href=\"https:\/\/www.instagram.com\/canadamotorjobs\/\" target=\"_top\" rel=\"noopener\">@CanadaMotorJobs<\/a><\/span><\/strong><\/p>\n<\/div><\/section><br \/>\n<div  class='av-social-sharing-box av-jzsv2mi8-8f28e1d9ea9ba802b27a5675ceec31fc av-social-sharing-box-default  avia-builder-el-5  el_after_av_textblock  el_before_av_postslider  av-social-sharing-box-fullwidth'><div class=\"av-share-box\"><ul class=\"av-share-box-list noLightbox\"><li class='av-share-link av-social-link-facebook avia_social_iconfont' ><a target=\"_blank\" aria-label=\"Share on Facebook\" href='https:\/\/www.facebook.com\/sharer.php?u=https:\/\/news-dev.canadamotorjobs.com\/fr\/quoi-faire-en-attendant-la-reprise\/&#038;t=Quoi%20faire%20en%20attendant%20la%20reprise%3F' data-av_icon='\ue8f3' data-av_iconfont='entypo-fontello'  title='' data-avia-related-tooltip='Share on Facebook'><span class='avia_hidden_link_text'>Share on Facebook<\/span><\/a><\/li><li class='av-share-link av-social-link-twitter avia_social_iconfont' ><a target=\"_blank\" aria-label=\"Share on X\" href='https:\/\/twitter.com\/share?text=Quoi%20faire%20en%20attendant%20la%20reprise%3F&#038;url=https:\/\/news-dev.canadamotorjobs.com\/fr\/?p=14429' data-av_icon='\ue932' data-av_iconfont='entypo-fontello'  title='' data-avia-related-tooltip='Share on X'><span class='avia_hidden_link_text'>Share on X<\/span><\/a><\/li><li class='av-share-link av-social-link-linkedin avia_social_iconfont' ><a target=\"_blank\" aria-label=\"Share on LinkedIn\" href='https:\/\/linkedin.com\/shareArticle?mini=true&#038;title=Quoi%20faire%20en%20attendant%20la%20reprise%3F&#038;url=https:\/\/news-dev.canadamotorjobs.com\/fr\/quoi-faire-en-attendant-la-reprise\/' data-av_icon='\ue8fc' data-av_iconfont='entypo-fontello'  title='' data-avia-related-tooltip='Share on LinkedIn'><span class='avia_hidden_link_text'>Share on LinkedIn<\/span><\/a><\/li><li class='av-share-link av-social-link-mail avia_social_iconfont' ><a  aria-label=\"Share by Mail\" href='mailto:?subject=Quoi%20faire%20en%20attendant%20la%20reprise%3F&#038;body=https:\/\/news-dev.canadamotorjobs.com\/fr\/quoi-faire-en-attendant-la-reprise\/' data-av_icon='\ue805' data-av_iconfont='entypo-fontello'  title='' data-avia-related-tooltip='Share by Mail'><span class='avia_hidden_link_text'>Share by Mail<\/span><\/a><\/li><\/ul><\/div><\/div><br \/>\n<div  data-slideshow-options=\"{&quot;animation&quot;:&quot;fade&quot;,&quot;autoplay&quot;:false,&quot;loop_autoplay&quot;:&quot;once&quot;,&quot;interval&quot;:&quot;5&quot;,&quot;loop_manual&quot;:&quot;manual-endless&quot;,&quot;autoplay_stopper&quot;:false,&quot;noNavigation&quot;:false,&quot;show_slide_delay&quot;:90}\" class='avia-content-slider avia-content-slider-active avia-content-slider1 avia-content-slider-odd  avia-builder-el-6  el_after_av_social_share  el_before_av_postslider  av-slideshow-ui av-control-default   av-no-slider-navigation av-slideshow-manual av-loop-once av-loop-manual-endless '  itemscope=\"itemscope\" itemtype=\"https:\/\/schema.org\/Blog\" ><div class=\"avia-content-slider-inner\"><div class=\"slide-entry-wrap\"><article class='slide-entry flex_column  post-entry post-entry-239157 slide-entry-overview slide-loop-1 slide-parity-odd  av_one_third first real-thumbnail posttype-post post-format-standard'  itemscope=\"itemscope\" itemtype=\"https:\/\/schema.org\/BlogPosting\" itemprop=\"blogPost\" ><a href='https:\/\/news-dev.canadamotorjobs.com\/fr\/comme-les-vehicules-doccasion-et-le-petrole-les-salaires-sont-dictes-par-le-marche\/' data-rel='slide-1' class='slide-image' title='Comme les v\u00e9hicules d\u2019occasion et le p\u00e9trole, les salaires sont dict\u00e9s par le march\u00e9'><img decoding=\"async\" fetchpriority=\"high\" width=\"495\" height=\"400\" src=\"https:\/\/news-dev.canadamotorjobs.com\/wp-content\/uploads\/2026\/03\/Prix_marche-495x400.png\" class=\"wp-image-239158 avia-img-lazy-loading-not-239158 attachment-portfolio size-portfolio wp-post-image\" alt=\"\" srcset=\"https:\/\/news-dev.canadamotorjobs.com\/wp-content\/uploads\/2026\/03\/Prix_marche-495x400.png 495w, https:\/\/news-dev.canadamotorjobs.com\/wp-content\/uploads\/2026\/03\/Prix_marche-845x684.png 845w\" sizes=\"(max-width: 495px) 100vw, 495px\" \/><\/a><div class=\"slide-content\"><header class=\"entry-content-header\" aria-label=\"Slide: Comme les v\u00e9hicules d\u2019occasion et le p\u00e9trole, les salaires sont dict\u00e9s par le march\u00e9\"><h3 class='slide-entry-title entry-title '  itemprop=\"headline\" ><a href='https:\/\/news-dev.canadamotorjobs.com\/fr\/comme-les-vehicules-doccasion-et-le-petrole-les-salaires-sont-dictes-par-le-marche\/' title='Comme les v\u00e9hicules d\u2019occasion et le p\u00e9trole, les salaires sont dict\u00e9s par le march\u00e9'>Comme les v\u00e9hicules d\u2019occasion et le p\u00e9trole, les salaires sont dict\u00e9s par le march\u00e9<\/a><\/h3><span class=\"blog-categories minor-meta\"><a href=\"https:\/\/news-dev.canadamotorjobs.com\/fr\/category\/conseils\/\" rel=\"tag\">Conseils<\/a>, <a href=\"https:\/\/news-dev.canadamotorjobs.com\/fr\/category\/nouvelles\/\" rel=\"tag\">Nouvelles<\/a> <\/span><span class=\"av-vertical-delimiter\"><\/span><\/header><div class='slide-entry-excerpt entry-content'  itemprop=\"text\" >Les r\u00e9cents bouleversements du march\u00e9 p\u00e9trolier mondial rappellent une r\u00e9alit\u00e9 \u00e9conomique fondamentale : m\u00eame les plus grands pays producteurs, ne contr\u00f4lent pas les prix.<\/div><\/div><footer class=\"entry-footer\"><div class=\"slide-meta\"><time class='slide-meta-time updated'  itemprop=\"datePublished\" datetime=\"2026-03-30T13:17:15-04:00\" >30 mars 2026<\/time><\/div><\/footer><span class='hidden'>\n\t\t\t\t<span class='av-structured-data'  itemprop=\"image\" itemscope=\"itemscope\" itemtype=\"https:\/\/schema.org\/ImageObject\" >\n\t\t\t\t\t\t<span itemprop='url'>https:\/\/news-dev.canadamotorjobs.com\/wp-content\/uploads\/2026\/03\/Prix_marche.png<\/span>\n\t\t\t\t\t\t<span itemprop='height'>1024<\/span>\n\t\t\t\t\t\t<span itemprop='width'>1536<\/span>\n\t\t\t\t<\/span>\n\t\t\t\t<span class='av-structured-data'  itemprop=\"publisher\" itemtype=\"https:\/\/schema.org\/Organization\" itemscope=\"itemscope\" >\n\t\t\t\t\t\t<span itemprop='name'>Louis-Martin Jannard<\/span>\n\t\t\t\t\t\t<span itemprop='logo' itemscope itemtype='https:\/\/schema.org\/ImageObject'>\n\t\t\t\t\t\t\t<span itemprop='url'>https:\/\/news.canadamotorjobs.com\/wp-content\/uploads\/2021\/06\/logo-canada-motor-jobs-white-1.png<\/span>\n\t\t\t\t\t\t<\/span>\n\t\t\t\t<\/span><span class='av-structured-data'  itemprop=\"author\" itemscope=\"itemscope\" itemtype=\"https:\/\/schema.org\/Person\" ><span itemprop='name'>Louis-Martin Jannard<\/span><\/span><span class='av-structured-data'  itemprop=\"datePublished\" datetime=\"2021-01-15T09:57:11-05:00\" >2026-03-30 13:17:15<\/span><span class='av-structured-data'  itemprop=\"dateModified\" itemtype=\"https:\/\/schema.org\/dateModified\" >2026-03-31 10:15:50<\/span><span class='av-structured-data'  itemprop=\"mainEntityOfPage\" itemtype=\"https:\/\/schema.org\/mainEntityOfPage\" ><span itemprop='name'>Comme les v\u00e9hicules d\u2019occasion et le p\u00e9trole, les salaires sont dict\u00e9s par le march\u00e9<\/span><\/span><\/span><\/article><article class='slide-entry flex_column  post-entry post-entry-224144 slide-entry-overview slide-loop-2 slide-parity-even  av_one_third  real-thumbnail posttype-post post-format-standard'  itemscope=\"itemscope\" itemtype=\"https:\/\/schema.org\/BlogPosting\" itemprop=\"blogPost\" ><a href='https:\/\/news-dev.canadamotorjobs.com\/fr\/ne-soyez-pas-le-prochain-louvre-protegez-vos-bijoux-vos-employes\/' data-rel='slide-1' class='slide-image' title='Ne soyez pas le prochain Louvre : prot\u00e9gez vos bijoux\u2026 vos employ\u00e9s!'><img decoding=\"async\" fetchpriority=\"high\" width=\"495\" height=\"400\" src=\"https:\/\/news-dev.canadamotorjobs.com\/wp-content\/uploads\/2025\/10\/ChatGPT-Image-23-oct.-2025-08_54_02-495x400.png\" class=\"wp-image-224312 avia-img-lazy-loading-not-224312 attachment-portfolio size-portfolio wp-post-image\" alt=\"\" srcset=\"https:\/\/news-dev.canadamotorjobs.com\/wp-content\/uploads\/2025\/10\/ChatGPT-Image-23-oct.-2025-08_54_02-495x400.png 495w, https:\/\/news-dev.canadamotorjobs.com\/wp-content\/uploads\/2025\/10\/ChatGPT-Image-23-oct.-2025-08_54_02-845x684.png 845w\" sizes=\"(max-width: 495px) 100vw, 495px\" \/><\/a><div class=\"slide-content\"><header class=\"entry-content-header\" aria-label=\"Slide: Ne soyez pas le prochain Louvre : prot\u00e9gez vos bijoux\u2026 vos employ\u00e9s!\"><h3 class='slide-entry-title entry-title '  itemprop=\"headline\" ><a href='https:\/\/news-dev.canadamotorjobs.com\/fr\/ne-soyez-pas-le-prochain-louvre-protegez-vos-bijoux-vos-employes\/' title='Ne soyez pas le prochain Louvre : prot\u00e9gez vos bijoux\u2026 vos employ\u00e9s!'>Ne soyez pas le prochain Louvre : prot\u00e9gez vos bijoux\u2026 vos employ\u00e9s!<\/a><\/h3><span class=\"blog-categories minor-meta\"><a href=\"https:\/\/news-dev.canadamotorjobs.com\/fr\/category\/conseils\/\" rel=\"tag\">Conseils<\/a>, <a href=\"https:\/\/news-dev.canadamotorjobs.com\/fr\/category\/nouvelles\/\" rel=\"tag\">Nouvelles<\/a> <\/span><span class=\"av-vertical-delimiter\"><\/span><\/header><div class='slide-entry-excerpt entry-content'  itemprop=\"text\" >Le 19 octobre 2025, le Mus\u00e9e du Louvre a \u00e9t\u00e9 victime d\u2019un vol digne d\u2019un film : des bijoux de la Couronne, d\u2019une valeur estim\u00e9e \u00e0 88 millions d\u2019euros, ont \u00e9t\u00e9 d\u00e9rob\u00e9s en plein jour. En quelques minutes \u00e0 peine, les voleurs ont contourn\u00e9 la s\u00e9curit\u00e9 et disparu avec des pi\u00e8ces inestimables.\nLa direction a reconnu un \u00ab terrible \u00e9chec \u00bb : cam\u00e9ras obsol\u00e8tes, proc\u00e9dures floues, sous-\u00e9valuation du risque.\n\nUne le\u00e7on? M\u00eame les institutions les plus prestigieuses peuvent perdre ce qu\u2019elles ont de plus pr\u00e9cieux\u2026 faute de vigilance.\n\nEt si, dans votre concession ou atelier, le bijou le plus pr\u00e9cieux, ce n\u2019\u00e9tait pas une voiture de collection, mais vos employ\u00e9s ?<\/div><\/div><footer class=\"entry-footer\"><div class=\"slide-meta\"><time class='slide-meta-time updated'  itemprop=\"datePublished\" datetime=\"2025-10-23T08:44:50-04:00\" >23 octobre 2025<\/time><\/div><\/footer><span class='hidden'>\n\t\t\t\t<span class='av-structured-data'  itemprop=\"image\" itemscope=\"itemscope\" itemtype=\"https:\/\/schema.org\/ImageObject\" >\n\t\t\t\t\t\t<span itemprop='url'>https:\/\/news-dev.canadamotorjobs.com\/wp-content\/uploads\/2025\/10\/ChatGPT-Image-23-oct.-2025-08_54_02.png<\/span>\n\t\t\t\t\t\t<span itemprop='height'>1024<\/span>\n\t\t\t\t\t\t<span itemprop='width'>1536<\/span>\n\t\t\t\t<\/span>\n\t\t\t\t<span class='av-structured-data'  itemprop=\"publisher\" itemtype=\"https:\/\/schema.org\/Organization\" itemscope=\"itemscope\" >\n\t\t\t\t\t\t<span itemprop='name'>Louis-Martin Jannard<\/span>\n\t\t\t\t\t\t<span itemprop='logo' itemscope itemtype='https:\/\/schema.org\/ImageObject'>\n\t\t\t\t\t\t\t<span itemprop='url'>https:\/\/news.canadamotorjobs.com\/wp-content\/uploads\/2021\/06\/logo-canada-motor-jobs-white-1.png<\/span>\n\t\t\t\t\t\t<\/span>\n\t\t\t\t<\/span><span class='av-structured-data'  itemprop=\"author\" itemscope=\"itemscope\" itemtype=\"https:\/\/schema.org\/Person\" ><span itemprop='name'>Louis-Martin Jannard<\/span><\/span><span class='av-structured-data'  itemprop=\"datePublished\" datetime=\"2021-01-15T09:57:11-05:00\" >2025-10-23 08:44:50<\/span><span class='av-structured-data'  itemprop=\"dateModified\" itemtype=\"https:\/\/schema.org\/dateModified\" >2025-10-23 09:08:07<\/span><span class='av-structured-data'  itemprop=\"mainEntityOfPage\" itemtype=\"https:\/\/schema.org\/mainEntityOfPage\" ><span itemprop='name'>Ne soyez pas le prochain Louvre : prot\u00e9gez vos bijoux\u2026 vos employ\u00e9s!<\/span><\/span><\/span><\/article><article class='slide-entry flex_column  post-entry post-entry-220688 slide-entry-overview slide-loop-3 slide-parity-odd  av_one_third  real-thumbnail posttype-post post-format-standard'  itemscope=\"itemscope\" itemtype=\"https:\/\/schema.org\/BlogPosting\" itemprop=\"blogPost\" ><a href='https:\/\/news-dev.canadamotorjobs.com\/fr\/lintelligence-artificielle-un-allie-strategique-pour-le-recrutement-automobile\/' data-rel='slide-1' class='slide-image' title='L\u2019intelligence artificielle : un alli\u00e9 strat\u00e9gique pour le recrutement automobile'><img decoding=\"async\" fetchpriority=\"high\" width=\"495\" height=\"400\" src=\"https:\/\/news-dev.canadamotorjobs.com\/wp-content\/uploads\/2025\/09\/ChatGPT-Image-22-sept.-2025-17_04_40-495x400.png\" class=\"wp-image-220695 avia-img-lazy-loading-not-220695 attachment-portfolio size-portfolio wp-post-image\" alt=\"\" srcset=\"https:\/\/news-dev.canadamotorjobs.com\/wp-content\/uploads\/2025\/09\/ChatGPT-Image-22-sept.-2025-17_04_40-495x400.png 495w, https:\/\/news-dev.canadamotorjobs.com\/wp-content\/uploads\/2025\/09\/ChatGPT-Image-22-sept.-2025-17_04_40-845x684.png 845w\" sizes=\"(max-width: 495px) 100vw, 495px\" \/><\/a><div class=\"slide-content\"><header class=\"entry-content-header\" aria-label=\"Slide: L\u2019intelligence artificielle : un alli\u00e9 strat\u00e9gique pour le recrutement automobile\"><h3 class='slide-entry-title entry-title '  itemprop=\"headline\" ><a href='https:\/\/news-dev.canadamotorjobs.com\/fr\/lintelligence-artificielle-un-allie-strategique-pour-le-recrutement-automobile\/' title='L\u2019intelligence artificielle : un alli\u00e9 strat\u00e9gique pour le recrutement automobile'>L\u2019intelligence artificielle : un alli\u00e9 strat\u00e9gique pour le recrutement automobile<\/a><\/h3><span class=\"blog-categories minor-meta\"><a href=\"https:\/\/news-dev.canadamotorjobs.com\/fr\/category\/conseils\/\" rel=\"tag\">Conseils<\/a>, <a href=\"https:\/\/news-dev.canadamotorjobs.com\/fr\/category\/nouvelles\/\" rel=\"tag\">Nouvelles<\/a> <\/span><span class=\"av-vertical-delimiter\"><\/span><\/header><div class='slide-entry-excerpt entry-content'  itemprop=\"text\" >\n\n\n\n<\/div><\/div><footer class=\"entry-footer\"><div class=\"slide-meta\"><time class='slide-meta-time updated'  itemprop=\"datePublished\" datetime=\"2025-09-22T17:07:15-04:00\" >22 septembre 2025<\/time><\/div><\/footer><span class='hidden'>\n\t\t\t\t<span class='av-structured-data'  itemprop=\"image\" itemscope=\"itemscope\" itemtype=\"https:\/\/schema.org\/ImageObject\" >\n\t\t\t\t\t\t<span itemprop='url'>https:\/\/news-dev.canadamotorjobs.com\/wp-content\/uploads\/2025\/09\/ChatGPT-Image-22-sept.-2025-17_04_40.png<\/span>\n\t\t\t\t\t\t<span itemprop='height'>1024<\/span>\n\t\t\t\t\t\t<span itemprop='width'>1024<\/span>\n\t\t\t\t<\/span>\n\t\t\t\t<span class='av-structured-data'  itemprop=\"publisher\" itemtype=\"https:\/\/schema.org\/Organization\" itemscope=\"itemscope\" >\n\t\t\t\t\t\t<span itemprop='name'>Louis-Martin Jannard<\/span>\n\t\t\t\t\t\t<span itemprop='logo' itemscope itemtype='https:\/\/schema.org\/ImageObject'>\n\t\t\t\t\t\t\t<span itemprop='url'>https:\/\/news.canadamotorjobs.com\/wp-content\/uploads\/2021\/06\/logo-canada-motor-jobs-white-1.png<\/span>\n\t\t\t\t\t\t<\/span>\n\t\t\t\t<\/span><span class='av-structured-data'  itemprop=\"author\" itemscope=\"itemscope\" itemtype=\"https:\/\/schema.org\/Person\" ><span itemprop='name'>Louis-Martin Jannard<\/span><\/span><span class='av-structured-data'  itemprop=\"datePublished\" datetime=\"2021-01-15T09:57:11-05:00\" >2025-09-22 17:07:15<\/span><span class='av-structured-data'  itemprop=\"dateModified\" itemtype=\"https:\/\/schema.org\/dateModified\" >2025-09-23 10:26:56<\/span><span class='av-structured-data'  itemprop=\"mainEntityOfPage\" itemtype=\"https:\/\/schema.org\/mainEntityOfPage\" ><span itemprop='name'>L\u2019intelligence artificielle : un alli\u00e9 strat\u00e9gique pour le recrutement automobile<\/span><\/span><\/span><\/article><\/div><div class=\"slide-entry-wrap\"><article class='slide-entry flex_column  post-entry post-entry-200502 slide-entry-overview slide-loop-4 slide-parity-odd  av_one_third first fake-thumbnail posttype-post post-format-standard'  itemscope=\"itemscope\" itemtype=\"https:\/\/schema.org\/BlogPosting\" itemprop=\"blogPost\" ><a href='https:\/\/news-dev.canadamotorjobs.com\/fr\/et-si-le-meilleur-candidat-avait-un-nom-que-vous-nosez-pas-prononcer\/' data-rel='slide-1' class='slide-image' title='Et si le meilleur candidat avait un nom que vous n\u2019osez pas prononcer'><span class='fallback-post-type-icon avia-svg-icon avia-font-svg_entypo-fontello' data-av_svg_icon='pencil' data-av_iconset='svg_entypo-fontello'><svg version=\"1.1\" xmlns=\"http:\/\/www.w3.org\/2000\/svg\" width=\"25\" height=\"32\" viewBox=\"0 0 25 32\" preserveAspectRatio=\"xMidYMid meet\" role=\"graphics-symbol\" aria-hidden=\"true\">\n<path d=\"M22.976 5.44q1.024 1.024 1.504 2.048t0.48 1.536v0.512l-8.064 8.064-9.28 9.216-7.616 1.664 1.6-7.68 9.28-9.216 8.064-8.064q1.728-0.384 4.032 1.92zM7.168 25.92l0.768-0.768q-0.064-1.408-1.664-3.008-0.704-0.704-1.44-1.12t-1.12-0.416l-0.448-0.064-0.704 0.768-0.576 2.56q0.896 0.512 1.472 1.088 0.768 0.768 1.152 1.536z\"><\/path>\n<\/svg><\/span><span class='slider-fallback-image'><img decoding=\"async\" fetchpriority=\"high\" width=\"495\" height=\"400\" src=\"https:\/\/news-dev.canadamotorjobs.com\/wp-content\/uploads\/2024\/10\/Guide-embauche-cmj-495x400.jpg\" class=\"wp-image-179535 avia-img-lazy-loading-not-179535 attachment-portfolio size-portfolio wp-post-image\" alt=\"\" srcset=\"https:\/\/news-dev.canadamotorjobs.com\/wp-content\/uploads\/2024\/10\/Guide-embauche-cmj-495x400.jpg 495w, https:\/\/news-dev.canadamotorjobs.com\/wp-content\/uploads\/2024\/10\/Guide-embauche-cmj-845x684.jpg 845w\" sizes=\"(max-width: 495px) 100vw, 495px\" \/><\/span><\/a><div class=\"slide-content\"><header class=\"entry-content-header\" aria-label=\"Slide: Et si le meilleur candidat avait un nom que vous n\u2019osez pas prononcer\"><h3 class='slide-entry-title entry-title '  itemprop=\"headline\" ><a href='https:\/\/news-dev.canadamotorjobs.com\/fr\/et-si-le-meilleur-candidat-avait-un-nom-que-vous-nosez-pas-prononcer\/' title='Et si le meilleur candidat avait un nom que vous n\u2019osez pas prononcer'>Et si le meilleur candidat avait un nom que vous n\u2019osez pas prononcer<\/a><\/h3><span class=\"blog-categories minor-meta\"><a href=\"https:\/\/news-dev.canadamotorjobs.com\/fr\/category\/conseils\/\" rel=\"tag\">Conseils<\/a>, <a href=\"https:\/\/news-dev.canadamotorjobs.com\/fr\/category\/newsletter\/\" rel=\"tag\">Newsletter<\/a>, <a href=\"https:\/\/news-dev.canadamotorjobs.com\/fr\/category\/nouvelles\/\" rel=\"tag\">Nouvelles<\/a> <\/span><span class=\"av-vertical-delimiter\"><\/span><\/header><div class='slide-entry-excerpt entry-content'  itemprop=\"text\" >Il s\u2019appelle Arber Xhekaj.\nPas simple \u00e0 prononcer.\nEt soyons honn\u00eates : y\u2019a des employeurs qui n\u2019auraient m\u00eame pas pris la peine de l\u2019essayer.\nSon CV serait tomb\u00e9 dans une pile.\nPeut-\u00eatre m\u00eame mis de c\u00f4t\u00e9 juste \u00e0 cause de son nom.\nTrop compliqu\u00e9. Trop \u201c\u00e9tranger\u201d. Trop risqu\u00e9, pensent certains.\n\nAujourd\u2019hui?\n\nIl joue pour le Canadien.\nEt son nom \u2014 que plus personne n\u2019ose massacrer \u2014 est dans le dos de milliers de chandails de fans.<\/div><\/div><footer class=\"entry-footer\"><div class=\"slide-meta\"><time class='slide-meta-time updated'  itemprop=\"datePublished\" datetime=\"2025-04-08T13:59:18-04:00\" >8 avril 2025<\/time><\/div><\/footer><span class='hidden'>\n\t\t\t\t<span class='av-structured-data'  itemprop=\"image\" itemscope=\"itemscope\" itemtype=\"https:\/\/schema.org\/ImageObject\" >\n\t\t\t\t\t\t<span itemprop='url'>https:\/\/news.canadamotorjobs.com\/wp-content\/uploads\/2021\/06\/logo-canada-motor-jobs-white-1.png<\/span>\n\t\t\t\t\t\t<span itemprop='height'>0<\/span>\n\t\t\t\t\t\t<span itemprop='width'>0<\/span>\n\t\t\t\t<\/span>\n\t\t\t\t<span class='av-structured-data'  itemprop=\"publisher\" itemtype=\"https:\/\/schema.org\/Organization\" itemscope=\"itemscope\" >\n\t\t\t\t\t\t<span itemprop='name'>Louis-Martin Jannard<\/span>\n\t\t\t\t\t\t<span itemprop='logo' itemscope itemtype='https:\/\/schema.org\/ImageObject'>\n\t\t\t\t\t\t\t<span itemprop='url'>https:\/\/news.canadamotorjobs.com\/wp-content\/uploads\/2021\/06\/logo-canada-motor-jobs-white-1.png<\/span>\n\t\t\t\t\t\t<\/span>\n\t\t\t\t<\/span><span class='av-structured-data'  itemprop=\"author\" itemscope=\"itemscope\" itemtype=\"https:\/\/schema.org\/Person\" ><span itemprop='name'>Louis-Martin Jannard<\/span><\/span><span class='av-structured-data'  itemprop=\"datePublished\" datetime=\"2021-01-15T09:57:11-05:00\" >2025-04-08 13:59:18<\/span><span class='av-structured-data'  itemprop=\"dateModified\" itemtype=\"https:\/\/schema.org\/dateModified\" >2025-04-08 16:13:36<\/span><span class='av-structured-data'  itemprop=\"mainEntityOfPage\" itemtype=\"https:\/\/schema.org\/mainEntityOfPage\" ><span itemprop='name'>Et si le meilleur candidat avait un nom que vous n\u2019osez pas prononcer<\/span><\/span><\/span><\/article><article class='slide-entry flex_column  post-entry post-entry-182635 slide-entry-overview slide-loop-5 slide-parity-even  av_one_third  real-thumbnail posttype-post post-format-standard'  itemscope=\"itemscope\" itemtype=\"https:\/\/schema.org\/BlogPosting\" itemprop=\"blogPost\" ><a href='https:\/\/news-dev.canadamotorjobs.com\/fr\/repenser-la-remuneration-des-specialistes-en-acquisition-de-talents-dans-lindustrie-automobile\/' data-rel='slide-1' class='slide-image' title='Repenser la r\u00e9mun\u00e9ration des sp\u00e9cialistes en acquisition de talents dans l&rsquo;industrie automobile'><img decoding=\"async\" fetchpriority=\"high\" width=\"495\" height=\"400\" src=\"https:\/\/news-dev.canadamotorjobs.com\/wp-content\/uploads\/2024\/11\/DALL\u00b7E-2024-11-28-13.06.56-A-professional-and-modern-automotive-industry-setting-featuring-a-diverse-group-of-people-collaborating-in-an-office.-The-environment-should-have-elem-495x400.webp\" class=\"wp-image-182653 avia-img-lazy-loading-not-182653 attachment-portfolio size-portfolio wp-post-image\" alt=\"\" srcset=\"https:\/\/news-dev.canadamotorjobs.com\/wp-content\/uploads\/2024\/11\/DALL\u00b7E-2024-11-28-13.06.56-A-professional-and-modern-automotive-industry-setting-featuring-a-diverse-group-of-people-collaborating-in-an-office.-The-environment-should-have-elem-495x400.webp 495w, https:\/\/news-dev.canadamotorjobs.com\/wp-content\/uploads\/2024\/11\/DALL\u00b7E-2024-11-28-13.06.56-A-professional-and-modern-automotive-industry-setting-featuring-a-diverse-group-of-people-collaborating-in-an-office.-The-environment-should-have-elem-845x684.webp 845w\" sizes=\"(max-width: 495px) 100vw, 495px\" \/><\/a><div class=\"slide-content\"><header class=\"entry-content-header\" aria-label=\"Slide: Repenser la r\u00e9mun\u00e9ration des sp\u00e9cialistes en acquisition de talents dans l&#039;industrie automobile\"><h3 class='slide-entry-title entry-title '  itemprop=\"headline\" ><a href='https:\/\/news-dev.canadamotorjobs.com\/fr\/repenser-la-remuneration-des-specialistes-en-acquisition-de-talents-dans-lindustrie-automobile\/' title='Repenser la r\u00e9mun\u00e9ration des sp\u00e9cialistes en acquisition de talents dans l&rsquo;industrie automobile'>Repenser la r\u00e9mun\u00e9ration des sp\u00e9cialistes en acquisition de talents dans l&rsquo;industrie automobile<\/a><\/h3><span class=\"blog-categories minor-meta\"><a href=\"https:\/\/news-dev.canadamotorjobs.com\/fr\/category\/conseils\/\" rel=\"tag\">Conseils<\/a>, <a href=\"https:\/\/news-dev.canadamotorjobs.com\/fr\/category\/nouvelles\/\" rel=\"tag\">Nouvelles<\/a> <\/span><span class=\"av-vertical-delimiter\"><\/span><\/header><div class='slide-entry-excerpt entry-content'  itemprop=\"text\" >Dans l\u2019industrie automobile, chaque r\u00f4le contribue \u00e0 la performance globale d\u2019une concession ou d\u2019un atelier. Les gestionnaires de d\u00e9partement, qu\u2019il s\u2019agisse des ventes, des pi\u00e8ces ou du service, sont souvent r\u00e9mun\u00e9r\u00e9s \u00e0 la commission ou selon un mod\u00e8le combinant salaire de base et bonus. Ce syst\u00e8me refl\u00e8te directement leur contribution aux r\u00e9sultats financiers de l\u2019entreprise.<\/div><\/div><footer class=\"entry-footer\"><div class=\"slide-meta\"><time class='slide-meta-time updated'  itemprop=\"datePublished\" datetime=\"2024-11-28T13:02:09-05:00\" >28 novembre 2024<\/time><\/div><\/footer><span class='hidden'>\n\t\t\t\t<span class='av-structured-data'  itemprop=\"image\" itemscope=\"itemscope\" itemtype=\"https:\/\/schema.org\/ImageObject\" >\n\t\t\t\t\t\t<span itemprop='url'>https:\/\/news-dev.canadamotorjobs.com\/wp-content\/uploads\/2024\/11\/DALL\u00b7E-2024-11-28-13.06.56-A-professional-and-modern-automotive-industry-setting-featuring-a-diverse-group-of-people-collaborating-in-an-office.-The-environment-should-have-elem.webp<\/span>\n\t\t\t\t\t\t<span itemprop='height'>1024<\/span>\n\t\t\t\t\t\t<span itemprop='width'>1024<\/span>\n\t\t\t\t<\/span>\n\t\t\t\t<span class='av-structured-data'  itemprop=\"publisher\" itemtype=\"https:\/\/schema.org\/Organization\" itemscope=\"itemscope\" >\n\t\t\t\t\t\t<span itemprop='name'>Louis-Martin Jannard<\/span>\n\t\t\t\t\t\t<span itemprop='logo' itemscope itemtype='https:\/\/schema.org\/ImageObject'>\n\t\t\t\t\t\t\t<span itemprop='url'>https:\/\/news.canadamotorjobs.com\/wp-content\/uploads\/2021\/06\/logo-canada-motor-jobs-white-1.png<\/span>\n\t\t\t\t\t\t<\/span>\n\t\t\t\t<\/span><span class='av-structured-data'  itemprop=\"author\" itemscope=\"itemscope\" itemtype=\"https:\/\/schema.org\/Person\" ><span itemprop='name'>Louis-Martin Jannard<\/span><\/span><span class='av-structured-data'  itemprop=\"datePublished\" datetime=\"2021-01-15T09:57:11-05:00\" >2024-11-28 13:02:09<\/span><span class='av-structured-data'  itemprop=\"dateModified\" itemtype=\"https:\/\/schema.org\/dateModified\" >2024-11-28 14:43:59<\/span><span class='av-structured-data'  itemprop=\"mainEntityOfPage\" itemtype=\"https:\/\/schema.org\/mainEntityOfPage\" ><span itemprop='name'>Repenser la r\u00e9mun\u00e9ration des sp\u00e9cialistes en acquisition de talents dans l&rsquo;industrie automobile<\/span><\/span><\/span><\/article><article class='slide-entry flex_column  post-entry post-entry-182622 slide-entry-overview slide-loop-6 slide-parity-odd  av_one_third  fake-thumbnail posttype-post post-format-standard'  itemscope=\"itemscope\" itemtype=\"https:\/\/schema.org\/BlogPosting\" itemprop=\"blogPost\" ><a href='https:\/\/news-dev.canadamotorjobs.com\/fr\/lintelligence-artificielle-au-service-dun-recrutement-equitable-et-rapide-dans-lautomobile\/' data-rel='slide-1' class='slide-image' title='L\u2019intelligence artificielle au service d\u2019un recrutement \u00e9quitable et rapide dans l\u2019automobile'><span class='fallback-post-type-icon avia-svg-icon avia-font-svg_entypo-fontello' data-av_svg_icon='pencil' data-av_iconset='svg_entypo-fontello'><svg version=\"1.1\" xmlns=\"http:\/\/www.w3.org\/2000\/svg\" width=\"25\" height=\"32\" viewBox=\"0 0 25 32\" preserveAspectRatio=\"xMidYMid meet\" role=\"graphics-symbol\" aria-hidden=\"true\">\n<path d=\"M22.976 5.44q1.024 1.024 1.504 2.048t0.48 1.536v0.512l-8.064 8.064-9.28 9.216-7.616 1.664 1.6-7.68 9.28-9.216 8.064-8.064q1.728-0.384 4.032 1.92zM7.168 25.92l0.768-0.768q-0.064-1.408-1.664-3.008-0.704-0.704-1.44-1.12t-1.12-0.416l-0.448-0.064-0.704 0.768-0.576 2.56q0.896 0.512 1.472 1.088 0.768 0.768 1.152 1.536z\"><\/path>\n<\/svg><\/span><span class='slider-fallback-image'><img decoding=\"async\" fetchpriority=\"high\" width=\"495\" height=\"400\" src=\"https:\/\/news-dev.canadamotorjobs.com\/wp-content\/uploads\/2024\/10\/Guide-embauche-cmj-495x400.jpg\" class=\"wp-image-179535 avia-img-lazy-loading-not-179535 attachment-portfolio size-portfolio wp-post-image\" alt=\"\" srcset=\"https:\/\/news-dev.canadamotorjobs.com\/wp-content\/uploads\/2024\/10\/Guide-embauche-cmj-495x400.jpg 495w, https:\/\/news-dev.canadamotorjobs.com\/wp-content\/uploads\/2024\/10\/Guide-embauche-cmj-845x684.jpg 845w\" sizes=\"(max-width: 495px) 100vw, 495px\" \/><\/span><\/a><div class=\"slide-content\"><header class=\"entry-content-header\" aria-label=\"Slide: L\u2019intelligence artificielle au service d\u2019un recrutement \u00e9quitable et rapide dans l\u2019automobile\"><h3 class='slide-entry-title entry-title '  itemprop=\"headline\" ><a href='https:\/\/news-dev.canadamotorjobs.com\/fr\/lintelligence-artificielle-au-service-dun-recrutement-equitable-et-rapide-dans-lautomobile\/' title='L\u2019intelligence artificielle au service d\u2019un recrutement \u00e9quitable et rapide dans l\u2019automobile'>L\u2019intelligence artificielle au service d\u2019un recrutement \u00e9quitable et rapide dans l\u2019automobile<\/a><\/h3><span class=\"blog-categories minor-meta\"><a href=\"https:\/\/news-dev.canadamotorjobs.com\/fr\/category\/conseils\/\" rel=\"tag\">Conseils<\/a>, <a href=\"https:\/\/news-dev.canadamotorjobs.com\/fr\/category\/conseils-candidats\/\" rel=\"tag\">Conseils candidats<\/a> <\/span><span class=\"av-vertical-delimiter\"><\/span><\/header><div class='slide-entry-excerpt entry-content'  itemprop=\"text\" >Depuis son lancement en 2019, Canada Motor Jobs utilise l\u2019intelligence artificielle (IA) sous diff\u00e9rentes formes pour transformer le recrutement dans l\u2019industrie automobile. Gr\u00e2ce \u00e0 des outils innovants, notre plateforme identifie et met en valeur les comp\u00e9tences, qualifications, formations, et ma\u00eetrises linguistiques des candidats avec une rapidit\u00e9 et une pr\u00e9cision exceptionnelles.<\/div><\/div><footer class=\"entry-footer\"><div class=\"slide-meta\"><time class='slide-meta-time updated'  itemprop=\"datePublished\" datetime=\"2024-11-28T10:17:58-05:00\" >28 novembre 2024<\/time><\/div><\/footer><span class='hidden'>\n\t\t\t\t<span class='av-structured-data'  itemprop=\"image\" itemscope=\"itemscope\" itemtype=\"https:\/\/schema.org\/ImageObject\" >\n\t\t\t\t\t\t<span itemprop='url'>https:\/\/news.canadamotorjobs.com\/wp-content\/uploads\/2021\/06\/logo-canada-motor-jobs-white-1.png<\/span>\n\t\t\t\t\t\t<span itemprop='height'>0<\/span>\n\t\t\t\t\t\t<span itemprop='width'>0<\/span>\n\t\t\t\t<\/span>\n\t\t\t\t<span class='av-structured-data'  itemprop=\"publisher\" itemtype=\"https:\/\/schema.org\/Organization\" itemscope=\"itemscope\" >\n\t\t\t\t\t\t<span itemprop='name'>Canada Motor Jobs<\/span>\n\t\t\t\t\t\t<span itemprop='logo' itemscope itemtype='https:\/\/schema.org\/ImageObject'>\n\t\t\t\t\t\t\t<span itemprop='url'>https:\/\/news.canadamotorjobs.com\/wp-content\/uploads\/2021\/06\/logo-canada-motor-jobs-white-1.png<\/span>\n\t\t\t\t\t\t<\/span>\n\t\t\t\t<\/span><span class='av-structured-data'  itemprop=\"author\" itemscope=\"itemscope\" itemtype=\"https:\/\/schema.org\/Person\" ><span itemprop='name'>Canada Motor Jobs<\/span><\/span><span class='av-structured-data'  itemprop=\"datePublished\" datetime=\"2021-01-15T09:57:11-05:00\" >2024-11-28 10:17:58<\/span><span class='av-structured-data'  itemprop=\"dateModified\" itemtype=\"https:\/\/schema.org\/dateModified\" >2024-11-28 10:18:09<\/span><span class='av-structured-data'  itemprop=\"mainEntityOfPage\" itemtype=\"https:\/\/schema.org\/mainEntityOfPage\" ><span itemprop='name'>L\u2019intelligence artificielle au service d\u2019un recrutement \u00e9quitable et rapide dans l\u2019automobile<\/span><\/span><\/span><\/article><\/div><div class=\"slide-entry-wrap\"><article class='slide-entry flex_column  post-entry post-entry-181365 slide-entry-overview slide-loop-7 slide-parity-odd  av_one_third first real-thumbnail posttype-post post-format-standard'  itemscope=\"itemscope\" itemtype=\"https:\/\/schema.org\/BlogPosting\" itemprop=\"blogPost\" ><a href='https:\/\/news-dev.canadamotorjobs.com\/fr\/ou-sont-les-162-305-travailleurs-de-lindustrie-automobile-au-quebec\/' data-rel='slide-1' class='slide-image' title='O\u00f9 Sont les 162 305 Travailleurs de l\u2019Industrie Automobile au Qu\u00e9bec ?'><img decoding=\"async\" fetchpriority=\"high\" width=\"495\" height=\"400\" src=\"https:\/\/news-dev.canadamotorjobs.com\/wp-content\/uploads\/2024\/11\/Capture-decran-le-2024-11-10-a-11.06.23-495x400.png\" class=\"wp-image-181350 avia-img-lazy-loading-not-181350 attachment-portfolio size-portfolio wp-post-image\" alt=\"\" srcset=\"https:\/\/news-dev.canadamotorjobs.com\/wp-content\/uploads\/2024\/11\/Capture-decran-le-2024-11-10-a-11.06.23-495x400.png 495w, https:\/\/news-dev.canadamotorjobs.com\/wp-content\/uploads\/2024\/11\/Capture-decran-le-2024-11-10-a-11.06.23-845x684.png 845w\" sizes=\"(max-width: 495px) 100vw, 495px\" \/><\/a><div class=\"slide-content\"><header class=\"entry-content-header\" aria-label=\"Slide: O\u00f9 Sont les 162 305 Travailleurs de l\u2019Industrie Automobile au Qu\u00e9bec ?\"><h3 class='slide-entry-title entry-title '  itemprop=\"headline\" ><a href='https:\/\/news-dev.canadamotorjobs.com\/fr\/ou-sont-les-162-305-travailleurs-de-lindustrie-automobile-au-quebec\/' title='O\u00f9 Sont les 162 305 Travailleurs de l\u2019Industrie Automobile au Qu\u00e9bec ?'>O\u00f9 Sont les 162 305 Travailleurs de l\u2019Industrie Automobile au Qu\u00e9bec ?<\/a><\/h3><span class=\"blog-categories minor-meta\"><a href=\"https:\/\/news-dev.canadamotorjobs.com\/fr\/category\/conseils\/\" rel=\"tag\">Conseils<\/a> <\/span><span class=\"av-vertical-delimiter\"><\/span><\/header><div class='slide-entry-excerpt entry-content'  itemprop=\"text\" >L\u2019industrie automobile au Qu\u00e9bec est un secteur cl\u00e9 de l\u2019\u00e9conomie, regroupant 162 305 travailleurs dans plusieurs sous-secteurs essentiels, chacun avec des dynamiques uniques. Gr\u00e2ce aux donn\u00e9es fournies par Innoviste (anciennement CSMO-Auto), nous avons pu identifier des tendances d\u2019emploi par sous-secteur et analyser les hausses et baisses observ\u00e9es.<\/div><\/div><footer class=\"entry-footer\"><div class=\"slide-meta\"><time class='slide-meta-time updated'  itemprop=\"datePublished\" datetime=\"2024-11-10T12:02:42-05:00\" >10 novembre 2024<\/time><\/div><\/footer><span class='hidden'>\n\t\t\t\t<span class='av-structured-data'  itemprop=\"image\" itemscope=\"itemscope\" itemtype=\"https:\/\/schema.org\/ImageObject\" >\n\t\t\t\t\t\t<span itemprop='url'>https:\/\/news-dev.canadamotorjobs.com\/wp-content\/uploads\/2024\/11\/Capture-decran-le-2024-11-10-a-11.06.23.png<\/span>\n\t\t\t\t\t\t<span itemprop='height'>692<\/span>\n\t\t\t\t\t\t<span itemprop='width'>1074<\/span>\n\t\t\t\t<\/span>\n\t\t\t\t<span class='av-structured-data'  itemprop=\"publisher\" itemtype=\"https:\/\/schema.org\/Organization\" itemscope=\"itemscope\" >\n\t\t\t\t\t\t<span itemprop='name'>Louis-Martin Jannard<\/span>\n\t\t\t\t\t\t<span itemprop='logo' itemscope itemtype='https:\/\/schema.org\/ImageObject'>\n\t\t\t\t\t\t\t<span itemprop='url'>https:\/\/news.canadamotorjobs.com\/wp-content\/uploads\/2021\/06\/logo-canada-motor-jobs-white-1.png<\/span>\n\t\t\t\t\t\t<\/span>\n\t\t\t\t<\/span><span class='av-structured-data'  itemprop=\"author\" itemscope=\"itemscope\" itemtype=\"https:\/\/schema.org\/Person\" ><span itemprop='name'>Louis-Martin Jannard<\/span><\/span><span class='av-structured-data'  itemprop=\"datePublished\" datetime=\"2021-01-15T09:57:11-05:00\" >2024-11-10 12:02:42<\/span><span class='av-structured-data'  itemprop=\"dateModified\" itemtype=\"https:\/\/schema.org\/dateModified\" >2024-11-10 12:07:04<\/span><span class='av-structured-data'  itemprop=\"mainEntityOfPage\" itemtype=\"https:\/\/schema.org\/mainEntityOfPage\" ><span itemprop='name'>O\u00f9 Sont les 162 305 Travailleurs de l\u2019Industrie Automobile au Qu\u00e9bec ?<\/span><\/span><\/span><\/article><article class='slide-entry flex_column  post-entry post-entry-180910 slide-entry-overview slide-loop-8 slide-parity-even  av_one_third  real-thumbnail posttype-post post-format-standard'  itemscope=\"itemscope\" itemtype=\"https:\/\/schema.org\/BlogPosting\" itemprop=\"blogPost\" ><a href='https:\/\/news-dev.canadamotorjobs.com\/fr\/recrutement-international-economique-et-sans-risque\/' data-rel='slide-1' class='slide-image' title='Recrutement International : \u00c9conomique et Sans Risque !'><img decoding=\"async\" fetchpriority=\"high\" width=\"397\" height=\"120\" src=\"https:\/\/news-dev.canadamotorjobs.com\/wp-content\/uploads\/2024\/11\/Capture-decran-le-2024-11-06-a-11.25.58.png\" class=\"wp-image-180908 avia-img-lazy-loading-not-180908 attachment-portfolio size-portfolio wp-post-image\" alt=\"\" srcset=\"https:\/\/news-dev.canadamotorjobs.com\/wp-content\/uploads\/2024\/11\/Capture-decran-le-2024-11-06-a-11.25.58.png 397w, https:\/\/news-dev.canadamotorjobs.com\/wp-content\/uploads\/2024\/11\/Capture-decran-le-2024-11-06-a-11.25.58-300x91.png 300w\" sizes=\"(max-width: 397px) 100vw, 397px\" \/><\/a><div class=\"slide-content\"><header class=\"entry-content-header\" aria-label=\"Slide: Recrutement International : \u00c9conomique et Sans Risque !\"><h3 class='slide-entry-title entry-title '  itemprop=\"headline\" ><a href='https:\/\/news-dev.canadamotorjobs.com\/fr\/recrutement-international-economique-et-sans-risque\/' title='Recrutement International : \u00c9conomique et Sans Risque !'>Recrutement International : \u00c9conomique et Sans Risque !<\/a><\/h3><span class=\"blog-categories minor-meta\"><a href=\"https:\/\/news-dev.canadamotorjobs.com\/fr\/category\/conseils\/\" rel=\"tag\">Conseils<\/a>, <a href=\"https:\/\/news-dev.canadamotorjobs.com\/fr\/category\/nouvelles\/\" rel=\"tag\">Nouvelles<\/a> <\/span><span class=\"av-vertical-delimiter\"><\/span><\/header><div class='slide-entry-excerpt entry-content'  itemprop=\"text\" >En p\u00e9riode de p\u00e9nurie de main-d\u2019\u0153uvre, envisagez-vous le recrutement international pour votre entreprise ? Malgr\u00e9 les nouvelles restrictions impos\u00e9es par Ottawa et Qu\u00e9bec sur l\u2019embauche de travailleurs \u00e9trangers temporaires \u00e0 bas salaire (moins de 27,47 $\/heure ou 57 000 $ par an), nous avons de bonnes nouvelles pour vous !<\/div><\/div><footer class=\"entry-footer\"><div class=\"slide-meta\"><time class='slide-meta-time updated'  itemprop=\"datePublished\" datetime=\"2024-11-06T11:50:45-05:00\" >6 novembre 2024<\/time><\/div><\/footer><span class='hidden'>\n\t\t\t\t<span class='av-structured-data'  itemprop=\"image\" itemscope=\"itemscope\" itemtype=\"https:\/\/schema.org\/ImageObject\" >\n\t\t\t\t\t\t<span itemprop='url'>https:\/\/news-dev.canadamotorjobs.com\/wp-content\/uploads\/2024\/11\/Capture-decran-le-2024-11-06-a-11.25.58.png<\/span>\n\t\t\t\t\t\t<span itemprop='height'>120<\/span>\n\t\t\t\t\t\t<span itemprop='width'>397<\/span>\n\t\t\t\t<\/span>\n\t\t\t\t<span class='av-structured-data'  itemprop=\"publisher\" itemtype=\"https:\/\/schema.org\/Organization\" itemscope=\"itemscope\" >\n\t\t\t\t\t\t<span itemprop='name'>Louis-Martin Jannard<\/span>\n\t\t\t\t\t\t<span itemprop='logo' itemscope itemtype='https:\/\/schema.org\/ImageObject'>\n\t\t\t\t\t\t\t<span itemprop='url'>https:\/\/news.canadamotorjobs.com\/wp-content\/uploads\/2021\/06\/logo-canada-motor-jobs-white-1.png<\/span>\n\t\t\t\t\t\t<\/span>\n\t\t\t\t<\/span><span class='av-structured-data'  itemprop=\"author\" itemscope=\"itemscope\" itemtype=\"https:\/\/schema.org\/Person\" ><span itemprop='name'>Louis-Martin Jannard<\/span><\/span><span class='av-structured-data'  itemprop=\"datePublished\" datetime=\"2021-01-15T09:57:11-05:00\" >2024-11-06 11:50:45<\/span><span class='av-structured-data'  itemprop=\"dateModified\" itemtype=\"https:\/\/schema.org\/dateModified\" >2024-11-21 09:00:43<\/span><span class='av-structured-data'  itemprop=\"mainEntityOfPage\" itemtype=\"https:\/\/schema.org\/mainEntityOfPage\" ><span itemprop='name'>Recrutement International : \u00c9conomique et Sans Risque !<\/span><\/span><\/span><\/article><article class='slide-entry flex_column  post-entry post-entry-179440 slide-entry-overview slide-loop-9 slide-parity-odd  post-entry-last  av_one_third  real-thumbnail posttype-post post-format-standard'  itemscope=\"itemscope\" itemtype=\"https:\/\/schema.org\/BlogPosting\" itemprop=\"blogPost\" ><a href='https:\/\/news-dev.canadamotorjobs.com\/fr\/guide-pour-embaucher-un-mecanicien-technicien-dans-lindustrie-automobile\/' data-rel='slide-1' class='slide-image' title='Guide pour embaucher un m\u00e9canicien \/ technicien dans l\u2019industrie automobile'><img decoding=\"async\" fetchpriority=\"high\" width=\"495\" height=\"400\" src=\"https:\/\/news-dev.canadamotorjobs.com\/wp-content\/uploads\/2024\/10\/Guide-embauche-cmj-495x400.jpg\" class=\"wp-image-179535 avia-img-lazy-loading-not-179535 attachment-portfolio size-portfolio wp-post-image\" alt=\"\" srcset=\"https:\/\/news-dev.canadamotorjobs.com\/wp-content\/uploads\/2024\/10\/Guide-embauche-cmj-495x400.jpg 495w, https:\/\/news-dev.canadamotorjobs.com\/wp-content\/uploads\/2024\/10\/Guide-embauche-cmj-845x684.jpg 845w\" sizes=\"(max-width: 495px) 100vw, 495px\" \/><\/a><div class=\"slide-content\"><header class=\"entry-content-header\" aria-label=\"Slide: Guide pour embaucher un m\u00e9canicien \/ technicien dans l\u2019industrie automobile\"><h3 class='slide-entry-title entry-title '  itemprop=\"headline\" ><a href='https:\/\/news-dev.canadamotorjobs.com\/fr\/guide-pour-embaucher-un-mecanicien-technicien-dans-lindustrie-automobile\/' title='Guide pour embaucher un m\u00e9canicien \/ technicien dans l\u2019industrie automobile'>Guide pour embaucher un m\u00e9canicien \/ technicien dans l\u2019industrie automobile<\/a><\/h3><span class=\"blog-categories minor-meta\"><a href=\"https:\/\/news-dev.canadamotorjobs.com\/fr\/category\/conseils\/\" rel=\"tag\">Conseils<\/a> <\/span><span class=\"av-vertical-delimiter\"><\/span><\/header><div class='slide-entry-excerpt entry-content'  itemprop=\"text\" >Note : Le terme \"m\u00e9canicien \/ technicien\" inclut \u00e9galement les m\u00e9caniciennes \/ techniciennes.\n\nVous d\u00e9sirez r\u00e9ussir le recrutement d'un m\u00e9canicien \/ technicien ? Suivez ces 3 \u00e9tapes :\n\n1. Comprendre le m\u00e9canicien \/ technicien automobile\n\nAvant de r\u00e9diger votre offre d'emploi, prenez le temps de bien cerner la personnalit\u00e9 des m\u00e9caniciens et techniciens automobiles. Ces professionnels r\u00e9fl\u00e9chissent longuement avant de prendre une d\u00e9cision, surtout lorsqu'il s'agit de changer d'emploi. Changer d'atelier repr\u00e9sente, pour eux, un changement de \u00ab famille \u00bb, car les relations de travail dans un atelier sont tr\u00e8s soud\u00e9es : on partage les outils, les repas, et m\u00eame des activit\u00e9s en dehors du travail.<\/div><\/div><footer class=\"entry-footer\"><div class=\"slide-meta\"><time class='slide-meta-time updated'  itemprop=\"datePublished\" datetime=\"2024-10-29T09:18:58-04:00\" >29 octobre 2024<\/time><\/div><\/footer><span class='hidden'>\n\t\t\t\t<span class='av-structured-data'  itemprop=\"image\" itemscope=\"itemscope\" itemtype=\"https:\/\/schema.org\/ImageObject\" >\n\t\t\t\t\t\t<span itemprop='url'>https:\/\/news-dev.canadamotorjobs.com\/wp-content\/uploads\/2024\/10\/Guide-embauche-cmj.jpg<\/span>\n\t\t\t\t\t\t<span itemprop='height'>1024<\/span>\n\t\t\t\t\t\t<span itemprop='width'>1024<\/span>\n\t\t\t\t<\/span>\n\t\t\t\t<span class='av-structured-data'  itemprop=\"publisher\" itemtype=\"https:\/\/schema.org\/Organization\" itemscope=\"itemscope\" >\n\t\t\t\t\t\t<span itemprop='name'>Louis-Martin Jannard<\/span>\n\t\t\t\t\t\t<span itemprop='logo' itemscope itemtype='https:\/\/schema.org\/ImageObject'>\n\t\t\t\t\t\t\t<span itemprop='url'>https:\/\/news.canadamotorjobs.com\/wp-content\/uploads\/2021\/06\/logo-canada-motor-jobs-white-1.png<\/span>\n\t\t\t\t\t\t<\/span>\n\t\t\t\t<\/span><span class='av-structured-data'  itemprop=\"author\" itemscope=\"itemscope\" itemtype=\"https:\/\/schema.org\/Person\" ><span itemprop='name'>Louis-Martin Jannard<\/span><\/span><span class='av-structured-data'  itemprop=\"datePublished\" datetime=\"2021-01-15T09:57:11-05:00\" >2024-10-29 09:18:58<\/span><span class='av-structured-data'  itemprop=\"dateModified\" itemtype=\"https:\/\/schema.org\/dateModified\" >2024-10-29 09:55:25<\/span><span class='av-structured-data'  itemprop=\"mainEntityOfPage\" itemtype=\"https:\/\/schema.org\/mainEntityOfPage\" ><span itemprop='name'>Guide pour embaucher un m\u00e9canicien \/ technicien dans l\u2019industrie automobile<\/span><\/span><\/span><\/article><\/div><\/div><div class='avia-slideshow-arrows avia-slideshow-controls' ><a href='#prev' class='prev-slide  avia-svg-icon avia-font-svg_entypo-fontello' data-av_svg_icon='left-open-big' data-av_iconset='svg_entypo-fontello' tabindex='-1' title=\"Previous\"><svg version=\"1.1\" xmlns=\"http:\/\/www.w3.org\/2000\/svg\" width=\"15\" height=\"32\" viewBox=\"0 0 15 32\" preserveAspectRatio=\"xMidYMid meet\" aria-labelledby='av-svg-title-12' aria-describedby='av-svg-desc-12' role=\"graphics-symbol\" aria-hidden=\"true\">\n<title id='av-svg-title-12'>Previous<\/title>\n<desc id='av-svg-desc-12'>Previous<\/desc>\n<path d=\"M14.464 27.84q0.832 0.832 0 1.536-0.832 0.832-1.536 0l-12.544-12.608q-0.768-0.768 0-1.6l12.544-12.608q0.704-0.832 1.536 0 0.832 0.704 0 1.536l-11.456 11.904z\"><\/path>\n<\/svg><span class='avia_hidden_link_text'>Previous<\/span><\/a><a href='#next' class='next-slide  avia-svg-icon avia-font-svg_entypo-fontello' data-av_svg_icon='right-open-big' data-av_iconset='svg_entypo-fontello' tabindex='-1' title=\"Next\"><svg version=\"1.1\" xmlns=\"http:\/\/www.w3.org\/2000\/svg\" width=\"15\" height=\"32\" viewBox=\"0 0 15 32\" preserveAspectRatio=\"xMidYMid meet\" aria-labelledby='av-svg-title-13' aria-describedby='av-svg-desc-13' role=\"graphics-symbol\" aria-hidden=\"true\">\n<title id='av-svg-title-13'>Next<\/title>\n<desc id='av-svg-desc-13'>Next<\/desc>\n<path d=\"M0.416 27.84l11.456-11.84-11.456-11.904q-0.832-0.832 0-1.536 0.832-0.832 1.536 0l12.544 12.608q0.768 0.832 0 1.6l-12.544 12.608q-0.704 0.832-1.536 0-0.832-0.704 0-1.536z\"><\/path>\n<\/svg><span class='avia_hidden_link_text'>Next<\/span><\/a><\/div><\/div><br \/>\n<div  data-slideshow-options=\"{&quot;animation&quot;:&quot;fade&quot;,&quot;autoplay&quot;:false,&quot;loop_autoplay&quot;:&quot;once&quot;,&quot;interval&quot;:&quot;5&quot;,&quot;loop_manual&quot;:&quot;manual-endless&quot;,&quot;autoplay_stopper&quot;:false,&quot;noNavigation&quot;:false,&quot;show_slide_delay&quot;:90}\" class='avia-content-slider avia-content-slider-active avia-content-slider2 avia-content-slider-odd  avia-builder-el-7  el_after_av_postslider  avia-builder-el-last  av-slideshow-ui av-control-default   av-no-slider-navigation av-slideshow-manual av-loop-once av-loop-manual-endless '  itemscope=\"itemscope\" itemtype=\"https:\/\/schema.org\/Blog\" ><div class=\"avia-content-slider-inner\"><div class=\"slide-entry-wrap\"><article class='slide-entry flex_column  post-entry post-entry-248512 slide-entry-overview slide-loop-1 slide-parity-odd  av_one_third first real-thumbnail posttype-post post-format-standard'  itemscope=\"itemscope\" itemtype=\"https:\/\/schema.org\/BlogPosting\" itemprop=\"blogPost\" ><a href='https:\/\/news-dev.canadamotorjobs.com\/fr\/ottawa-prolonge-la-suspension-de-la-taxe-daccise-sur-lessence\/' data-rel='slide-2' class='slide-image' title='Ottawa prolonge la suspension de la taxe d\u2019accise sur l\u2019essence'><img decoding=\"async\" fetchpriority=\"high\" width=\"495\" height=\"400\" src=\"https:\/\/news-dev.canadamotorjobs.com\/wp-content\/uploads\/2026\/04\/station-service-chute-des-prix-a-la-pompe-prix-a-la-pompe-essence-132914846129445962-3-495x400.jpeg\" class=\"wp-image-240043 avia-img-lazy-loading-not-240043 attachment-portfolio size-portfolio wp-post-image\" alt=\"\" srcset=\"https:\/\/news-dev.canadamotorjobs.com\/wp-content\/uploads\/2026\/04\/station-service-chute-des-prix-a-la-pompe-prix-a-la-pompe-essence-132914846129445962-3-495x400.jpeg 495w, https:\/\/news-dev.canadamotorjobs.com\/wp-content\/uploads\/2026\/04\/station-service-chute-des-prix-a-la-pompe-prix-a-la-pompe-essence-132914846129445962-3-845x684.jpeg 845w\" sizes=\"(max-width: 495px) 100vw, 495px\" \/><\/a><div class=\"slide-content\"><header class=\"entry-content-header\" aria-label=\"Slide: Ottawa prolonge la suspension de la taxe d\u2019accise sur l\u2019essence\"><h3 class='slide-entry-title entry-title '  itemprop=\"headline\" ><a href='https:\/\/news-dev.canadamotorjobs.com\/fr\/ottawa-prolonge-la-suspension-de-la-taxe-daccise-sur-lessence\/' title='Ottawa prolonge la suspension de la taxe d\u2019accise sur l\u2019essence'>Ottawa prolonge la suspension de la taxe d\u2019accise sur l\u2019essence<\/a><\/h3><span class=\"blog-categories minor-meta\"><a href=\"https:\/\/news-dev.canadamotorjobs.com\/fr\/category\/annuel-automobile\/\" rel=\"tag\">Annuel automobile<\/a> <\/span><span class=\"av-vertical-delimiter\"><\/span><\/header><div class='slide-entry-excerpt entry-content'  itemprop=\"text\" >Les automobilistes canadiens peuvent souffler un peu. La hausse de 10 cents le litre qui devait s\u2019ajouter au prix de l\u2019essence \u00e0 compter du 8 septembre n\u2019aura finalement pas lieu. Le ministre des Finances, Fran\u00e7ois-Philippe Champagne,\u2026<\/div><\/div><footer class=\"entry-footer\"><div class=\"slide-meta\"><time class='slide-meta-time updated'  itemprop=\"datePublished\" datetime=\"2026-09-03T07:43:11-04:00\" >3 septembre 2026<\/time><\/div><\/footer><span class='hidden'>\n\t\t\t\t<span class='av-structured-data'  itemprop=\"image\" itemscope=\"itemscope\" itemtype=\"https:\/\/schema.org\/ImageObject\" >\n\t\t\t\t\t\t<span itemprop='url'>https:\/\/news-dev.canadamotorjobs.com\/wp-content\/uploads\/2026\/04\/station-service-chute-des-prix-a-la-pompe-prix-a-la-pompe-essence-132914846129445962-3.jpeg<\/span>\n\t\t\t\t\t\t<span itemprop='height'>899<\/span>\n\t\t\t\t\t\t<span itemprop='width'>1600<\/span>\n\t\t\t\t<\/span>\n\t\t\t\t<span class='av-structured-data'  itemprop=\"publisher\" itemtype=\"https:\/\/schema.org\/Organization\" itemscope=\"itemscope\" >\n\t\t\t\t\t\t<span itemprop='name'>Benoit Charette<\/span>\n\t\t\t\t\t\t<span itemprop='logo' itemscope itemtype='https:\/\/schema.org\/ImageObject'>\n\t\t\t\t\t\t\t<span itemprop='url'>https:\/\/news.canadamotorjobs.com\/wp-content\/uploads\/2021\/06\/logo-canada-motor-jobs-white-1.png<\/span>\n\t\t\t\t\t\t<\/span>\n\t\t\t\t<\/span><span class='av-structured-data'  itemprop=\"author\" itemscope=\"itemscope\" itemtype=\"https:\/\/schema.org\/Person\" ><span itemprop='name'>Benoit Charette<\/span><\/span><span class='av-structured-data'  itemprop=\"datePublished\" datetime=\"2021-01-15T09:57:11-05:00\" >2026-09-03 07:43:11<\/span><span class='av-structured-data'  itemprop=\"dateModified\" itemtype=\"https:\/\/schema.org\/dateModified\" >2026-09-03 10:37:10<\/span><span class='av-structured-data'  itemprop=\"mainEntityOfPage\" itemtype=\"https:\/\/schema.org\/mainEntityOfPage\" ><span itemprop='name'>Ottawa prolonge la suspension de la taxe d\u2019accise sur l\u2019essence<\/span><\/span><\/span><\/article><article class='slide-entry flex_column  post-entry post-entry-248520 slide-entry-overview slide-loop-2 slide-parity-even  av_one_third  real-thumbnail posttype-post post-format-standard'  itemscope=\"itemscope\" itemtype=\"https:\/\/schema.org\/BlogPosting\" itemprop=\"blogPost\" ><a href='https:\/\/news-dev.canadamotorjobs.com\/fr\/quels-sont-les-ve-qui-vieillissent-le-mieux\/' data-rel='slide-2' class='slide-image' title='Quels sont les V\u00c9 qui vieillissent le mieux.'><img decoding=\"async\" fetchpriority=\"high\" width=\"495\" height=\"400\" src=\"https:\/\/news-dev.canadamotorjobs.com\/wp-content\/uploads\/2026\/09\/hyundai-ioniq-5-n-2025-hyundai-trois-rivieres-16-scaled-1-495x400.jpg\" class=\"wp-image-248523 avia-img-lazy-loading-not-248523 attachment-portfolio size-portfolio wp-post-image\" alt=\"\" srcset=\"https:\/\/news-dev.canadamotorjobs.com\/wp-content\/uploads\/2026\/09\/hyundai-ioniq-5-n-2025-hyundai-trois-rivieres-16-scaled-1-495x400.jpg 495w, https:\/\/news-dev.canadamotorjobs.com\/wp-content\/uploads\/2026\/09\/hyundai-ioniq-5-n-2025-hyundai-trois-rivieres-16-scaled-1-845x684.jpg 845w\" sizes=\"(max-width: 495px) 100vw, 495px\" \/><\/a><div class=\"slide-content\"><header class=\"entry-content-header\" aria-label=\"Slide: Quels sont les V\u00c9 qui vieillissent le mieux.\"><h3 class='slide-entry-title entry-title '  itemprop=\"headline\" ><a href='https:\/\/news-dev.canadamotorjobs.com\/fr\/quels-sont-les-ve-qui-vieillissent-le-mieux\/' title='Quels sont les V\u00c9 qui vieillissent le mieux.'>Quels sont les V\u00c9 qui vieillissent le mieux.<\/a><\/h3><span class=\"blog-categories minor-meta\"><a href=\"https:\/\/news-dev.canadamotorjobs.com\/fr\/category\/annuel-automobile\/\" rel=\"tag\">Annuel automobile<\/a> <\/span><span class=\"av-vertical-delimiter\"><\/span><\/header><div class='slide-entry-excerpt entry-content'  itemprop=\"text\" >L\u2019achat d\u2019un v\u00e9hicule \u00e9lectrique usag\u00e9 soul\u00e8ve encore une grande question : dans quel \u00e9tat sera la batterie apr\u00e8s plusieurs ann\u00e9es et des dizaines de milliers de kilom\u00e8tres? Une vaste \u00e9tude r\u00e9alis\u00e9e aux \u00c9tats-Unis par Aviloo,\u2026<\/div><\/div><footer class=\"entry-footer\"><div class=\"slide-meta\"><time class='slide-meta-time updated'  itemprop=\"datePublished\" datetime=\"2026-09-03T07:21:25-04:00\" >3 septembre 2026<\/time><\/div><\/footer><span class='hidden'>\n\t\t\t\t<span class='av-structured-data'  itemprop=\"image\" itemscope=\"itemscope\" itemtype=\"https:\/\/schema.org\/ImageObject\" >\n\t\t\t\t\t\t<span itemprop='url'>https:\/\/news-dev.canadamotorjobs.com\/wp-content\/uploads\/2026\/09\/hyundai-ioniq-5-n-2025-hyundai-trois-rivieres-16-scaled-1.jpg<\/span>\n\t\t\t\t\t\t<span itemprop='height'>1366<\/span>\n\t\t\t\t\t\t<span itemprop='width'>2048<\/span>\n\t\t\t\t<\/span>\n\t\t\t\t<span class='av-structured-data'  itemprop=\"publisher\" itemtype=\"https:\/\/schema.org\/Organization\" itemscope=\"itemscope\" >\n\t\t\t\t\t\t<span itemprop='name'>Benoit Charette<\/span>\n\t\t\t\t\t\t<span itemprop='logo' itemscope itemtype='https:\/\/schema.org\/ImageObject'>\n\t\t\t\t\t\t\t<span itemprop='url'>https:\/\/news.canadamotorjobs.com\/wp-content\/uploads\/2021\/06\/logo-canada-motor-jobs-white-1.png<\/span>\n\t\t\t\t\t\t<\/span>\n\t\t\t\t<\/span><span class='av-structured-data'  itemprop=\"author\" itemscope=\"itemscope\" itemtype=\"https:\/\/schema.org\/Person\" ><span itemprop='name'>Benoit Charette<\/span><\/span><span class='av-structured-data'  itemprop=\"datePublished\" datetime=\"2021-01-15T09:57:11-05:00\" >2026-09-03 07:21:25<\/span><span class='av-structured-data'  itemprop=\"dateModified\" itemtype=\"https:\/\/schema.org\/dateModified\" >2026-09-03 10:37:20<\/span><span class='av-structured-data'  itemprop=\"mainEntityOfPage\" itemtype=\"https:\/\/schema.org\/mainEntityOfPage\" ><span itemprop='name'>Quels sont les V\u00c9 qui vieillissent le mieux.<\/span><\/span><\/span><\/article><article class='slide-entry flex_column  post-entry post-entry-248537 slide-entry-overview slide-loop-3 slide-parity-odd  av_one_third  real-thumbnail posttype-post post-format-standard'  itemscope=\"itemscope\" itemtype=\"https:\/\/schema.org\/BlogPosting\" itemprop=\"blogPost\" ><a href='https:\/\/news-dev.canadamotorjobs.com\/fr\/visite-du-musee-mini-a-oxford-a-loccasion-du-25e-anniversaire-du-modele-contemporain\/' data-rel='slide-2' class='slide-image' title='Visite du mus\u00e9e Mini \u00e0 Oxford \u00e0 l\u2019occasion du 25e anniversaire du mod\u00e8le contemporain'><img decoding=\"async\" fetchpriority=\"high\" width=\"495\" height=\"400\" src=\"https:\/\/news-dev.canadamotorjobs.com\/wp-content\/uploads\/2026\/09\/IMG_7438-2-495x400.jpg\" class=\"wp-image-248541 avia-img-lazy-loading-not-248541 attachment-portfolio size-portfolio wp-post-image\" alt=\"\" srcset=\"https:\/\/news-dev.canadamotorjobs.com\/wp-content\/uploads\/2026\/09\/IMG_7438-2-495x400.jpg 495w, https:\/\/news-dev.canadamotorjobs.com\/wp-content\/uploads\/2026\/09\/IMG_7438-2-845x684.jpg 845w\" sizes=\"(max-width: 495px) 100vw, 495px\" \/><\/a><div class=\"slide-content\"><header class=\"entry-content-header\" aria-label=\"Slide: Visite du mus\u00e9e Mini \u00e0 Oxford \u00e0 l\u2019occasion du 25e anniversaire du mod\u00e8le contemporain\"><h3 class='slide-entry-title entry-title '  itemprop=\"headline\" ><a href='https:\/\/news-dev.canadamotorjobs.com\/fr\/visite-du-musee-mini-a-oxford-a-loccasion-du-25e-anniversaire-du-modele-contemporain\/' title='Visite du mus\u00e9e Mini \u00e0 Oxford \u00e0 l\u2019occasion du 25e anniversaire du mod\u00e8le contemporain'>Visite du mus\u00e9e Mini \u00e0 Oxford \u00e0 l\u2019occasion du 25e anniversaire du mod\u00e8le contemporain<\/a><\/h3><span class=\"blog-categories minor-meta\"><a href=\"https:\/\/news-dev.canadamotorjobs.com\/fr\/category\/annuel-automobile\/\" rel=\"tag\">Annuel automobile<\/a> <\/span><span class=\"av-vertical-delimiter\"><\/span><\/header><div class='slide-entry-excerpt entry-content'  itemprop=\"text\" >Arriv\u00e9e sur le march\u00e9 canadien en 2002, la Mini Cooper contemporaine et produite sous l\u2019\u00e8re de BMW c\u00e9l\u00e8bre pourtant cette ann\u00e9e son 25e anniversaire. La raison est fort simple, c\u2019est que son lancement commercial a eu lieu en 2001 sur\u2026<\/div><\/div><footer class=\"entry-footer\"><div class=\"slide-meta\"><time class='slide-meta-time updated'  itemprop=\"datePublished\" datetime=\"2026-09-03T06:48:23-04:00\" >3 septembre 2026<\/time><\/div><\/footer><span class='hidden'>\n\t\t\t\t<span class='av-structured-data'  itemprop=\"image\" itemscope=\"itemscope\" itemtype=\"https:\/\/schema.org\/ImageObject\" >\n\t\t\t\t\t\t<span itemprop='url'>https:\/\/news-dev.canadamotorjobs.com\/wp-content\/uploads\/2026\/09\/IMG_7438-2.jpg<\/span>\n\t\t\t\t\t\t<span itemprop='height'>800<\/span>\n\t\t\t\t\t\t<span itemprop='width'>1422<\/span>\n\t\t\t\t<\/span>\n\t\t\t\t<span class='av-structured-data'  itemprop=\"publisher\" itemtype=\"https:\/\/schema.org\/Organization\" itemscope=\"itemscope\" >\n\t\t\t\t\t\t<span itemprop='name'>Benoit Charette<\/span>\n\t\t\t\t\t\t<span itemprop='logo' itemscope itemtype='https:\/\/schema.org\/ImageObject'>\n\t\t\t\t\t\t\t<span itemprop='url'>https:\/\/news.canadamotorjobs.com\/wp-content\/uploads\/2021\/06\/logo-canada-motor-jobs-white-1.png<\/span>\n\t\t\t\t\t\t<\/span>\n\t\t\t\t<\/span><span class='av-structured-data'  itemprop=\"author\" itemscope=\"itemscope\" itemtype=\"https:\/\/schema.org\/Person\" ><span itemprop='name'>Benoit Charette<\/span><\/span><span class='av-structured-data'  itemprop=\"datePublished\" datetime=\"2021-01-15T09:57:11-05:00\" >2026-09-03 06:48:23<\/span><span class='av-structured-data'  itemprop=\"dateModified\" itemtype=\"https:\/\/schema.org\/dateModified\" >2026-09-03 10:37:26<\/span><span class='av-structured-data'  itemprop=\"mainEntityOfPage\" itemtype=\"https:\/\/schema.org\/mainEntityOfPage\" ><span itemprop='name'>Visite du mus\u00e9e Mini \u00e0 Oxford \u00e0 l\u2019occasion du 25e anniversaire du mod\u00e8le contemporain<\/span><\/span><\/span><\/article><\/div><div class=\"slide-entry-wrap\"><article class='slide-entry flex_column  post-entry post-entry-248550 slide-entry-overview slide-loop-4 slide-parity-odd  av_one_third first real-thumbnail posttype-post post-format-standard'  itemscope=\"itemscope\" itemtype=\"https:\/\/schema.org\/BlogPosting\" itemprop=\"blogPost\" ><a href='https:\/\/news-dev.canadamotorjobs.com\/fr\/lexus-redessine-le-nx-2027\/' data-rel='slide-2' class='slide-image' title='Lexus redessine le NX 2027'><img decoding=\"async\" fetchpriority=\"high\" width=\"495\" height=\"400\" src=\"https:\/\/news-dev.canadamotorjobs.com\/wp-content\/uploads\/2026\/09\/2027_Lexus_NX350h_AWD_001-495x400.jpg\" class=\"wp-image-248553 avia-img-lazy-loading-not-248553 attachment-portfolio size-portfolio wp-post-image\" alt=\"\" srcset=\"https:\/\/news-dev.canadamotorjobs.com\/wp-content\/uploads\/2026\/09\/2027_Lexus_NX350h_AWD_001-495x400.jpg 495w, https:\/\/news-dev.canadamotorjobs.com\/wp-content\/uploads\/2026\/09\/2027_Lexus_NX350h_AWD_001-845x684.jpg 845w\" sizes=\"(max-width: 495px) 100vw, 495px\" \/><\/a><div class=\"slide-content\"><header class=\"entry-content-header\" aria-label=\"Slide: Lexus redessine le NX 2027\"><h3 class='slide-entry-title entry-title '  itemprop=\"headline\" ><a href='https:\/\/news-dev.canadamotorjobs.com\/fr\/lexus-redessine-le-nx-2027\/' title='Lexus redessine le NX 2027'>Lexus redessine le NX 2027<\/a><\/h3><span class=\"blog-categories minor-meta\"><a href=\"https:\/\/news-dev.canadamotorjobs.com\/fr\/category\/annuel-automobile\/\" rel=\"tag\">Annuel automobile<\/a> <\/span><span class=\"av-vertical-delimiter\"><\/span><\/header><div class='slide-entry-excerpt entry-content'  itemprop=\"text\" >Lexus poursuit son virage vers l\u2019\u00e9lectrification avec une refonte importante de son populaire VUS compact. Le Lexus NX 2027 abandonne d\u00e9sormais compl\u00e8tement la motorisation exclusivement \u00e0 essence et sera offert uniquement en version hybride\u2026<\/div><\/div><footer class=\"entry-footer\"><div class=\"slide-meta\"><time class='slide-meta-time updated'  itemprop=\"datePublished\" datetime=\"2026-09-02T07:57:02-04:00\" >2 septembre 2026<\/time><\/div><\/footer><span class='hidden'>\n\t\t\t\t<span class='av-structured-data'  itemprop=\"image\" itemscope=\"itemscope\" itemtype=\"https:\/\/schema.org\/ImageObject\" >\n\t\t\t\t\t\t<span itemprop='url'>https:\/\/news-dev.canadamotorjobs.com\/wp-content\/uploads\/2026\/09\/2027_Lexus_NX350h_AWD_001.jpg<\/span>\n\t\t\t\t\t\t<span itemprop='height'>792<\/span>\n\t\t\t\t\t\t<span itemprop='width'>1200<\/span>\n\t\t\t\t<\/span>\n\t\t\t\t<span class='av-structured-data'  itemprop=\"publisher\" itemtype=\"https:\/\/schema.org\/Organization\" itemscope=\"itemscope\" >\n\t\t\t\t\t\t<span itemprop='name'>Benoit Charette<\/span>\n\t\t\t\t\t\t<span itemprop='logo' itemscope itemtype='https:\/\/schema.org\/ImageObject'>\n\t\t\t\t\t\t\t<span itemprop='url'>https:\/\/news.canadamotorjobs.com\/wp-content\/uploads\/2021\/06\/logo-canada-motor-jobs-white-1.png<\/span>\n\t\t\t\t\t\t<\/span>\n\t\t\t\t<\/span><span class='av-structured-data'  itemprop=\"author\" itemscope=\"itemscope\" itemtype=\"https:\/\/schema.org\/Person\" ><span itemprop='name'>Benoit Charette<\/span><\/span><span class='av-structured-data'  itemprop=\"datePublished\" datetime=\"2021-01-15T09:57:11-05:00\" >2026-09-02 07:57:02<\/span><span class='av-structured-data'  itemprop=\"dateModified\" itemtype=\"https:\/\/schema.org\/dateModified\" >2026-09-03 10:37:32<\/span><span class='av-structured-data'  itemprop=\"mainEntityOfPage\" itemtype=\"https:\/\/schema.org\/mainEntityOfPage\" ><span itemprop='name'>Lexus redessine le NX 2027<\/span><\/span><\/span><\/article><article class='slide-entry flex_column  post-entry post-entry-248564 slide-entry-overview slide-loop-5 slide-parity-even  av_one_third  real-thumbnail posttype-post post-format-standard'  itemscope=\"itemscope\" itemtype=\"https:\/\/schema.org\/BlogPosting\" itemprop=\"blogPost\" ><a href='https:\/\/news-dev.canadamotorjobs.com\/fr\/le-range-rover-ev-2027-promet-531-km-dautonomie\/' data-rel='slide-2' class='slide-image' title='Le Range Rover EV 2027 promet 531 km d\u2019autonomie'><img decoding=\"async\" fetchpriority=\"high\" width=\"495\" height=\"400\" src=\"https:\/\/news-dev.canadamotorjobs.com\/wp-content\/uploads\/2026\/09\/RANGE-ROVER-ELECTRIC-495x400.jpg\" class=\"wp-image-248567 avia-img-lazy-loading-not-248567 attachment-portfolio size-portfolio wp-post-image\" alt=\"\" srcset=\"https:\/\/news-dev.canadamotorjobs.com\/wp-content\/uploads\/2026\/09\/RANGE-ROVER-ELECTRIC-495x400.jpg 495w, https:\/\/news-dev.canadamotorjobs.com\/wp-content\/uploads\/2026\/09\/RANGE-ROVER-ELECTRIC-845x684.jpg 845w\" sizes=\"(max-width: 495px) 100vw, 495px\" \/><\/a><div class=\"slide-content\"><header class=\"entry-content-header\" aria-label=\"Slide: Le Range Rover EV 2027 promet 531 km d\u2019autonomie\"><h3 class='slide-entry-title entry-title '  itemprop=\"headline\" ><a href='https:\/\/news-dev.canadamotorjobs.com\/fr\/le-range-rover-ev-2027-promet-531-km-dautonomie\/' title='Le Range Rover EV 2027 promet 531 km d\u2019autonomie'>Le Range Rover EV 2027 promet 531 km d\u2019autonomie<\/a><\/h3><span class=\"blog-categories minor-meta\"><a href=\"https:\/\/news-dev.canadamotorjobs.com\/fr\/category\/annuel-automobile\/\" rel=\"tag\">Annuel automobile<\/a> <\/span><span class=\"av-vertical-delimiter\"><\/span><\/header><div class='slide-entry-excerpt entry-content'  itemprop=\"text\" >Le premier Range Rover enti\u00e8rement \u00e9lectrique arrivera sur le march\u00e9 avec une mission assez simple sur papier, mais beaucoup plus complexe dans la r\u00e9alit\u00e9 : \u00eatre, avant toute chose, un Range Rover. C\u2019est d\u2019ailleurs le message que Land\u2026<\/div><\/div><footer class=\"entry-footer\"><div class=\"slide-meta\"><time class='slide-meta-time updated'  itemprop=\"datePublished\" datetime=\"2026-09-02T07:42:04-04:00\" >2 septembre 2026<\/time><\/div><\/footer><span class='hidden'>\n\t\t\t\t<span class='av-structured-data'  itemprop=\"image\" itemscope=\"itemscope\" itemtype=\"https:\/\/schema.org\/ImageObject\" >\n\t\t\t\t\t\t<span itemprop='url'>https:\/\/news-dev.canadamotorjobs.com\/wp-content\/uploads\/2026\/09\/RANGE-ROVER-ELECTRIC.jpg<\/span>\n\t\t\t\t\t\t<span itemprop='height'>800<\/span>\n\t\t\t\t\t\t<span itemprop='width'>1200<\/span>\n\t\t\t\t<\/span>\n\t\t\t\t<span class='av-structured-data'  itemprop=\"publisher\" itemtype=\"https:\/\/schema.org\/Organization\" itemscope=\"itemscope\" >\n\t\t\t\t\t\t<span itemprop='name'>Benoit Charette<\/span>\n\t\t\t\t\t\t<span itemprop='logo' itemscope itemtype='https:\/\/schema.org\/ImageObject'>\n\t\t\t\t\t\t\t<span itemprop='url'>https:\/\/news.canadamotorjobs.com\/wp-content\/uploads\/2021\/06\/logo-canada-motor-jobs-white-1.png<\/span>\n\t\t\t\t\t\t<\/span>\n\t\t\t\t<\/span><span class='av-structured-data'  itemprop=\"author\" itemscope=\"itemscope\" itemtype=\"https:\/\/schema.org\/Person\" ><span itemprop='name'>Benoit Charette<\/span><\/span><span class='av-structured-data'  itemprop=\"datePublished\" datetime=\"2021-01-15T09:57:11-05:00\" >2026-09-02 07:42:04<\/span><span class='av-structured-data'  itemprop=\"dateModified\" itemtype=\"https:\/\/schema.org\/dateModified\" >2026-09-03 10:37:38<\/span><span class='av-structured-data'  itemprop=\"mainEntityOfPage\" itemtype=\"https:\/\/schema.org\/mainEntityOfPage\" ><span itemprop='name'>Le Range Rover EV 2027 promet 531 km d\u2019autonomie<\/span><\/span><\/span><\/article><article class='slide-entry flex_column  post-entry post-entry-248578 slide-entry-overview slide-loop-6 slide-parity-odd  av_one_third  real-thumbnail posttype-post post-format-standard'  itemscope=\"itemscope\" itemtype=\"https:\/\/schema.org\/BlogPosting\" itemprop=\"blogPost\" ><a href='https:\/\/news-dev.canadamotorjobs.com\/fr\/kia-jour-la-carte-de-la-performance-avec-lev4-gt-2027\/' data-rel='slide-2' class='slide-image' title='Kia jour la carte de la performance avec l\u2019EV4 GT 2027'><img decoding=\"async\" fetchpriority=\"high\" width=\"495\" height=\"400\" src=\"https:\/\/news-dev.canadamotorjobs.com\/wp-content\/uploads\/2026\/09\/Kia_EV4_GT_2027_1-495x400.jpg\" class=\"wp-image-248581 avia-img-lazy-loading-not-248581 attachment-portfolio size-portfolio wp-post-image\" alt=\"\" srcset=\"https:\/\/news-dev.canadamotorjobs.com\/wp-content\/uploads\/2026\/09\/Kia_EV4_GT_2027_1-495x400.jpg 495w, https:\/\/news-dev.canadamotorjobs.com\/wp-content\/uploads\/2026\/09\/Kia_EV4_GT_2027_1-845x683.jpg 845w\" sizes=\"(max-width: 495px) 100vw, 495px\" \/><\/a><div class=\"slide-content\"><header class=\"entry-content-header\" aria-label=\"Slide: Kia jour la carte de la performance avec l\u2019EV4 GT 2027\"><h3 class='slide-entry-title entry-title '  itemprop=\"headline\" ><a href='https:\/\/news-dev.canadamotorjobs.com\/fr\/kia-jour-la-carte-de-la-performance-avec-lev4-gt-2027\/' title='Kia jour la carte de la performance avec l\u2019EV4 GT 2027'>Kia jour la carte de la performance avec l\u2019EV4 GT 2027<\/a><\/h3><span class=\"blog-categories minor-meta\"><a href=\"https:\/\/news-dev.canadamotorjobs.com\/fr\/category\/annuel-automobile\/\" rel=\"tag\">Annuel automobile<\/a> <\/span><span class=\"av-vertical-delimiter\"><\/span><\/header><div class='slide-entry-excerpt entry-content'  itemprop=\"text\" >Pour 2027, Kia joue la carte de la performance avec l\u2019EV4, sa berline compacte \u00e9lectrique. La gamme de ce mod\u00e8le introduit plus t\u00f4t cette ann\u00e9e se voit \u00e9toff\u00e9e d\u2019une nouvelle version appel\u00e9e EV4\u00a0GT, nous apprend Kia Canada dans un\u2026<\/div><\/div><footer class=\"entry-footer\"><div class=\"slide-meta\"><time class='slide-meta-time updated'  itemprop=\"datePublished\" datetime=\"2026-09-01T17:48:55-04:00\" >1 septembre 2026<\/time><\/div><\/footer><span class='hidden'>\n\t\t\t\t<span class='av-structured-data'  itemprop=\"image\" itemscope=\"itemscope\" itemtype=\"https:\/\/schema.org\/ImageObject\" >\n\t\t\t\t\t\t<span itemprop='url'>https:\/\/news-dev.canadamotorjobs.com\/wp-content\/uploads\/2026\/09\/Kia_EV4_GT_2027_1.jpg<\/span>\n\t\t\t\t\t\t<span itemprop='height'>683<\/span>\n\t\t\t\t\t\t<span itemprop='width'>1024<\/span>\n\t\t\t\t<\/span>\n\t\t\t\t<span class='av-structured-data'  itemprop=\"publisher\" itemtype=\"https:\/\/schema.org\/Organization\" itemscope=\"itemscope\" >\n\t\t\t\t\t\t<span itemprop='name'>Benoit Charette<\/span>\n\t\t\t\t\t\t<span itemprop='logo' itemscope itemtype='https:\/\/schema.org\/ImageObject'>\n\t\t\t\t\t\t\t<span itemprop='url'>https:\/\/news.canadamotorjobs.com\/wp-content\/uploads\/2021\/06\/logo-canada-motor-jobs-white-1.png<\/span>\n\t\t\t\t\t\t<\/span>\n\t\t\t\t<\/span><span class='av-structured-data'  itemprop=\"author\" itemscope=\"itemscope\" itemtype=\"https:\/\/schema.org\/Person\" ><span itemprop='name'>Benoit Charette<\/span><\/span><span class='av-structured-data'  itemprop=\"datePublished\" datetime=\"2021-01-15T09:57:11-05:00\" >2026-09-01 17:48:55<\/span><span class='av-structured-data'  itemprop=\"dateModified\" itemtype=\"https:\/\/schema.org\/dateModified\" >2026-09-03 10:37:43<\/span><span class='av-structured-data'  itemprop=\"mainEntityOfPage\" itemtype=\"https:\/\/schema.org\/mainEntityOfPage\" ><span itemprop='name'>Kia jour la carte de la performance avec l\u2019EV4 GT 2027<\/span><\/span><\/span><\/article><\/div><div class=\"slide-entry-wrap\"><article class='slide-entry flex_column  post-entry post-entry-248585 slide-entry-overview slide-loop-7 slide-parity-odd  av_one_third first real-thumbnail posttype-post post-format-standard'  itemscope=\"itemscope\" itemtype=\"https:\/\/schema.org\/BlogPosting\" itemprop=\"blogPost\" ><a href='https:\/\/news-dev.canadamotorjobs.com\/fr\/le-canada-ouvre-la-porte-a-24-500-autres-vehicules-electriques-fabriques-en-chine\/' data-rel='slide-2' class='slide-image' title='Le Canada ouvre la porte \u00e0 24 500 autres v\u00e9hicules \u00e9lectriques fabriqu\u00e9s en Chine'><img decoding=\"async\" fetchpriority=\"high\" width=\"495\" height=\"400\" src=\"https:\/\/news-dev.canadamotorjobs.com\/wp-content\/uploads\/2026\/05\/BYD-Qin-L-2024-1-3-495x400.jpg\" class=\"wp-image-240911 avia-img-lazy-loading-not-240911 attachment-portfolio size-portfolio wp-post-image\" alt=\"\" srcset=\"https:\/\/news-dev.canadamotorjobs.com\/wp-content\/uploads\/2026\/05\/BYD-Qin-L-2024-1-3-495x400.jpg 495w, https:\/\/news-dev.canadamotorjobs.com\/wp-content\/uploads\/2026\/05\/BYD-Qin-L-2024-1-3-845x683.jpg 845w\" sizes=\"(max-width: 495px) 100vw, 495px\" \/><\/a><div class=\"slide-content\"><header class=\"entry-content-header\" aria-label=\"Slide: Le Canada ouvre la porte \u00e0 24 500 autres v\u00e9hicules \u00e9lectriques fabriqu\u00e9s en Chine\"><h3 class='slide-entry-title entry-title '  itemprop=\"headline\" ><a href='https:\/\/news-dev.canadamotorjobs.com\/fr\/le-canada-ouvre-la-porte-a-24-500-autres-vehicules-electriques-fabriques-en-chine\/' title='Le Canada ouvre la porte \u00e0 24 500 autres v\u00e9hicules \u00e9lectriques fabriqu\u00e9s en Chine'>Le Canada ouvre la porte \u00e0 24 500 autres v\u00e9hicules \u00e9lectriques fabriqu\u00e9s en Chine<\/a><\/h3><span class=\"blog-categories minor-meta\"><a href=\"https:\/\/news-dev.canadamotorjobs.com\/fr\/category\/annuel-automobile\/\" rel=\"tag\">Annuel automobile<\/a> <\/span><span class=\"av-vertical-delimiter\"><\/span><\/header><div class='slide-entry-excerpt entry-content'  itemprop=\"text\" >Le Canada a officiellement ouvert, le 1er septembre, un nouveau contingent permettant l\u2019importation de 24 500 v\u00e9hicules \u00e9lectrifi\u00e9s fabriqu\u00e9s en Chine. Cette nouvelle tranche de permis intervient alors que la politique commerciale conclue\u2026<\/div><\/div><footer class=\"entry-footer\"><div class=\"slide-meta\"><time class='slide-meta-time updated'  itemprop=\"datePublished\" datetime=\"2026-09-01T09:03:15-04:00\" >1 septembre 2026<\/time><\/div><\/footer><span class='hidden'>\n\t\t\t\t<span class='av-structured-data'  itemprop=\"image\" itemscope=\"itemscope\" itemtype=\"https:\/\/schema.org\/ImageObject\" >\n\t\t\t\t\t\t<span itemprop='url'>https:\/\/news-dev.canadamotorjobs.com\/wp-content\/uploads\/2026\/05\/BYD-Qin-L-2024-1-3.jpg<\/span>\n\t\t\t\t\t\t<span itemprop='height'>683<\/span>\n\t\t\t\t\t\t<span itemprop='width'>1024<\/span>\n\t\t\t\t<\/span>\n\t\t\t\t<span class='av-structured-data'  itemprop=\"publisher\" itemtype=\"https:\/\/schema.org\/Organization\" itemscope=\"itemscope\" >\n\t\t\t\t\t\t<span itemprop='name'>Benoit Charette<\/span>\n\t\t\t\t\t\t<span itemprop='logo' itemscope itemtype='https:\/\/schema.org\/ImageObject'>\n\t\t\t\t\t\t\t<span itemprop='url'>https:\/\/news.canadamotorjobs.com\/wp-content\/uploads\/2021\/06\/logo-canada-motor-jobs-white-1.png<\/span>\n\t\t\t\t\t\t<\/span>\n\t\t\t\t<\/span><span class='av-structured-data'  itemprop=\"author\" itemscope=\"itemscope\" itemtype=\"https:\/\/schema.org\/Person\" ><span itemprop='name'>Benoit Charette<\/span><\/span><span class='av-structured-data'  itemprop=\"datePublished\" datetime=\"2021-01-15T09:57:11-05:00\" >2026-09-01 09:03:15<\/span><span class='av-structured-data'  itemprop=\"dateModified\" itemtype=\"https:\/\/schema.org\/dateModified\" >2026-09-03 10:37:50<\/span><span class='av-structured-data'  itemprop=\"mainEntityOfPage\" itemtype=\"https:\/\/schema.org\/mainEntityOfPage\" ><span itemprop='name'>Le Canada ouvre la porte \u00e0 24 500 autres v\u00e9hicules \u00e9lectriques fabriqu\u00e9s en Chine<\/span><\/span><\/span><\/article><article class='slide-entry flex_column  post-entry post-entry-248590 slide-entry-overview slide-loop-8 slide-parity-even  av_one_third  real-thumbnail posttype-post post-format-standard'  itemscope=\"itemscope\" itemtype=\"https:\/\/schema.org\/BlogPosting\" itemprop=\"blogPost\" ><a href='https:\/\/news-dev.canadamotorjobs.com\/fr\/ford-rappelle-148-663-mustang-en-raison-dun-probleme-electrique\/' data-rel='slide-2' class='slide-image' title='Ford rappelle 148 663 Mustang en raison d\u2019un probl\u00e8me \u00e9lectrique'><img decoding=\"async\" fetchpriority=\"high\" width=\"495\" height=\"400\" src=\"https:\/\/news-dev.canadamotorjobs.com\/wp-content\/uploads\/2026\/09\/unnamed-495x400.png\" class=\"wp-image-248592 avia-img-lazy-loading-not-248592 attachment-portfolio size-portfolio wp-post-image\" alt=\"\" srcset=\"https:\/\/news-dev.canadamotorjobs.com\/wp-content\/uploads\/2026\/09\/unnamed-495x400.png 495w, https:\/\/news-dev.canadamotorjobs.com\/wp-content\/uploads\/2026\/09\/unnamed-845x684.png 845w\" sizes=\"(max-width: 495px) 100vw, 495px\" \/><\/a><div class=\"slide-content\"><header class=\"entry-content-header\" aria-label=\"Slide: Ford rappelle 148 663 Mustang en raison d\u2019un probl\u00e8me \u00e9lectrique\"><h3 class='slide-entry-title entry-title '  itemprop=\"headline\" ><a href='https:\/\/news-dev.canadamotorjobs.com\/fr\/ford-rappelle-148-663-mustang-en-raison-dun-probleme-electrique\/' title='Ford rappelle 148 663 Mustang en raison d\u2019un probl\u00e8me \u00e9lectrique'>Ford rappelle 148 663 Mustang en raison d\u2019un probl\u00e8me \u00e9lectrique<\/a><\/h3><span class=\"blog-categories minor-meta\"><a href=\"https:\/\/news-dev.canadamotorjobs.com\/fr\/category\/annuel-automobile\/\" rel=\"tag\">Annuel automobile<\/a> <\/span><span class=\"av-vertical-delimiter\"><\/span><\/header><div class='slide-entry-excerpt entry-content'  itemprop=\"text\" >Ford proc\u00e8de au rappel de 148 663 Mustang des ann\u00e9es-mod\u00e8les 2024 \u00e0 2026 en raison d\u2019un probl\u00e8me potentiel touchant le faisceau \u00e9lectrique situ\u00e9 dans le compartiment moteur. Le d\u00e9faut pourrait, dans certaines circonstances, provoquer\u2026<\/div><\/div><footer class=\"entry-footer\"><div class=\"slide-meta\"><time class='slide-meta-time updated'  itemprop=\"datePublished\" datetime=\"2026-09-01T08:14:23-04:00\" >1 septembre 2026<\/time><\/div><\/footer><span class='hidden'>\n\t\t\t\t<span class='av-structured-data'  itemprop=\"image\" itemscope=\"itemscope\" itemtype=\"https:\/\/schema.org\/ImageObject\" >\n\t\t\t\t\t\t<span itemprop='url'>https:\/\/news-dev.canadamotorjobs.com\/wp-content\/uploads\/2026\/09\/unnamed.png<\/span>\n\t\t\t\t\t\t<span itemprop='height'>961<\/span>\n\t\t\t\t\t\t<span itemprop='width'>1440<\/span>\n\t\t\t\t<\/span>\n\t\t\t\t<span class='av-structured-data'  itemprop=\"publisher\" itemtype=\"https:\/\/schema.org\/Organization\" itemscope=\"itemscope\" >\n\t\t\t\t\t\t<span itemprop='name'>Benoit Charette<\/span>\n\t\t\t\t\t\t<span itemprop='logo' itemscope itemtype='https:\/\/schema.org\/ImageObject'>\n\t\t\t\t\t\t\t<span itemprop='url'>https:\/\/news.canadamotorjobs.com\/wp-content\/uploads\/2021\/06\/logo-canada-motor-jobs-white-1.png<\/span>\n\t\t\t\t\t\t<\/span>\n\t\t\t\t<\/span><span class='av-structured-data'  itemprop=\"author\" itemscope=\"itemscope\" itemtype=\"https:\/\/schema.org\/Person\" ><span itemprop='name'>Benoit Charette<\/span><\/span><span class='av-structured-data'  itemprop=\"datePublished\" datetime=\"2021-01-15T09:57:11-05:00\" >2026-09-01 08:14:23<\/span><span class='av-structured-data'  itemprop=\"dateModified\" itemtype=\"https:\/\/schema.org\/dateModified\" >2026-09-03 10:38:09<\/span><span class='av-structured-data'  itemprop=\"mainEntityOfPage\" itemtype=\"https:\/\/schema.org\/mainEntityOfPage\" ><span itemprop='name'>Ford rappelle 148 663 Mustang en raison d\u2019un probl\u00e8me \u00e9lectrique<\/span><\/span><\/span><\/article><article class='slide-entry flex_column  post-entry post-entry-248597 slide-entry-overview slide-loop-9 slide-parity-odd  post-entry-last  av_one_third  real-thumbnail posttype-post post-format-standard'  itemscope=\"itemscope\" itemtype=\"https:\/\/schema.org\/BlogPosting\" itemprop=\"blogPost\" ><a href='https:\/\/news-dev.canadamotorjobs.com\/fr\/la-civic-si-va-revenir-avec-trois-pedales\/' data-rel='slide-2' class='slide-image' title='La Civic Si va revenir avec trois p\u00e9dales'><img decoding=\"async\" fetchpriority=\"high\" width=\"495\" height=\"400\" src=\"https:\/\/news-dev.canadamotorjobs.com\/wp-content\/uploads\/2026\/09\/preview-928x522-1-495x400.jpg\" class=\"wp-image-248599 avia-img-lazy-loading-not-248599 attachment-portfolio size-portfolio wp-post-image\" alt=\"\" \/><\/a><div class=\"slide-content\"><header class=\"entry-content-header\" aria-label=\"Slide: La Civic Si va revenir avec trois p\u00e9dales\"><h3 class='slide-entry-title entry-title '  itemprop=\"headline\" ><a href='https:\/\/news-dev.canadamotorjobs.com\/fr\/la-civic-si-va-revenir-avec-trois-pedales\/' title='La Civic Si va revenir avec trois p\u00e9dales'>La Civic Si va revenir avec trois p\u00e9dales<\/a><\/h3><span class=\"blog-categories minor-meta\"><a href=\"https:\/\/news-dev.canadamotorjobs.com\/fr\/category\/annuel-automobile\/\" rel=\"tag\">Annuel automobile<\/a> <\/span><span class=\"av-vertical-delimiter\"><\/span><\/header><div class='slide-entry-excerpt entry-content'  itemprop=\"text\" >Dans un march\u00e9 o\u00f9 la transmission manuelle est devenue une esp\u00e8ce presque aussi rare que le conducteur qui sait encore faire un d\u00e9marrage en c\u00f4te sans consulter YouTube, la question \u00e9tait l\u00e9gitime : Honda allait-elle tranquillement abandonner\u2026<\/div><\/div><footer class=\"entry-footer\"><div class=\"slide-meta\"><time class='slide-meta-time updated'  itemprop=\"datePublished\" datetime=\"2026-09-01T07:43:43-04:00\" >1 septembre 2026<\/time><\/div><\/footer><span class='hidden'>\n\t\t\t\t<span class='av-structured-data'  itemprop=\"image\" itemscope=\"itemscope\" itemtype=\"https:\/\/schema.org\/ImageObject\" >\n\t\t\t\t\t\t<span itemprop='url'>https:\/\/news-dev.canadamotorjobs.com\/wp-content\/uploads\/2026\/09\/preview-928x522-1.jpg<\/span>\n\t\t\t\t\t\t<span itemprop='height'>595<\/span>\n\t\t\t\t\t\t<span itemprop='width'>927<\/span>\n\t\t\t\t<\/span>\n\t\t\t\t<span class='av-structured-data'  itemprop=\"publisher\" itemtype=\"https:\/\/schema.org\/Organization\" itemscope=\"itemscope\" >\n\t\t\t\t\t\t<span itemprop='name'>Benoit Charette<\/span>\n\t\t\t\t\t\t<span itemprop='logo' itemscope itemtype='https:\/\/schema.org\/ImageObject'>\n\t\t\t\t\t\t\t<span itemprop='url'>https:\/\/news.canadamotorjobs.com\/wp-content\/uploads\/2021\/06\/logo-canada-motor-jobs-white-1.png<\/span>\n\t\t\t\t\t\t<\/span>\n\t\t\t\t<\/span><span class='av-structured-data'  itemprop=\"author\" itemscope=\"itemscope\" itemtype=\"https:\/\/schema.org\/Person\" ><span itemprop='name'>Benoit Charette<\/span><\/span><span class='av-structured-data'  itemprop=\"datePublished\" datetime=\"2021-01-15T09:57:11-05:00\" >2026-09-01 07:43:43<\/span><span class='av-structured-data'  itemprop=\"dateModified\" itemtype=\"https:\/\/schema.org\/dateModified\" >2026-09-03 10:38:14<\/span><span class='av-structured-data'  itemprop=\"mainEntityOfPage\" itemtype=\"https:\/\/schema.org\/mainEntityOfPage\" ><span itemprop='name'>La Civic Si va revenir avec trois p\u00e9dales<\/span><\/span><\/span><\/article><\/div><\/div><div class='avia-slideshow-arrows avia-slideshow-controls' ><a href='#prev' class='prev-slide  avia-svg-icon avia-font-svg_entypo-fontello' data-av_svg_icon='left-open-big' data-av_iconset='svg_entypo-fontello' tabindex='-1' title=\"Previous\"><svg version=\"1.1\" xmlns=\"http:\/\/www.w3.org\/2000\/svg\" width=\"15\" height=\"32\" viewBox=\"0 0 15 32\" preserveAspectRatio=\"xMidYMid meet\" aria-labelledby='av-svg-title-23' aria-describedby='av-svg-desc-23' role=\"graphics-symbol\" aria-hidden=\"true\">\n<title id='av-svg-title-23'>Previous<\/title>\n<desc id='av-svg-desc-23'>Previous<\/desc>\n<path d=\"M14.464 27.84q0.832 0.832 0 1.536-0.832 0.832-1.536 0l-12.544-12.608q-0.768-0.768 0-1.6l12.544-12.608q0.704-0.832 1.536 0 0.832 0.704 0 1.536l-11.456 11.904z\"><\/path>\n<\/svg><span class='avia_hidden_link_text'>Previous<\/span><\/a><a href='#next' class='next-slide  avia-svg-icon avia-font-svg_entypo-fontello' data-av_svg_icon='right-open-big' data-av_iconset='svg_entypo-fontello' tabindex='-1' title=\"Next\"><svg version=\"1.1\" xmlns=\"http:\/\/www.w3.org\/2000\/svg\" width=\"15\" height=\"32\" viewBox=\"0 0 15 32\" preserveAspectRatio=\"xMidYMid meet\" aria-labelledby='av-svg-title-24' aria-describedby='av-svg-desc-24' role=\"graphics-symbol\" aria-hidden=\"true\">\n<title id='av-svg-title-24'>Next<\/title>\n<desc id='av-svg-desc-24'>Next<\/desc>\n<path d=\"M0.416 27.84l11.456-11.84-11.456-11.904q-0.832-0.832 0-1.536 0.832-0.832 1.536 0l12.544 12.608q0.768 0.832 0 1.6l-12.544 12.608q-0.704 0.832-1.536 0-0.832-0.704 0-1.536z\"><\/path>\n<\/svg><span class='avia_hidden_link_text'>Next<\/span><\/a><\/div><\/div><\/p><\/div>\n","protected":false},"excerpt":{"rendered":"","protected":false},"author":1,"featured_media":9804,"comment_status":"closed","ping_status":"closed","sticky":false,"template":"","format":"standard","meta":{"_monsterinsights_skip_tracking":false,"footnotes":""},"categories":[17],"tags":[],"class_list":["post-14429","post","type-post","status-publish","format-standard","has-post-thumbnail","hentry","category-conseils-candidats"],"yoast_head":"<!-- This site is optimized with the Yoast SEO plugin v28.4 - https:\/\/yoast.com\/product\/yoast-seo-wordpress\/ -->\n<title>Quoi faire en attendant la reprise? - CanadaMotorJobs.com<\/title>\n<meta name=\"description\" content=\"Quoi faire en attendant la reprise? - CanadaMotorJobs.com - Profitez de cette p\u00e9riode pour agrandir rapidement votre r\u00e9seau!\" \/>\n<meta name=\"robots\" content=\"index, follow, max-snippet:-1, max-image-preview:large, max-video-preview:-1\" \/>\n<link rel=\"canonical\" href=\"https:\/\/news-dev.canadamotorjobs.com\/fr\/quoi-faire-en-attendant-la-reprise\/\" \/>\n<meta property=\"og:locale\" content=\"fr_CA\" \/>\n<meta property=\"og:type\" content=\"article\" \/>\n<meta property=\"og:title\" content=\"Quoi faire en attendant la reprise? - CanadaMotorJobs.com\" \/>\n<meta property=\"og:description\" content=\"Quoi faire en attendant la reprise? - CanadaMotorJobs.com - Profitez de cette p\u00e9riode pour agrandir rapidement votre r\u00e9seau!\" \/>\n<meta property=\"og:url\" content=\"https:\/\/news-dev.canadamotorjobs.com\/fr\/quoi-faire-en-attendant-la-reprise\/\" \/>\n<meta property=\"og:site_name\" content=\"CanadaMotorJobs.com\" \/>\n<meta property=\"article:publisher\" content=\"https:\/\/www.facebook.com\/canadamotorjobs\/\" \/>\n<meta property=\"article:published_time\" content=\"2021-01-15T14:57:11+00:00\" \/>\n<meta property=\"article:modified_time\" content=\"2021-11-18T16:47:19+00:00\" \/>\n<meta property=\"og:image\" content=\"https:\/\/news-dev.canadamotorjobs.com\/wp-content\/uploads\/2020\/08\/fb-reseau-120000-professionnels.png\" \/>\n\t<meta property=\"og:image:width\" content=\"1200\" \/>\n\t<meta property=\"og:image:height\" content=\"628\" \/>\n\t<meta property=\"og:image:type\" content=\"image\/png\" \/>\n<meta name=\"author\" content=\"Canada Motor Jobs\" \/>\n<meta name=\"twitter:card\" content=\"summary_large_image\" \/>\n<meta name=\"twitter:creator\" content=\"@canadamotorjobs\" \/>\n<meta name=\"twitter:site\" content=\"@canadamotorjobs\" \/>\n<meta name=\"twitter:label1\" content=\"\u00c9crit par\" \/>\n\t<meta name=\"twitter:data1\" content=\"Canada Motor Jobs\" \/>\n\t<meta name=\"twitter:label2\" content=\"Estimation du temps de lecture\" \/>\n\t<meta name=\"twitter:data2\" content=\"2 minutes\" \/>\n<!-- \/ Yoast SEO plugin. -->","yoast_head_json":{"title":"Quoi faire en attendant la reprise? - CanadaMotorJobs.com","description":"Quoi faire en attendant la reprise? - CanadaMotorJobs.com - Profitez de cette p\u00e9riode pour agrandir rapidement votre r\u00e9seau!","robots":{"index":"index","follow":"follow","max-snippet":"max-snippet:-1","max-image-preview":"max-image-preview:large","max-video-preview":"max-video-preview:-1"},"canonical":"https:\/\/news-dev.canadamotorjobs.com\/fr\/quoi-faire-en-attendant-la-reprise\/","og_locale":"fr_CA","og_type":"article","og_title":"Quoi faire en attendant la reprise? - CanadaMotorJobs.com","og_description":"Quoi faire en attendant la reprise? - CanadaMotorJobs.com - Profitez de cette p\u00e9riode pour agrandir rapidement votre r\u00e9seau!","og_url":"https:\/\/news-dev.canadamotorjobs.com\/fr\/quoi-faire-en-attendant-la-reprise\/","og_site_name":"CanadaMotorJobs.com","article_publisher":"https:\/\/www.facebook.com\/canadamotorjobs\/","article_published_time":"2021-01-15T14:57:11+00:00","article_modified_time":"2021-11-18T16:47:19+00:00","og_image":[{"width":1200,"height":628,"url":"https:\/\/news-dev.canadamotorjobs.com\/wp-content\/uploads\/2020\/08\/fb-reseau-120000-professionnels.png","type":"image\/png"}],"author":"Canada Motor Jobs","twitter_card":"summary_large_image","twitter_creator":"@canadamotorjobs","twitter_site":"@canadamotorjobs","twitter_misc":{"\u00c9crit par":"Canada Motor Jobs","Estimation du temps de lecture":"2 minutes"},"schema":{"@context":"https:\/\/schema.org","@graph":[{"@type":"Article","@id":"https:\/\/news-dev.canadamotorjobs.com\/fr\/quoi-faire-en-attendant-la-reprise\/#article","isPartOf":{"@id":"https:\/\/news-dev.canadamotorjobs.com\/fr\/quoi-faire-en-attendant-la-reprise\/"},"author":{"name":"Canada Motor Jobs","@id":"https:\/\/news-dev.canadamotorjobs.com\/fr\/#\/schema\/person\/ba6fd903fd6113b44f405ae8a1a65526"},"headline":"Quoi faire en attendant la reprise?","datePublished":"2021-01-15T14:57:11+00:00","dateModified":"2021-11-18T16:47:19+00:00","mainEntityOfPage":{"@id":"https:\/\/news-dev.canadamotorjobs.com\/fr\/quoi-faire-en-attendant-la-reprise\/"},"wordCount":495,"publisher":{"@id":"https:\/\/news-dev.canadamotorjobs.com\/fr\/#organization"},"image":{"@id":"https:\/\/news-dev.canadamotorjobs.com\/fr\/quoi-faire-en-attendant-la-reprise\/#primaryimage"},"thumbnailUrl":"https:\/\/news-dev.canadamotorjobs.com\/wp-content\/uploads\/2020\/08\/fb-reseau-120000-professionnels.png","articleSection":["Conseils candidats"],"inLanguage":"fr-CA"},{"@type":"WebPage","@id":"https:\/\/news-dev.canadamotorjobs.com\/fr\/quoi-faire-en-attendant-la-reprise\/","url":"https:\/\/news-dev.canadamotorjobs.com\/fr\/quoi-faire-en-attendant-la-reprise\/","name":"Quoi faire en attendant la reprise? - CanadaMotorJobs.com","isPartOf":{"@id":"https:\/\/news-dev.canadamotorjobs.com\/fr\/#website"},"primaryImageOfPage":{"@id":"https:\/\/news-dev.canadamotorjobs.com\/fr\/quoi-faire-en-attendant-la-reprise\/#primaryimage"},"image":{"@id":"https:\/\/news-dev.canadamotorjobs.com\/fr\/quoi-faire-en-attendant-la-reprise\/#primaryimage"},"thumbnailUrl":"https:\/\/news-dev.canadamotorjobs.com\/wp-content\/uploads\/2020\/08\/fb-reseau-120000-professionnels.png","datePublished":"2021-01-15T14:57:11+00:00","dateModified":"2021-11-18T16:47:19+00:00","description":"Quoi faire en attendant la reprise? - CanadaMotorJobs.com - Profitez de cette p\u00e9riode pour agrandir rapidement votre r\u00e9seau!","breadcrumb":{"@id":"https:\/\/news-dev.canadamotorjobs.com\/fr\/quoi-faire-en-attendant-la-reprise\/#breadcrumb"},"inLanguage":"fr-CA","potentialAction":[{"@type":"ReadAction","target":["https:\/\/news-dev.canadamotorjobs.com\/fr\/quoi-faire-en-attendant-la-reprise\/"]}]},{"@type":"ImageObject","inLanguage":"fr-CA","@id":"https:\/\/news-dev.canadamotorjobs.com\/fr\/quoi-faire-en-attendant-la-reprise\/#primaryimage","url":"https:\/\/news-dev.canadamotorjobs.com\/wp-content\/uploads\/2020\/08\/fb-reseau-120000-professionnels.png","contentUrl":"https:\/\/news-dev.canadamotorjobs.com\/wp-content\/uploads\/2020\/08\/fb-reseau-120000-professionnels.png","width":1200,"height":628},{"@type":"BreadcrumbList","@id":"https:\/\/news-dev.canadamotorjobs.com\/fr\/quoi-faire-en-attendant-la-reprise\/#breadcrumb","itemListElement":[{"@type":"ListItem","position":1,"name":"Home","item":"https:\/\/news-dev.canadamotorjobs.com\/fr\/"},{"@type":"ListItem","position":2,"name":"Quoi faire en attendant la reprise?"}]},{"@type":"WebSite","@id":"https:\/\/news-dev.canadamotorjobs.com\/fr\/#website","url":"https:\/\/news-dev.canadamotorjobs.com\/fr\/","name":"CanadaMotorJobs.com","description":"Automotive Jobs","publisher":{"@id":"https:\/\/news-dev.canadamotorjobs.com\/fr\/#organization"},"potentialAction":[{"@type":"SearchAction","target":{"@type":"EntryPoint","urlTemplate":"https:\/\/news-dev.canadamotorjobs.com\/fr\/?s={search_term_string}"},"query-input":{"@type":"PropertyValueSpecification","valueRequired":true,"valueName":"search_term_string"}}],"inLanguage":"fr-CA"},{"@type":"Organization","@id":"https:\/\/news-dev.canadamotorjobs.com\/fr\/#organization","name":"Canada Motor Jobs","url":"https:\/\/news-dev.canadamotorjobs.com\/fr\/","logo":{"@type":"ImageObject","inLanguage":"fr-CA","@id":"https:\/\/news-dev.canadamotorjobs.com\/fr\/#\/schema\/logo\/image\/","url":"https:\/\/news.canadamotorjobs.com\/wp-content\/uploads\/2022\/10\/logo-canada-motor-jobs-1.png","contentUrl":"https:\/\/news.canadamotorjobs.com\/wp-content\/uploads\/2022\/10\/logo-canada-motor-jobs-1.png","width":800,"height":400,"caption":"Canada Motor Jobs"},"image":{"@id":"https:\/\/news-dev.canadamotorjobs.com\/fr\/#\/schema\/logo\/image\/"},"sameAs":["https:\/\/www.facebook.com\/canadamotorjobs\/","https:\/\/x.com\/canadamotorjobs","https:\/\/www.instagram.com\/canadamotorjobs\/","https:\/\/www.linkedin.com\/company\/canadamotorjobs"]},{"@type":"Person","@id":"https:\/\/news-dev.canadamotorjobs.com\/fr\/#\/schema\/person\/ba6fd903fd6113b44f405ae8a1a65526","name":"Canada Motor Jobs","image":{"@type":"ImageObject","inLanguage":"fr-CA","@id":"https:\/\/secure.gravatar.com\/avatar\/23ee898a3c29479810c2caa667a40cc4b564038122dc4c8fa84bdc96d972d233?s=96&d=mm&r=g","url":"https:\/\/secure.gravatar.com\/avatar\/23ee898a3c29479810c2caa667a40cc4b564038122dc4c8fa84bdc96d972d233?s=96&d=mm&r=g","contentUrl":"https:\/\/secure.gravatar.com\/avatar\/23ee898a3c29479810c2caa667a40cc4b564038122dc4c8fa84bdc96d972d233?s=96&d=mm&r=g","caption":"Canada Motor Jobs"},"url":"https:\/\/news-dev.canadamotorjobs.com\/fr\/author\/casaweb\/"}]}},"_links":{"self":[{"href":"https:\/\/news-dev.canadamotorjobs.com\/fr\/wp-json\/wp\/v2\/posts\/14429","targetHints":{"allow":["GET"]}}],"collection":[{"href":"https:\/\/news-dev.canadamotorjobs.com\/fr\/wp-json\/wp\/v2\/posts"}],"about":[{"href":"https:\/\/news-dev.canadamotorjobs.com\/fr\/wp-json\/wp\/v2\/types\/post"}],"author":[{"embeddable":true,"href":"https:\/\/news-dev.canadamotorjobs.com\/fr\/wp-json\/wp\/v2\/users\/1"}],"replies":[{"embeddable":true,"href":"https:\/\/news-dev.canadamotorjobs.com\/fr\/wp-json\/wp\/v2\/comments?post=14429"}],"version-history":[{"count":0,"href":"https:\/\/news-dev.canadamotorjobs.com\/fr\/wp-json\/wp\/v2\/posts\/14429\/revisions"}],"wp:featuredmedia":[{"embeddable":true,"href":"https:\/\/news-dev.canadamotorjobs.com\/fr\/wp-json\/wp\/v2\/media\/9804"}],"wp:attachment":[{"href":"https:\/\/news-dev.canadamotorjobs.com\/fr\/wp-json\/wp\/v2\/media?parent=14429"}],"wp:term":[{"taxonomy":"category","embeddable":true,"href":"https:\/\/news-dev.canadamotorjobs.com\/fr\/wp-json\/wp\/v2\/categories?post=14429"},{"taxonomy":"post_tag","embeddable":true,"href":"https:\/\/news-dev.canadamotorjobs.com\/fr\/wp-json\/wp\/v2\/tags?post=14429"}],"curies":[{"name":"wp","href":"https:\/\/api.w.org\/{rel}","templated":true}]}}