{"id":18003,"date":"2021-03-21T12:18:17","date_gmt":"2021-03-21T16:18:17","guid":{"rendered":"https:\/\/blog.canadamotorjobs.com\/?p=18003"},"modified":"2021-03-26T14:24:14","modified_gmt":"2021-03-26T18:24:14","slug":"canada-motor-jobs-lance-une-application-mobile","status":"publish","type":"post","link":"https:\/\/news-dev.canadamotorjobs.com\/fr\/canada-motor-jobs-lance-une-application-mobile\/","title":{"rendered":"Canada Motor Jobs lance une application mobile"},"content":{"rendered":"\n<style type=\"text\/css\" data-created_by=\"avia_inline_auto\" id=\"style-css-av-6kf6sx-b170cd50f9d6bc5f68ef4b2d45a1c6f5\">\n.flex_column.av-6kf6sx-b170cd50f9d6bc5f68ef4b2d45a1c6f5{\nborder-radius:0px 0px 0px 0px;\npadding:0px 0px 0px 0px;\n}\n<\/style>\n<div  class='flex_column av-6kf6sx-b170cd50f9d6bc5f68ef4b2d45a1c6f5 av_one_full  avia-builder-el-0  el_before_av_hr  avia-builder-el-first  first flex_column_div av-animated-generic bottom-to-top av-zero-column-padding  '     ><style type=\"text\/css\" data-created_by=\"avia_inline_auto\" id=\"style-css-av-kmjofkgz-43c5ddc84f401a2a836945656180f9dd\">\n#top .av-special-heading.av-kmjofkgz-43c5ddc84f401a2a836945656180f9dd{\npadding-bottom:10px;\n}\nbody .av-special-heading.av-kmjofkgz-43c5ddc84f401a2a836945656180f9dd .av-special-heading-tag .heading-char{\nfont-size:25px;\n}\n.av-special-heading.av-kmjofkgz-43c5ddc84f401a2a836945656180f9dd .av-subheading{\nfont-size:15px;\n}\n<\/style>\n<div  class='av-special-heading av-kmjofkgz-43c5ddc84f401a2a836945656180f9dd av-special-heading-h1 blockquote modern-quote  avia-builder-el-1  avia-builder-el-no-sibling '><h1 class='av-special-heading-tag '  itemprop=\"headline\"  >Une application mobile pour chercheurs et employeurs de l\u2019industrie automobile<\/h1><div class=\"special-heading-border\"><div class=\"special-heading-inner-border\"><\/div><\/div><\/div><\/div>\n<div  class='hr av-1qtwa7n-910e23285fecd370419b37c2069933d5 hr-default  avia-builder-el-2  el_after_av_one_full  el_before_av_one_full '><span class='hr-inner '><span class=\"hr-inner-style\"><\/span><\/span><\/div>\n\n<style type=\"text\/css\" data-created_by=\"avia_inline_auto\" id=\"style-css-av-4d4gqp-5e68b2c0941636ccf3d0741ce5d12f08\">\n.flex_column.av-4d4gqp-5e68b2c0941636ccf3d0741ce5d12f08{\nborder-radius:0px 0px 0px 0px;\npadding:0px 0px 0px 0px;\n}\n<\/style>\n<div  class='flex_column av-4d4gqp-5e68b2c0941636ccf3d0741ce5d12f08 av_one_full  avia-builder-el-3  el_after_av_hr  el_before_av_postslider  first flex_column_div av-animated-generic bottom-to-top av-zero-column-padding  '     ><section  class='av_textblock_section av-jzkgfztr-f7438fed06d9b7c9125c536e44585016 '   itemscope=\"itemscope\" itemtype=\"https:\/\/schema.org\/BlogPosting\" itemprop=\"blogPost\" ><div class='avia_textblock'  itemprop=\"text\" ><h2>Une premi\u00e8re pour l&rsquo;industrie automobile au Canada<\/h2>\n<p>Canada Motor Jobs devient le premier site sp\u00e9cialis\u00e9 d&#8217;emplois dans l&rsquo;industrie \u00e0 lancer une application mobile native. Cette derni\u00e8re sera t\u00e9l\u00e9chargeable sur l&rsquo;App store d&rsquo;Apple ou sur Google Play pour les utilisateurs Andro\u00efde.<\/p>\n<p><strong>Plus de 85% des usagers de Canada Motor Jobs consultent le site actuel \u00e0 partir d&rsquo;un appareil mobile ou d&rsquo;une tablette.<\/strong> <strong>Il devient donc incontournable pour un site d&#8217;emploi moderne d&rsquo;avoir une application native disponible pour ses usagers.<\/strong><\/p>\n<p>Puisque le mod\u00e8le de Canada Motor Jobs n&rsquo;utilise pas de CV classique (Word, PDF, etc.), il est tr\u00e8s simple de cr\u00e9er son compte, de recevoir les alertes emplois et de postuler sur un appareil mobile.<\/p>\n<p><strong>Avec l&rsquo;application, il sera encore plus facile pour les chercheurs d&#8217;emploi ainsi que les employeurs d&rsquo;utiliser nos services.<\/strong><\/p>\n<p><img loading=\"lazy\" decoding=\"async\" class=\"aligncenter wp-image-18005 size-full\" title=\"App emploi automobile\" src=\"https:\/\/blog.canadamotorjobs.com\/wp-content\/uploads\/2021\/03\/facebook-promo-app-fr-ca-1.png\" alt=\"App emploi automobile\" width=\"1200\" height=\"628\" srcset=\"https:\/\/news-dev.canadamotorjobs.com\/wp-content\/uploads\/2021\/03\/facebook-promo-app-fr-ca-1.png 1200w, https:\/\/news-dev.canadamotorjobs.com\/wp-content\/uploads\/2021\/03\/facebook-promo-app-fr-ca-1-300x157.png 300w, https:\/\/news-dev.canadamotorjobs.com\/wp-content\/uploads\/2021\/03\/facebook-promo-app-fr-ca-1-768x402.png 768w, https:\/\/news-dev.canadamotorjobs.com\/wp-content\/uploads\/2021\/03\/facebook-promo-app-fr-ca-1-1030x539.png 1030w, https:\/\/news-dev.canadamotorjobs.com\/wp-content\/uploads\/2021\/03\/facebook-promo-app-fr-ca-1-705x369.png 705w, https:\/\/news-dev.canadamotorjobs.com\/wp-content\/uploads\/2021\/03\/facebook-promo-app-fr-ca-1-600x314.png 600w\" sizes=\"auto, (max-width: 1200px) 100vw, 1200px\" \/><\/p>\n<p><strong>Nous en sommes \u00e0 mettre la touche finale \u00e0 notre application qui sera disponible tr\u00e8s bient\u00f4t!<\/strong><\/p>\n<p>Nous sommes tr\u00e8s fiers de notre \u00e9quipe qui a d\u00e9velopp\u00e9 ici, au Qu\u00e9bec, cette application ainsi que l&rsquo;ensemble de notre site web.<\/p>\n<\/div><\/section><br \/>\n<div  class='hr av-3r1hw3-a8ece230335ba70ba09e7ac8464b2211 hr-default  avia-builder-el-5  el_after_av_textblock  el_before_av_social_share '><span class='hr-inner '><span class=\"hr-inner-style\"><\/span><\/span><\/div><br \/>\n<div  class='av-social-sharing-box av-jzsv2mi8-8f28e1d9ea9ba802b27a5675ceec31fc av-social-sharing-box-default  avia-builder-el-6  el_after_av_hr  el_before_av_hr  av-social-sharing-box-fullwidth'><div class=\"av-share-box\"><ul class=\"av-share-box-list noLightbox\"><li class='av-share-link av-social-link-facebook avia_social_iconfont' ><a target=\"_blank\" aria-label=\"Share on Facebook\" href='https:\/\/www.facebook.com\/sharer.php?u=https:\/\/news-dev.canadamotorjobs.com\/fr\/canada-motor-jobs-lance-une-application-mobile\/&#038;t=Canada%20Motor%20Jobs%20lance%20une%20application%20mobile' data-av_icon='\ue8f3' data-av_iconfont='entypo-fontello'  title='' data-avia-related-tooltip='Share on Facebook'><span class='avia_hidden_link_text'>Share on Facebook<\/span><\/a><\/li><li class='av-share-link av-social-link-twitter avia_social_iconfont' ><a target=\"_blank\" aria-label=\"Share on X\" href='https:\/\/twitter.com\/share?text=Canada%20Motor%20Jobs%20lance%20une%20application%20mobile&#038;url=https:\/\/news-dev.canadamotorjobs.com\/fr\/?p=18003' data-av_icon='\ue932' data-av_iconfont='entypo-fontello'  title='' data-avia-related-tooltip='Share on X'><span class='avia_hidden_link_text'>Share on X<\/span><\/a><\/li><li class='av-share-link av-social-link-linkedin avia_social_iconfont' ><a target=\"_blank\" aria-label=\"Share on LinkedIn\" href='https:\/\/linkedin.com\/shareArticle?mini=true&#038;title=Canada%20Motor%20Jobs%20lance%20une%20application%20mobile&#038;url=https:\/\/news-dev.canadamotorjobs.com\/fr\/canada-motor-jobs-lance-une-application-mobile\/' data-av_icon='\ue8fc' data-av_iconfont='entypo-fontello'  title='' data-avia-related-tooltip='Share on LinkedIn'><span class='avia_hidden_link_text'>Share on LinkedIn<\/span><\/a><\/li><li class='av-share-link av-social-link-mail avia_social_iconfont' ><a  aria-label=\"Share by Mail\" href='mailto:?subject=Canada%20Motor%20Jobs%20lance%20une%20application%20mobile&#038;body=https:\/\/news-dev.canadamotorjobs.com\/fr\/canada-motor-jobs-lance-une-application-mobile\/' data-av_icon='\ue805' data-av_iconfont='entypo-fontello'  title='' data-avia-related-tooltip='Share by Mail'><span class='avia_hidden_link_text'>Share by Mail<\/span><\/a><\/li><\/ul><\/div><\/div><br \/>\n<div  class='hr av-j6tn3n-6e7df0d442777d8d09f8e9f59ed25d43 hr-default  avia-builder-el-7  el_after_av_social_share  avia-builder-el-last '><span class='hr-inner '><span class=\"hr-inner-style\"><\/span><\/span><\/div><\/p><\/div><div  data-slideshow-options=\"{&quot;animation&quot;:&quot;fade&quot;,&quot;autoplay&quot;:false,&quot;loop_autoplay&quot;:&quot;once&quot;,&quot;interval&quot;:&quot;5&quot;,&quot;loop_manual&quot;:&quot;manual-endless&quot;,&quot;autoplay_stopper&quot;:false,&quot;noNavigation&quot;:false,&quot;show_slide_delay&quot;:90}\" class='avia-content-slider avia-content-slider-active avia-content-slider1 avia-content-slider-odd  avia-builder-el-8  el_after_av_one_full  el_before_av_hr  av-slideshow-ui av-control-default   av-no-slider-navigation av-slideshow-manual av-loop-once av-loop-manual-endless '  itemscope=\"itemscope\" itemtype=\"https:\/\/schema.org\/Blog\" ><div class=\"avia-content-slider-inner\"><div class=\"slide-entry-wrap\"><article class='slide-entry flex_column  post-entry post-entry-239157 slide-entry-overview slide-loop-1 slide-parity-odd  av_one_third first real-thumbnail posttype-post post-format-standard'  itemscope=\"itemscope\" itemtype=\"https:\/\/schema.org\/BlogPosting\" itemprop=\"blogPost\" ><a href='https:\/\/news-dev.canadamotorjobs.com\/fr\/comme-les-vehicules-doccasion-et-le-petrole-les-salaires-sont-dictes-par-le-marche\/' data-rel='slide-1' class='slide-image' title='Comme les v\u00e9hicules d\u2019occasion et le p\u00e9trole, les salaires sont dict\u00e9s par le march\u00e9'><img decoding=\"async\" fetchpriority=\"high\" width=\"495\" height=\"400\" src=\"https:\/\/news-dev.canadamotorjobs.com\/wp-content\/uploads\/2026\/03\/Prix_marche-495x400.png\" class=\"wp-image-239158 avia-img-lazy-loading-not-239158 attachment-portfolio size-portfolio wp-post-image\" alt=\"\" srcset=\"https:\/\/news-dev.canadamotorjobs.com\/wp-content\/uploads\/2026\/03\/Prix_marche-495x400.png 495w, https:\/\/news-dev.canadamotorjobs.com\/wp-content\/uploads\/2026\/03\/Prix_marche-845x684.png 845w\" sizes=\"(max-width: 495px) 100vw, 495px\" \/><\/a><div class=\"slide-content\"><header class=\"entry-content-header\" aria-label=\"Slide: Comme les v\u00e9hicules d\u2019occasion et le p\u00e9trole, les salaires sont dict\u00e9s par le march\u00e9\"><h3 class='slide-entry-title entry-title '  itemprop=\"headline\" ><a href='https:\/\/news-dev.canadamotorjobs.com\/fr\/comme-les-vehicules-doccasion-et-le-petrole-les-salaires-sont-dictes-par-le-marche\/' title='Comme les v\u00e9hicules d\u2019occasion et le p\u00e9trole, les salaires sont dict\u00e9s par le march\u00e9'>Comme les v\u00e9hicules d\u2019occasion et le p\u00e9trole, les salaires sont dict\u00e9s par le march\u00e9<\/a><\/h3><span class=\"blog-categories minor-meta\"><a href=\"https:\/\/news-dev.canadamotorjobs.com\/fr\/category\/conseils\/\" rel=\"tag\">Conseils<\/a>, <a href=\"https:\/\/news-dev.canadamotorjobs.com\/fr\/category\/nouvelles\/\" rel=\"tag\">Nouvelles<\/a> <\/span><span class=\"av-vertical-delimiter\"><\/span><\/header><div class='slide-entry-excerpt entry-content'  itemprop=\"text\" ><div class=\"read-more-link\"><a href=\"https:\/\/news-dev.canadamotorjobs.com\/fr\/comme-les-vehicules-doccasion-et-le-petrole-les-salaires-sont-dictes-par-le-marche\/\" class=\"more-link\">Lire la suite<span class='more-link-arrow avia-svg-icon avia-font-svg_entypo-fontello' data-av_svg_icon='right-open-big' data-av_iconset='svg_entypo-fontello'><svg version=\"1.1\" xmlns=\"http:\/\/www.w3.org\/2000\/svg\" width=\"15\" height=\"32\" viewBox=\"0 0 15 32\" preserveAspectRatio=\"xMidYMid meet\" role=\"graphics-symbol\" aria-hidden=\"true\">\n<path d=\"M0.416 27.84l11.456-11.84-11.456-11.904q-0.832-0.832 0-1.536 0.832-0.832 1.536 0l12.544 12.608q0.768 0.832 0 1.6l-12.544 12.608q-0.704 0.832-1.536 0-0.832-0.704 0-1.536z\"><\/path>\n<\/svg><\/span><\/a><\/div><\/div><\/div><footer class=\"entry-footer\"><div class=\"slide-meta\"><time class='slide-meta-time updated'  itemprop=\"datePublished\" datetime=\"2026-03-30T13:17:15-04:00\" >30 mars 2026<\/time><\/div><\/footer><span class='hidden'>\n\t\t\t\t<span class='av-structured-data'  itemprop=\"image\" itemscope=\"itemscope\" itemtype=\"https:\/\/schema.org\/ImageObject\" >\n\t\t\t\t\t\t<span itemprop='url'>https:\/\/news-dev.canadamotorjobs.com\/wp-content\/uploads\/2026\/03\/Prix_marche.png<\/span>\n\t\t\t\t\t\t<span itemprop='height'>1024<\/span>\n\t\t\t\t\t\t<span itemprop='width'>1536<\/span>\n\t\t\t\t<\/span>\n\t\t\t\t<span class='av-structured-data'  itemprop=\"publisher\" itemtype=\"https:\/\/schema.org\/Organization\" itemscope=\"itemscope\" >\n\t\t\t\t\t\t<span itemprop='name'>Louis-Martin Jannard<\/span>\n\t\t\t\t\t\t<span itemprop='logo' itemscope itemtype='https:\/\/schema.org\/ImageObject'>\n\t\t\t\t\t\t\t<span itemprop='url'>https:\/\/news.canadamotorjobs.com\/wp-content\/uploads\/2021\/06\/logo-canada-motor-jobs-white-1.png<\/span>\n\t\t\t\t\t\t<\/span>\n\t\t\t\t<\/span><span class='av-structured-data'  itemprop=\"author\" itemscope=\"itemscope\" itemtype=\"https:\/\/schema.org\/Person\" ><span itemprop='name'>Louis-Martin Jannard<\/span><\/span><span class='av-structured-data'  itemprop=\"datePublished\" datetime=\"2021-03-21T12:18:17-04:00\" >2026-03-30 13:17:15<\/span><span class='av-structured-data'  itemprop=\"dateModified\" itemtype=\"https:\/\/schema.org\/dateModified\" >2026-03-31 10:15:50<\/span><span class='av-structured-data'  itemprop=\"mainEntityOfPage\" itemtype=\"https:\/\/schema.org\/mainEntityOfPage\" ><span itemprop='name'>Comme les v\u00e9hicules d\u2019occasion et le p\u00e9trole, les salaires sont dict\u00e9s par le march\u00e9<\/span><\/span><\/span><\/article><article class='slide-entry flex_column  post-entry post-entry-224144 slide-entry-overview slide-loop-2 slide-parity-even  av_one_third  real-thumbnail posttype-post post-format-standard'  itemscope=\"itemscope\" itemtype=\"https:\/\/schema.org\/BlogPosting\" itemprop=\"blogPost\" ><a href='https:\/\/news-dev.canadamotorjobs.com\/fr\/ne-soyez-pas-le-prochain-louvre-protegez-vos-bijoux-vos-employes\/' data-rel='slide-1' class='slide-image' title='Ne soyez pas le prochain Louvre : prot\u00e9gez vos bijoux\u2026 vos employ\u00e9s!'><img decoding=\"async\" fetchpriority=\"high\" width=\"495\" height=\"400\" src=\"https:\/\/news-dev.canadamotorjobs.com\/wp-content\/uploads\/2025\/10\/ChatGPT-Image-23-oct.-2025-08_54_02-495x400.png\" class=\"wp-image-224312 avia-img-lazy-loading-not-224312 attachment-portfolio size-portfolio wp-post-image\" alt=\"\" srcset=\"https:\/\/news-dev.canadamotorjobs.com\/wp-content\/uploads\/2025\/10\/ChatGPT-Image-23-oct.-2025-08_54_02-495x400.png 495w, https:\/\/news-dev.canadamotorjobs.com\/wp-content\/uploads\/2025\/10\/ChatGPT-Image-23-oct.-2025-08_54_02-845x684.png 845w\" sizes=\"(max-width: 495px) 100vw, 495px\" \/><\/a><div class=\"slide-content\"><header class=\"entry-content-header\" aria-label=\"Slide: Ne soyez pas le prochain Louvre : prot\u00e9gez vos bijoux\u2026 vos employ\u00e9s!\"><h3 class='slide-entry-title entry-title '  itemprop=\"headline\" ><a href='https:\/\/news-dev.canadamotorjobs.com\/fr\/ne-soyez-pas-le-prochain-louvre-protegez-vos-bijoux-vos-employes\/' title='Ne soyez pas le prochain Louvre : prot\u00e9gez vos bijoux\u2026 vos employ\u00e9s!'>Ne soyez pas le prochain Louvre : prot\u00e9gez vos bijoux\u2026 vos employ\u00e9s!<\/a><\/h3><span class=\"blog-categories minor-meta\"><a href=\"https:\/\/news-dev.canadamotorjobs.com\/fr\/category\/conseils\/\" rel=\"tag\">Conseils<\/a>, <a href=\"https:\/\/news-dev.canadamotorjobs.com\/fr\/category\/nouvelles\/\" rel=\"tag\">Nouvelles<\/a> <\/span><span class=\"av-vertical-delimiter\"><\/span><\/header><div class='slide-entry-excerpt entry-content'  itemprop=\"text\" ><div class=\"read-more-link\"><a href=\"https:\/\/news-dev.canadamotorjobs.com\/fr\/ne-soyez-pas-le-prochain-louvre-protegez-vos-bijoux-vos-employes\/\" class=\"more-link\">Lire la suite<span class='more-link-arrow avia-svg-icon avia-font-svg_entypo-fontello' data-av_svg_icon='right-open-big' data-av_iconset='svg_entypo-fontello'><svg version=\"1.1\" xmlns=\"http:\/\/www.w3.org\/2000\/svg\" width=\"15\" height=\"32\" viewBox=\"0 0 15 32\" preserveAspectRatio=\"xMidYMid meet\" role=\"graphics-symbol\" aria-hidden=\"true\">\n<path d=\"M0.416 27.84l11.456-11.84-11.456-11.904q-0.832-0.832 0-1.536 0.832-0.832 1.536 0l12.544 12.608q0.768 0.832 0 1.6l-12.544 12.608q-0.704 0.832-1.536 0-0.832-0.704 0-1.536z\"><\/path>\n<\/svg><\/span><\/a><\/div><\/div><\/div><footer class=\"entry-footer\"><div class=\"slide-meta\"><time class='slide-meta-time updated'  itemprop=\"datePublished\" datetime=\"2025-10-23T08:44:50-04:00\" >23 octobre 2025<\/time><\/div><\/footer><span class='hidden'>\n\t\t\t\t<span class='av-structured-data'  itemprop=\"image\" itemscope=\"itemscope\" itemtype=\"https:\/\/schema.org\/ImageObject\" >\n\t\t\t\t\t\t<span itemprop='url'>https:\/\/news-dev.canadamotorjobs.com\/wp-content\/uploads\/2025\/10\/ChatGPT-Image-23-oct.-2025-08_54_02.png<\/span>\n\t\t\t\t\t\t<span itemprop='height'>1024<\/span>\n\t\t\t\t\t\t<span itemprop='width'>1536<\/span>\n\t\t\t\t<\/span>\n\t\t\t\t<span class='av-structured-data'  itemprop=\"publisher\" itemtype=\"https:\/\/schema.org\/Organization\" itemscope=\"itemscope\" >\n\t\t\t\t\t\t<span itemprop='name'>Louis-Martin Jannard<\/span>\n\t\t\t\t\t\t<span itemprop='logo' itemscope itemtype='https:\/\/schema.org\/ImageObject'>\n\t\t\t\t\t\t\t<span itemprop='url'>https:\/\/news.canadamotorjobs.com\/wp-content\/uploads\/2021\/06\/logo-canada-motor-jobs-white-1.png<\/span>\n\t\t\t\t\t\t<\/span>\n\t\t\t\t<\/span><span class='av-structured-data'  itemprop=\"author\" itemscope=\"itemscope\" itemtype=\"https:\/\/schema.org\/Person\" ><span itemprop='name'>Louis-Martin Jannard<\/span><\/span><span class='av-structured-data'  itemprop=\"datePublished\" datetime=\"2021-03-21T12:18:17-04:00\" >2025-10-23 08:44:50<\/span><span class='av-structured-data'  itemprop=\"dateModified\" itemtype=\"https:\/\/schema.org\/dateModified\" >2025-10-23 09:08:07<\/span><span class='av-structured-data'  itemprop=\"mainEntityOfPage\" itemtype=\"https:\/\/schema.org\/mainEntityOfPage\" ><span itemprop='name'>Ne soyez pas le prochain Louvre : prot\u00e9gez vos bijoux\u2026 vos employ\u00e9s!<\/span><\/span><\/span><\/article><article class='slide-entry flex_column  post-entry post-entry-220688 slide-entry-overview slide-loop-3 slide-parity-odd  post-entry-last  av_one_third  real-thumbnail posttype-post post-format-standard'  itemscope=\"itemscope\" itemtype=\"https:\/\/schema.org\/BlogPosting\" itemprop=\"blogPost\" ><a href='https:\/\/news-dev.canadamotorjobs.com\/fr\/lintelligence-artificielle-un-allie-strategique-pour-le-recrutement-automobile\/' data-rel='slide-1' class='slide-image' title='L\u2019intelligence artificielle : un alli\u00e9 strat\u00e9gique pour le recrutement automobile'><img decoding=\"async\" fetchpriority=\"high\" width=\"495\" height=\"400\" src=\"https:\/\/news-dev.canadamotorjobs.com\/wp-content\/uploads\/2025\/09\/ChatGPT-Image-22-sept.-2025-17_04_40-495x400.png\" class=\"wp-image-220695 avia-img-lazy-loading-not-220695 attachment-portfolio size-portfolio wp-post-image\" alt=\"\" srcset=\"https:\/\/news-dev.canadamotorjobs.com\/wp-content\/uploads\/2025\/09\/ChatGPT-Image-22-sept.-2025-17_04_40-495x400.png 495w, https:\/\/news-dev.canadamotorjobs.com\/wp-content\/uploads\/2025\/09\/ChatGPT-Image-22-sept.-2025-17_04_40-845x684.png 845w\" sizes=\"(max-width: 495px) 100vw, 495px\" \/><\/a><div class=\"slide-content\"><header class=\"entry-content-header\" aria-label=\"Slide: L\u2019intelligence artificielle : un alli\u00e9 strat\u00e9gique pour le recrutement automobile\"><h3 class='slide-entry-title entry-title '  itemprop=\"headline\" ><a href='https:\/\/news-dev.canadamotorjobs.com\/fr\/lintelligence-artificielle-un-allie-strategique-pour-le-recrutement-automobile\/' title='L\u2019intelligence artificielle : un alli\u00e9 strat\u00e9gique pour le recrutement automobile'>L\u2019intelligence artificielle : un alli\u00e9 strat\u00e9gique pour le recrutement automobile<\/a><\/h3><span class=\"blog-categories minor-meta\"><a href=\"https:\/\/news-dev.canadamotorjobs.com\/fr\/category\/conseils\/\" rel=\"tag\">Conseils<\/a>, <a href=\"https:\/\/news-dev.canadamotorjobs.com\/fr\/category\/nouvelles\/\" rel=\"tag\">Nouvelles<\/a> <\/span><span class=\"av-vertical-delimiter\"><\/span><\/header><div class='slide-entry-excerpt entry-content'  itemprop=\"text\" ><div class=\"read-more-link\"><a href=\"https:\/\/news-dev.canadamotorjobs.com\/fr\/lintelligence-artificielle-un-allie-strategique-pour-le-recrutement-automobile\/\" class=\"more-link\">Lire la suite<span class='more-link-arrow avia-svg-icon avia-font-svg_entypo-fontello' data-av_svg_icon='right-open-big' data-av_iconset='svg_entypo-fontello'><svg version=\"1.1\" xmlns=\"http:\/\/www.w3.org\/2000\/svg\" width=\"15\" height=\"32\" viewBox=\"0 0 15 32\" preserveAspectRatio=\"xMidYMid meet\" role=\"graphics-symbol\" aria-hidden=\"true\">\n<path d=\"M0.416 27.84l11.456-11.84-11.456-11.904q-0.832-0.832 0-1.536 0.832-0.832 1.536 0l12.544 12.608q0.768 0.832 0 1.6l-12.544 12.608q-0.704 0.832-1.536 0-0.832-0.704 0-1.536z\"><\/path>\n<\/svg><\/span><\/a><\/div><\/div><\/div><footer class=\"entry-footer\"><div class=\"slide-meta\"><time class='slide-meta-time updated'  itemprop=\"datePublished\" datetime=\"2025-09-22T17:07:15-04:00\" >22 septembre 2025<\/time><\/div><\/footer><span class='hidden'>\n\t\t\t\t<span class='av-structured-data'  itemprop=\"image\" itemscope=\"itemscope\" itemtype=\"https:\/\/schema.org\/ImageObject\" >\n\t\t\t\t\t\t<span itemprop='url'>https:\/\/news-dev.canadamotorjobs.com\/wp-content\/uploads\/2025\/09\/ChatGPT-Image-22-sept.-2025-17_04_40.png<\/span>\n\t\t\t\t\t\t<span itemprop='height'>1024<\/span>\n\t\t\t\t\t\t<span itemprop='width'>1024<\/span>\n\t\t\t\t<\/span>\n\t\t\t\t<span class='av-structured-data'  itemprop=\"publisher\" itemtype=\"https:\/\/schema.org\/Organization\" itemscope=\"itemscope\" >\n\t\t\t\t\t\t<span itemprop='name'>Louis-Martin Jannard<\/span>\n\t\t\t\t\t\t<span itemprop='logo' itemscope itemtype='https:\/\/schema.org\/ImageObject'>\n\t\t\t\t\t\t\t<span itemprop='url'>https:\/\/news.canadamotorjobs.com\/wp-content\/uploads\/2021\/06\/logo-canada-motor-jobs-white-1.png<\/span>\n\t\t\t\t\t\t<\/span>\n\t\t\t\t<\/span><span class='av-structured-data'  itemprop=\"author\" itemscope=\"itemscope\" itemtype=\"https:\/\/schema.org\/Person\" ><span itemprop='name'>Louis-Martin Jannard<\/span><\/span><span class='av-structured-data'  itemprop=\"datePublished\" datetime=\"2021-03-21T12:18:17-04:00\" >2025-09-22 17:07:15<\/span><span class='av-structured-data'  itemprop=\"dateModified\" itemtype=\"https:\/\/schema.org\/dateModified\" >2025-09-23 10:26:56<\/span><span class='av-structured-data'  itemprop=\"mainEntityOfPage\" itemtype=\"https:\/\/schema.org\/mainEntityOfPage\" ><span itemprop='name'>L\u2019intelligence artificielle : un alli\u00e9 strat\u00e9gique pour le recrutement automobile<\/span><\/span><\/span><\/article><\/div><\/div><\/div><\/p>\n<div  class='hr av-j6tn3n-6e7df0d442777d8d09f8e9f59ed25d43 hr-default  avia-builder-el-9  el_after_av_postslider  el_before_av_postslider '><span class='hr-inner '><span class=\"hr-inner-style\"><\/span><\/span><\/div>\n<div  data-slideshow-options=\"{&quot;animation&quot;:&quot;fade&quot;,&quot;autoplay&quot;:false,&quot;loop_autoplay&quot;:&quot;once&quot;,&quot;interval&quot;:&quot;5&quot;,&quot;loop_manual&quot;:&quot;manual-endless&quot;,&quot;autoplay_stopper&quot;:false,&quot;noNavigation&quot;:false,&quot;show_slide_delay&quot;:90}\" class='avia-content-slider avia-content-slider-active avia-content-slider2 avia-content-slider-odd  avia-builder-el-10  el_after_av_hr  avia-builder-el-last  av-slideshow-ui av-control-default   av-no-slider-navigation av-slideshow-manual av-loop-once av-loop-manual-endless '  itemscope=\"itemscope\" itemtype=\"https:\/\/schema.org\/Blog\" ><div class=\"avia-content-slider-inner\"><div class=\"slide-entry-wrap\"><article class='slide-entry flex_column  post-entry post-entry-248512 slide-entry-overview slide-loop-1 slide-parity-odd  av_one_third first real-thumbnail posttype-post post-format-standard'  itemscope=\"itemscope\" itemtype=\"https:\/\/schema.org\/BlogPosting\" itemprop=\"blogPost\" ><a href='https:\/\/news-dev.canadamotorjobs.com\/fr\/ottawa-prolonge-la-suspension-de-la-taxe-daccise-sur-lessence\/' data-rel='slide-2' class='slide-image' title='Ottawa prolonge la suspension de la taxe d\u2019accise sur l\u2019essence'><img decoding=\"async\" fetchpriority=\"high\" width=\"495\" height=\"400\" src=\"https:\/\/news-dev.canadamotorjobs.com\/wp-content\/uploads\/2026\/04\/station-service-chute-des-prix-a-la-pompe-prix-a-la-pompe-essence-132914846129445962-3-495x400.jpeg\" class=\"wp-image-240043 avia-img-lazy-loading-not-240043 attachment-portfolio size-portfolio wp-post-image\" alt=\"\" srcset=\"https:\/\/news-dev.canadamotorjobs.com\/wp-content\/uploads\/2026\/04\/station-service-chute-des-prix-a-la-pompe-prix-a-la-pompe-essence-132914846129445962-3-495x400.jpeg 495w, https:\/\/news-dev.canadamotorjobs.com\/wp-content\/uploads\/2026\/04\/station-service-chute-des-prix-a-la-pompe-prix-a-la-pompe-essence-132914846129445962-3-845x684.jpeg 845w\" sizes=\"(max-width: 495px) 100vw, 495px\" \/><\/a><div class=\"slide-content\"><header class=\"entry-content-header\" aria-label=\"Slide: Ottawa prolonge la suspension de la taxe d\u2019accise sur l\u2019essence\"><h3 class='slide-entry-title entry-title '  itemprop=\"headline\" ><a href='https:\/\/news-dev.canadamotorjobs.com\/fr\/ottawa-prolonge-la-suspension-de-la-taxe-daccise-sur-lessence\/' title='Ottawa prolonge la suspension de la taxe d\u2019accise sur l\u2019essence'>Ottawa prolonge la suspension de la taxe d\u2019accise sur l\u2019essence<\/a><\/h3><span class=\"blog-categories minor-meta\"><a href=\"https:\/\/news-dev.canadamotorjobs.com\/fr\/category\/annuel-automobile\/\" rel=\"tag\">Annuel automobile<\/a> <\/span><span class=\"av-vertical-delimiter\"><\/span><\/header><div class='slide-entry-excerpt entry-content'  itemprop=\"text\" ><div class=\"read-more-link\"><a href=\"https:\/\/news-dev.canadamotorjobs.com\/fr\/ottawa-prolonge-la-suspension-de-la-taxe-daccise-sur-lessence\/\" class=\"more-link\">Lire la suite<span class='more-link-arrow avia-svg-icon avia-font-svg_entypo-fontello' data-av_svg_icon='right-open-big' data-av_iconset='svg_entypo-fontello'><svg version=\"1.1\" xmlns=\"http:\/\/www.w3.org\/2000\/svg\" width=\"15\" height=\"32\" viewBox=\"0 0 15 32\" preserveAspectRatio=\"xMidYMid meet\" role=\"graphics-symbol\" aria-hidden=\"true\">\n<path d=\"M0.416 27.84l11.456-11.84-11.456-11.904q-0.832-0.832 0-1.536 0.832-0.832 1.536 0l12.544 12.608q0.768 0.832 0 1.6l-12.544 12.608q-0.704 0.832-1.536 0-0.832-0.704 0-1.536z\"><\/path>\n<\/svg><\/span><\/a><\/div><\/div><\/div><footer class=\"entry-footer\"><div class=\"slide-meta\"><time class='slide-meta-time updated'  itemprop=\"datePublished\" datetime=\"2026-09-03T07:43:11-04:00\" >3 septembre 2026<\/time><\/div><\/footer><span class='hidden'>\n\t\t\t\t<span class='av-structured-data'  itemprop=\"image\" itemscope=\"itemscope\" itemtype=\"https:\/\/schema.org\/ImageObject\" >\n\t\t\t\t\t\t<span itemprop='url'>https:\/\/news-dev.canadamotorjobs.com\/wp-content\/uploads\/2026\/04\/station-service-chute-des-prix-a-la-pompe-prix-a-la-pompe-essence-132914846129445962-3.jpeg<\/span>\n\t\t\t\t\t\t<span itemprop='height'>899<\/span>\n\t\t\t\t\t\t<span itemprop='width'>1600<\/span>\n\t\t\t\t<\/span>\n\t\t\t\t<span class='av-structured-data'  itemprop=\"publisher\" itemtype=\"https:\/\/schema.org\/Organization\" itemscope=\"itemscope\" >\n\t\t\t\t\t\t<span itemprop='name'>Benoit Charette<\/span>\n\t\t\t\t\t\t<span itemprop='logo' itemscope itemtype='https:\/\/schema.org\/ImageObject'>\n\t\t\t\t\t\t\t<span itemprop='url'>https:\/\/news.canadamotorjobs.com\/wp-content\/uploads\/2021\/06\/logo-canada-motor-jobs-white-1.png<\/span>\n\t\t\t\t\t\t<\/span>\n\t\t\t\t<\/span><span class='av-structured-data'  itemprop=\"author\" itemscope=\"itemscope\" itemtype=\"https:\/\/schema.org\/Person\" ><span itemprop='name'>Benoit Charette<\/span><\/span><span class='av-structured-data'  itemprop=\"datePublished\" datetime=\"2021-03-21T12:18:17-04:00\" >2026-09-03 07:43:11<\/span><span class='av-structured-data'  itemprop=\"dateModified\" itemtype=\"https:\/\/schema.org\/dateModified\" >2026-09-03 10:37:10<\/span><span class='av-structured-data'  itemprop=\"mainEntityOfPage\" itemtype=\"https:\/\/schema.org\/mainEntityOfPage\" ><span itemprop='name'>Ottawa prolonge la suspension de la taxe d\u2019accise sur l\u2019essence<\/span><\/span><\/span><\/article><article class='slide-entry flex_column  post-entry post-entry-248520 slide-entry-overview slide-loop-2 slide-parity-even  av_one_third  real-thumbnail posttype-post post-format-standard'  itemscope=\"itemscope\" itemtype=\"https:\/\/schema.org\/BlogPosting\" itemprop=\"blogPost\" ><a href='https:\/\/news-dev.canadamotorjobs.com\/fr\/quels-sont-les-ve-qui-vieillissent-le-mieux\/' data-rel='slide-2' class='slide-image' title='Quels sont les V\u00c9 qui vieillissent le mieux.'><img decoding=\"async\" fetchpriority=\"high\" width=\"495\" height=\"400\" src=\"https:\/\/news-dev.canadamotorjobs.com\/wp-content\/uploads\/2026\/09\/hyundai-ioniq-5-n-2025-hyundai-trois-rivieres-16-scaled-1-495x400.jpg\" class=\"wp-image-248523 avia-img-lazy-loading-not-248523 attachment-portfolio size-portfolio wp-post-image\" alt=\"\" srcset=\"https:\/\/news-dev.canadamotorjobs.com\/wp-content\/uploads\/2026\/09\/hyundai-ioniq-5-n-2025-hyundai-trois-rivieres-16-scaled-1-495x400.jpg 495w, https:\/\/news-dev.canadamotorjobs.com\/wp-content\/uploads\/2026\/09\/hyundai-ioniq-5-n-2025-hyundai-trois-rivieres-16-scaled-1-845x684.jpg 845w\" sizes=\"(max-width: 495px) 100vw, 495px\" \/><\/a><div class=\"slide-content\"><header class=\"entry-content-header\" aria-label=\"Slide: Quels sont les V\u00c9 qui vieillissent le mieux.\"><h3 class='slide-entry-title entry-title '  itemprop=\"headline\" ><a href='https:\/\/news-dev.canadamotorjobs.com\/fr\/quels-sont-les-ve-qui-vieillissent-le-mieux\/' title='Quels sont les V\u00c9 qui vieillissent le mieux.'>Quels sont les V\u00c9 qui vieillissent le mieux.<\/a><\/h3><span class=\"blog-categories minor-meta\"><a href=\"https:\/\/news-dev.canadamotorjobs.com\/fr\/category\/annuel-automobile\/\" rel=\"tag\">Annuel automobile<\/a> <\/span><span class=\"av-vertical-delimiter\"><\/span><\/header><div class='slide-entry-excerpt entry-content'  itemprop=\"text\" ><div class=\"read-more-link\"><a href=\"https:\/\/news-dev.canadamotorjobs.com\/fr\/quels-sont-les-ve-qui-vieillissent-le-mieux\/\" class=\"more-link\">Lire la suite<span class='more-link-arrow avia-svg-icon avia-font-svg_entypo-fontello' data-av_svg_icon='right-open-big' data-av_iconset='svg_entypo-fontello'><svg version=\"1.1\" xmlns=\"http:\/\/www.w3.org\/2000\/svg\" width=\"15\" height=\"32\" viewBox=\"0 0 15 32\" preserveAspectRatio=\"xMidYMid meet\" role=\"graphics-symbol\" aria-hidden=\"true\">\n<path d=\"M0.416 27.84l11.456-11.84-11.456-11.904q-0.832-0.832 0-1.536 0.832-0.832 1.536 0l12.544 12.608q0.768 0.832 0 1.6l-12.544 12.608q-0.704 0.832-1.536 0-0.832-0.704 0-1.536z\"><\/path>\n<\/svg><\/span><\/a><\/div><\/div><\/div><footer class=\"entry-footer\"><div class=\"slide-meta\"><time class='slide-meta-time updated'  itemprop=\"datePublished\" datetime=\"2026-09-03T07:21:25-04:00\" >3 septembre 2026<\/time><\/div><\/footer><span class='hidden'>\n\t\t\t\t<span class='av-structured-data'  itemprop=\"image\" itemscope=\"itemscope\" itemtype=\"https:\/\/schema.org\/ImageObject\" >\n\t\t\t\t\t\t<span itemprop='url'>https:\/\/news-dev.canadamotorjobs.com\/wp-content\/uploads\/2026\/09\/hyundai-ioniq-5-n-2025-hyundai-trois-rivieres-16-scaled-1.jpg<\/span>\n\t\t\t\t\t\t<span itemprop='height'>1366<\/span>\n\t\t\t\t\t\t<span itemprop='width'>2048<\/span>\n\t\t\t\t<\/span>\n\t\t\t\t<span class='av-structured-data'  itemprop=\"publisher\" itemtype=\"https:\/\/schema.org\/Organization\" itemscope=\"itemscope\" >\n\t\t\t\t\t\t<span itemprop='name'>Benoit Charette<\/span>\n\t\t\t\t\t\t<span itemprop='logo' itemscope itemtype='https:\/\/schema.org\/ImageObject'>\n\t\t\t\t\t\t\t<span itemprop='url'>https:\/\/news.canadamotorjobs.com\/wp-content\/uploads\/2021\/06\/logo-canada-motor-jobs-white-1.png<\/span>\n\t\t\t\t\t\t<\/span>\n\t\t\t\t<\/span><span class='av-structured-data'  itemprop=\"author\" itemscope=\"itemscope\" itemtype=\"https:\/\/schema.org\/Person\" ><span itemprop='name'>Benoit Charette<\/span><\/span><span class='av-structured-data'  itemprop=\"datePublished\" datetime=\"2021-03-21T12:18:17-04:00\" >2026-09-03 07:21:25<\/span><span class='av-structured-data'  itemprop=\"dateModified\" itemtype=\"https:\/\/schema.org\/dateModified\" >2026-09-03 10:37:20<\/span><span class='av-structured-data'  itemprop=\"mainEntityOfPage\" itemtype=\"https:\/\/schema.org\/mainEntityOfPage\" ><span itemprop='name'>Quels sont les V\u00c9 qui vieillissent le mieux.<\/span><\/span><\/span><\/article><article class='slide-entry flex_column  post-entry post-entry-248537 slide-entry-overview slide-loop-3 slide-parity-odd  post-entry-last  av_one_third  real-thumbnail posttype-post post-format-standard'  itemscope=\"itemscope\" itemtype=\"https:\/\/schema.org\/BlogPosting\" itemprop=\"blogPost\" ><a href='https:\/\/news-dev.canadamotorjobs.com\/fr\/visite-du-musee-mini-a-oxford-a-loccasion-du-25e-anniversaire-du-modele-contemporain\/' data-rel='slide-2' class='slide-image' title='Visite du mus\u00e9e Mini \u00e0 Oxford \u00e0 l\u2019occasion du 25e anniversaire du mod\u00e8le contemporain'><img decoding=\"async\" fetchpriority=\"high\" width=\"495\" height=\"400\" src=\"https:\/\/news-dev.canadamotorjobs.com\/wp-content\/uploads\/2026\/09\/IMG_7438-2-495x400.jpg\" class=\"wp-image-248541 avia-img-lazy-loading-not-248541 attachment-portfolio size-portfolio wp-post-image\" alt=\"\" srcset=\"https:\/\/news-dev.canadamotorjobs.com\/wp-content\/uploads\/2026\/09\/IMG_7438-2-495x400.jpg 495w, https:\/\/news-dev.canadamotorjobs.com\/wp-content\/uploads\/2026\/09\/IMG_7438-2-845x684.jpg 845w\" sizes=\"(max-width: 495px) 100vw, 495px\" \/><\/a><div class=\"slide-content\"><header class=\"entry-content-header\" aria-label=\"Slide: Visite du mus\u00e9e Mini \u00e0 Oxford \u00e0 l\u2019occasion du 25e anniversaire du mod\u00e8le contemporain\"><h3 class='slide-entry-title entry-title '  itemprop=\"headline\" ><a href='https:\/\/news-dev.canadamotorjobs.com\/fr\/visite-du-musee-mini-a-oxford-a-loccasion-du-25e-anniversaire-du-modele-contemporain\/' title='Visite du mus\u00e9e Mini \u00e0 Oxford \u00e0 l\u2019occasion du 25e anniversaire du mod\u00e8le contemporain'>Visite du mus\u00e9e Mini \u00e0 Oxford \u00e0 l\u2019occasion du 25e anniversaire du mod\u00e8le contemporain<\/a><\/h3><span class=\"blog-categories minor-meta\"><a href=\"https:\/\/news-dev.canadamotorjobs.com\/fr\/category\/annuel-automobile\/\" rel=\"tag\">Annuel automobile<\/a> <\/span><span class=\"av-vertical-delimiter\"><\/span><\/header><div class='slide-entry-excerpt entry-content'  itemprop=\"text\" ><div class=\"read-more-link\"><a href=\"https:\/\/news-dev.canadamotorjobs.com\/fr\/visite-du-musee-mini-a-oxford-a-loccasion-du-25e-anniversaire-du-modele-contemporain\/\" class=\"more-link\">Lire la suite<span class='more-link-arrow avia-svg-icon avia-font-svg_entypo-fontello' data-av_svg_icon='right-open-big' data-av_iconset='svg_entypo-fontello'><svg version=\"1.1\" xmlns=\"http:\/\/www.w3.org\/2000\/svg\" width=\"15\" height=\"32\" viewBox=\"0 0 15 32\" preserveAspectRatio=\"xMidYMid meet\" role=\"graphics-symbol\" aria-hidden=\"true\">\n<path d=\"M0.416 27.84l11.456-11.84-11.456-11.904q-0.832-0.832 0-1.536 0.832-0.832 1.536 0l12.544 12.608q0.768 0.832 0 1.6l-12.544 12.608q-0.704 0.832-1.536 0-0.832-0.704 0-1.536z\"><\/path>\n<\/svg><\/span><\/a><\/div><\/div><\/div><footer class=\"entry-footer\"><div class=\"slide-meta\"><time class='slide-meta-time updated'  itemprop=\"datePublished\" datetime=\"2026-09-03T06:48:23-04:00\" >3 septembre 2026<\/time><\/div><\/footer><span class='hidden'>\n\t\t\t\t<span class='av-structured-data'  itemprop=\"image\" itemscope=\"itemscope\" itemtype=\"https:\/\/schema.org\/ImageObject\" >\n\t\t\t\t\t\t<span itemprop='url'>https:\/\/news-dev.canadamotorjobs.com\/wp-content\/uploads\/2026\/09\/IMG_7438-2.jpg<\/span>\n\t\t\t\t\t\t<span itemprop='height'>800<\/span>\n\t\t\t\t\t\t<span itemprop='width'>1422<\/span>\n\t\t\t\t<\/span>\n\t\t\t\t<span class='av-structured-data'  itemprop=\"publisher\" itemtype=\"https:\/\/schema.org\/Organization\" itemscope=\"itemscope\" >\n\t\t\t\t\t\t<span itemprop='name'>Benoit Charette<\/span>\n\t\t\t\t\t\t<span itemprop='logo' itemscope itemtype='https:\/\/schema.org\/ImageObject'>\n\t\t\t\t\t\t\t<span itemprop='url'>https:\/\/news.canadamotorjobs.com\/wp-content\/uploads\/2021\/06\/logo-canada-motor-jobs-white-1.png<\/span>\n\t\t\t\t\t\t<\/span>\n\t\t\t\t<\/span><span class='av-structured-data'  itemprop=\"author\" itemscope=\"itemscope\" itemtype=\"https:\/\/schema.org\/Person\" ><span itemprop='name'>Benoit Charette<\/span><\/span><span class='av-structured-data'  itemprop=\"datePublished\" datetime=\"2021-03-21T12:18:17-04:00\" >2026-09-03 06:48:23<\/span><span class='av-structured-data'  itemprop=\"dateModified\" itemtype=\"https:\/\/schema.org\/dateModified\" >2026-09-03 10:37:26<\/span><span class='av-structured-data'  itemprop=\"mainEntityOfPage\" itemtype=\"https:\/\/schema.org\/mainEntityOfPage\" ><span itemprop='name'>Visite du mus\u00e9e Mini \u00e0 Oxford \u00e0 l\u2019occasion du 25e anniversaire du mod\u00e8le contemporain<\/span><\/span><\/span><\/article><\/div><\/div><\/div>\n","protected":false},"excerpt":{"rendered":"","protected":false},"author":1,"featured_media":18005,"comment_status":"closed","ping_status":"closed","sticky":false,"template":"","format":"standard","meta":{"_monsterinsights_skip_tracking":false,"footnotes":""},"categories":[15,3],"tags":[],"class_list":["post-18003","post","type-post","status-publish","format-standard","has-post-thumbnail","hentry","category-communique","category-nouvelles"],"yoast_head":"<!-- This site is optimized with the Yoast SEO plugin v28.4 - https:\/\/yoast.com\/product\/yoast-seo-wordpress\/ -->\n<title>Application native IOS \/ Andro\u00efde Emploi automobile- CanadaMotorJobs<\/title>\n<meta name=\"description\" content=\"Canada Motor Jobs - Le premier site sp\u00e9cialis\u00e9 d&#039;emplois dans l&#039;industrie \u00e0 lancer une application native t\u00e9l\u00e9chargeable IOS \/ Andr\u00f6ide.\" \/>\n<meta name=\"robots\" content=\"index, follow, max-snippet:-1, max-image-preview:large, max-video-preview:-1\" \/>\n<link rel=\"canonical\" href=\"https:\/\/news-dev.canadamotorjobs.com\/fr\/canada-motor-jobs-lance-une-application-mobile\/\" \/>\n<meta property=\"og:locale\" content=\"fr_CA\" \/>\n<meta property=\"og:type\" content=\"article\" \/>\n<meta property=\"og:title\" content=\"Application native IOS \/ Andro\u00efde Emploi automobile- CanadaMotorJobs\" \/>\n<meta property=\"og:description\" content=\"Canada Motor Jobs - Le premier site sp\u00e9cialis\u00e9 d&#039;emplois dans l&#039;industrie \u00e0 lancer une application native t\u00e9l\u00e9chargeable IOS \/ Andr\u00f6ide.\" \/>\n<meta property=\"og:url\" content=\"https:\/\/news-dev.canadamotorjobs.com\/fr\/canada-motor-jobs-lance-une-application-mobile\/\" \/>\n<meta property=\"og:site_name\" content=\"CanadaMotorJobs.com\" \/>\n<meta property=\"article:publisher\" content=\"https:\/\/www.facebook.com\/canadamotorjobs\/\" \/>\n<meta property=\"article:published_time\" content=\"2021-03-21T16:18:17+00:00\" \/>\n<meta property=\"article:modified_time\" content=\"2021-03-26T18:24:14+00:00\" \/>\n<meta property=\"og:image\" content=\"https:\/\/news-dev.canadamotorjobs.com\/wp-content\/uploads\/2021\/03\/facebook-promo-app-fr-ca-1.png\" \/>\n\t<meta property=\"og:image:width\" content=\"1200\" \/>\n\t<meta property=\"og:image:height\" content=\"628\" \/>\n\t<meta property=\"og:image:type\" content=\"image\/png\" \/>\n<meta name=\"author\" content=\"Canada Motor Jobs\" \/>\n<meta name=\"twitter:card\" content=\"summary_large_image\" \/>\n<meta name=\"twitter:creator\" content=\"@canadamotorjobs\" \/>\n<meta name=\"twitter:site\" content=\"@canadamotorjobs\" \/>\n<meta name=\"twitter:label1\" content=\"\u00c9crit par\" \/>\n\t<meta name=\"twitter:data1\" content=\"Canada Motor Jobs\" \/>\n\t<meta name=\"twitter:label2\" content=\"Estimation du temps de lecture\" \/>\n\t<meta name=\"twitter:data2\" content=\"5 minutes\" \/>\n<!-- \/ Yoast SEO plugin. -->","yoast_head_json":{"title":"Application native IOS \/ Andro\u00efde Emploi automobile- CanadaMotorJobs","description":"Canada Motor Jobs - Le premier site sp\u00e9cialis\u00e9 d'emplois dans l'industrie \u00e0 lancer une application native t\u00e9l\u00e9chargeable IOS \/ Andr\u00f6ide.","robots":{"index":"index","follow":"follow","max-snippet":"max-snippet:-1","max-image-preview":"max-image-preview:large","max-video-preview":"max-video-preview:-1"},"canonical":"https:\/\/news-dev.canadamotorjobs.com\/fr\/canada-motor-jobs-lance-une-application-mobile\/","og_locale":"fr_CA","og_type":"article","og_title":"Application native IOS \/ Andro\u00efde Emploi automobile- CanadaMotorJobs","og_description":"Canada Motor Jobs - Le premier site sp\u00e9cialis\u00e9 d'emplois dans l'industrie \u00e0 lancer une application native t\u00e9l\u00e9chargeable IOS \/ Andr\u00f6ide.","og_url":"https:\/\/news-dev.canadamotorjobs.com\/fr\/canada-motor-jobs-lance-une-application-mobile\/","og_site_name":"CanadaMotorJobs.com","article_publisher":"https:\/\/www.facebook.com\/canadamotorjobs\/","article_published_time":"2021-03-21T16:18:17+00:00","article_modified_time":"2021-03-26T18:24:14+00:00","og_image":[{"width":1200,"height":628,"url":"https:\/\/news-dev.canadamotorjobs.com\/wp-content\/uploads\/2021\/03\/facebook-promo-app-fr-ca-1.png","type":"image\/png"}],"author":"Canada Motor Jobs","twitter_card":"summary_large_image","twitter_creator":"@canadamotorjobs","twitter_site":"@canadamotorjobs","twitter_misc":{"\u00c9crit par":"Canada Motor Jobs","Estimation du temps de lecture":"5 minutes"},"schema":{"@context":"https:\/\/schema.org","@graph":[{"@type":"Article","@id":"https:\/\/news-dev.canadamotorjobs.com\/fr\/canada-motor-jobs-lance-une-application-mobile\/#article","isPartOf":{"@id":"https:\/\/news-dev.canadamotorjobs.com\/fr\/canada-motor-jobs-lance-une-application-mobile\/"},"author":{"name":"Canada Motor Jobs","@id":"https:\/\/news-dev.canadamotorjobs.com\/fr\/#\/schema\/person\/ba6fd903fd6113b44f405ae8a1a65526"},"headline":"Canada Motor Jobs lance une application mobile","datePublished":"2021-03-21T16:18:17+00:00","dateModified":"2021-03-26T18:24:14+00:00","mainEntityOfPage":{"@id":"https:\/\/news-dev.canadamotorjobs.com\/fr\/canada-motor-jobs-lance-une-application-mobile\/"},"wordCount":761,"publisher":{"@id":"https:\/\/news-dev.canadamotorjobs.com\/fr\/#organization"},"image":{"@id":"https:\/\/news-dev.canadamotorjobs.com\/fr\/canada-motor-jobs-lance-une-application-mobile\/#primaryimage"},"thumbnailUrl":"https:\/\/news-dev.canadamotorjobs.com\/wp-content\/uploads\/2021\/03\/facebook-promo-app-fr-ca-1.png","articleSection":["Communiqu\u00e9s","Nouvelles"],"inLanguage":"fr-CA"},{"@type":"WebPage","@id":"https:\/\/news-dev.canadamotorjobs.com\/fr\/canada-motor-jobs-lance-une-application-mobile\/","url":"https:\/\/news-dev.canadamotorjobs.com\/fr\/canada-motor-jobs-lance-une-application-mobile\/","name":"Application native IOS \/ Andro\u00efde Emploi automobile- CanadaMotorJobs","isPartOf":{"@id":"https:\/\/news-dev.canadamotorjobs.com\/fr\/#website"},"primaryImageOfPage":{"@id":"https:\/\/news-dev.canadamotorjobs.com\/fr\/canada-motor-jobs-lance-une-application-mobile\/#primaryimage"},"image":{"@id":"https:\/\/news-dev.canadamotorjobs.com\/fr\/canada-motor-jobs-lance-une-application-mobile\/#primaryimage"},"thumbnailUrl":"https:\/\/news-dev.canadamotorjobs.com\/wp-content\/uploads\/2021\/03\/facebook-promo-app-fr-ca-1.png","datePublished":"2021-03-21T16:18:17+00:00","dateModified":"2021-03-26T18:24:14+00:00","description":"Canada Motor Jobs - Le premier site sp\u00e9cialis\u00e9 d'emplois dans l'industrie \u00e0 lancer une application native t\u00e9l\u00e9chargeable IOS \/ Andr\u00f6ide.","breadcrumb":{"@id":"https:\/\/news-dev.canadamotorjobs.com\/fr\/canada-motor-jobs-lance-une-application-mobile\/#breadcrumb"},"inLanguage":"fr-CA","potentialAction":[{"@type":"ReadAction","target":["https:\/\/news-dev.canadamotorjobs.com\/fr\/canada-motor-jobs-lance-une-application-mobile\/"]}]},{"@type":"ImageObject","inLanguage":"fr-CA","@id":"https:\/\/news-dev.canadamotorjobs.com\/fr\/canada-motor-jobs-lance-une-application-mobile\/#primaryimage","url":"https:\/\/news-dev.canadamotorjobs.com\/wp-content\/uploads\/2021\/03\/facebook-promo-app-fr-ca-1.png","contentUrl":"https:\/\/news-dev.canadamotorjobs.com\/wp-content\/uploads\/2021\/03\/facebook-promo-app-fr-ca-1.png","width":1200,"height":628},{"@type":"BreadcrumbList","@id":"https:\/\/news-dev.canadamotorjobs.com\/fr\/canada-motor-jobs-lance-une-application-mobile\/#breadcrumb","itemListElement":[{"@type":"ListItem","position":1,"name":"Home","item":"https:\/\/news-dev.canadamotorjobs.com\/fr\/"},{"@type":"ListItem","position":2,"name":"Canada Motor Jobs lance une application mobile"}]},{"@type":"WebSite","@id":"https:\/\/news-dev.canadamotorjobs.com\/fr\/#website","url":"https:\/\/news-dev.canadamotorjobs.com\/fr\/","name":"CanadaMotorJobs.com","description":"Automotive Jobs","publisher":{"@id":"https:\/\/news-dev.canadamotorjobs.com\/fr\/#organization"},"potentialAction":[{"@type":"SearchAction","target":{"@type":"EntryPoint","urlTemplate":"https:\/\/news-dev.canadamotorjobs.com\/fr\/?s={search_term_string}"},"query-input":{"@type":"PropertyValueSpecification","valueRequired":true,"valueName":"search_term_string"}}],"inLanguage":"fr-CA"},{"@type":"Organization","@id":"https:\/\/news-dev.canadamotorjobs.com\/fr\/#organization","name":"Canada Motor Jobs","url":"https:\/\/news-dev.canadamotorjobs.com\/fr\/","logo":{"@type":"ImageObject","inLanguage":"fr-CA","@id":"https:\/\/news-dev.canadamotorjobs.com\/fr\/#\/schema\/logo\/image\/","url":"https:\/\/news.canadamotorjobs.com\/wp-content\/uploads\/2022\/10\/logo-canada-motor-jobs-1.png","contentUrl":"https:\/\/news.canadamotorjobs.com\/wp-content\/uploads\/2022\/10\/logo-canada-motor-jobs-1.png","width":800,"height":400,"caption":"Canada Motor Jobs"},"image":{"@id":"https:\/\/news-dev.canadamotorjobs.com\/fr\/#\/schema\/logo\/image\/"},"sameAs":["https:\/\/www.facebook.com\/canadamotorjobs\/","https:\/\/x.com\/canadamotorjobs","https:\/\/www.instagram.com\/canadamotorjobs\/","https:\/\/www.linkedin.com\/company\/canadamotorjobs"]},{"@type":"Person","@id":"https:\/\/news-dev.canadamotorjobs.com\/fr\/#\/schema\/person\/ba6fd903fd6113b44f405ae8a1a65526","name":"Canada Motor Jobs","image":{"@type":"ImageObject","inLanguage":"fr-CA","@id":"https:\/\/secure.gravatar.com\/avatar\/23ee898a3c29479810c2caa667a40cc4b564038122dc4c8fa84bdc96d972d233?s=96&d=mm&r=g","url":"https:\/\/secure.gravatar.com\/avatar\/23ee898a3c29479810c2caa667a40cc4b564038122dc4c8fa84bdc96d972d233?s=96&d=mm&r=g","contentUrl":"https:\/\/secure.gravatar.com\/avatar\/23ee898a3c29479810c2caa667a40cc4b564038122dc4c8fa84bdc96d972d233?s=96&d=mm&r=g","caption":"Canada Motor Jobs"},"url":"https:\/\/news-dev.canadamotorjobs.com\/fr\/author\/casaweb\/"}]}},"_links":{"self":[{"href":"https:\/\/news-dev.canadamotorjobs.com\/fr\/wp-json\/wp\/v2\/posts\/18003","targetHints":{"allow":["GET"]}}],"collection":[{"href":"https:\/\/news-dev.canadamotorjobs.com\/fr\/wp-json\/wp\/v2\/posts"}],"about":[{"href":"https:\/\/news-dev.canadamotorjobs.com\/fr\/wp-json\/wp\/v2\/types\/post"}],"author":[{"embeddable":true,"href":"https:\/\/news-dev.canadamotorjobs.com\/fr\/wp-json\/wp\/v2\/users\/1"}],"replies":[{"embeddable":true,"href":"https:\/\/news-dev.canadamotorjobs.com\/fr\/wp-json\/wp\/v2\/comments?post=18003"}],"version-history":[{"count":0,"href":"https:\/\/news-dev.canadamotorjobs.com\/fr\/wp-json\/wp\/v2\/posts\/18003\/revisions"}],"wp:featuredmedia":[{"embeddable":true,"href":"https:\/\/news-dev.canadamotorjobs.com\/fr\/wp-json\/wp\/v2\/media\/18005"}],"wp:attachment":[{"href":"https:\/\/news-dev.canadamotorjobs.com\/fr\/wp-json\/wp\/v2\/media?parent=18003"}],"wp:term":[{"taxonomy":"category","embeddable":true,"href":"https:\/\/news-dev.canadamotorjobs.com\/fr\/wp-json\/wp\/v2\/categories?post=18003"},{"taxonomy":"post_tag","embeddable":true,"href":"https:\/\/news-dev.canadamotorjobs.com\/fr\/wp-json\/wp\/v2\/tags?post=18003"}],"curies":[{"name":"wp","href":"https:\/\/api.w.org\/{rel}","templated":true}]}}