{"id":20057,"date":"2021-04-26T14:36:09","date_gmt":"2021-04-26T18:36:09","guid":{"rendered":"https:\/\/blog.canadamotorjobs.com\/?p=20057"},"modified":"2021-04-26T14:44:06","modified_gmt":"2021-04-26T18:44:06","slug":"programme-ambassadeur-canada-motor-jobs","status":"publish","type":"post","link":"https:\/\/news-dev.canadamotorjobs.com\/fr\/programme-ambassadeur-canada-motor-jobs\/","title":{"rendered":"Programme ambassadeur Canada Motor Jobs"},"content":{"rendered":"\n<style type=\"text\/css\" data-created_by=\"avia_inline_auto\" id=\"style-css-av-6kf6sx-b170cd50f9d6bc5f68ef4b2d45a1c6f5\">\n.flex_column.av-6kf6sx-b170cd50f9d6bc5f68ef4b2d45a1c6f5{\nborder-radius:0px 0px 0px 0px;\npadding:0px 0px 0px 0px;\n}\n<\/style>\n<div  class='flex_column av-6kf6sx-b170cd50f9d6bc5f68ef4b2d45a1c6f5 av_one_full  avia-builder-el-0  el_before_av_one_full  avia-builder-el-first  first flex_column_div av-animated-generic bottom-to-top av-zero-column-padding  '     ><style type=\"text\/css\" data-created_by=\"avia_inline_auto\" id=\"style-css-av-knywyrzg-f8d3e23076704b079ad5a1bc67063558\">\n#top .av-special-heading.av-knywyrzg-f8d3e23076704b079ad5a1bc67063558{\npadding-bottom:10px;\n}\nbody .av-special-heading.av-knywyrzg-f8d3e23076704b079ad5a1bc67063558 .av-special-heading-tag .heading-char{\nfont-size:25px;\n}\n.av-special-heading.av-knywyrzg-f8d3e23076704b079ad5a1bc67063558 .av-subheading{\nfont-size:15px;\n}\n<\/style>\n<div  class='av-special-heading av-knywyrzg-f8d3e23076704b079ad5a1bc67063558 av-special-heading-h1 blockquote modern-quote  avia-builder-el-1  avia-builder-el-no-sibling '><h1 class='av-special-heading-tag '  itemprop=\"headline\"  >PROGRAMME AMBASSADEUR CANADA MOTOR JOBS<\/h1><div class=\"special-heading-border\"><div class=\"special-heading-inner-border\"><\/div><\/div><\/div><\/div>\n\n<style type=\"text\/css\" data-created_by=\"avia_inline_auto\" id=\"style-css-av-4d4gqp-5e68b2c0941636ccf3d0741ce5d12f08\">\n.flex_column.av-4d4gqp-5e68b2c0941636ccf3d0741ce5d12f08{\nborder-radius:0px 0px 0px 0px;\npadding:0px 0px 0px 0px;\n}\n<\/style>\n<div  class='flex_column av-4d4gqp-5e68b2c0941636ccf3d0741ce5d12f08 av_one_full  avia-builder-el-2  el_after_av_one_full  el_before_av_hr  first flex_column_div av-animated-generic bottom-to-top av-zero-column-padding  column-top-margin'     ><section  class='av_textblock_section av-jzkgfztr-f7438fed06d9b7c9125c536e44585016 '   itemscope=\"itemscope\" itemtype=\"https:\/\/schema.org\/BlogPosting\" itemprop=\"blogPost\" ><div class='avia_textblock'  itemprop=\"text\" ><h2><strong>Une premi\u00e8re pour l\u2019industrie automobile au Canada<\/strong><\/h2>\n<p>Canada Motor Jobs devient le premier site sp\u00e9cialis\u00e9 d\u2019emplois dans l\u2019industrie \u00e0 lancer un programme de r\u00e9f\u00e9rencement (ambassadeur Canada Motor Jobs). Ce programme permet aux ambassadeurs de faire d\u00e9couvrir les emplois disponibles dans l&rsquo;industrie en \u00e9change de r\u00e9compenses.<\/p>\n<p><img loading=\"lazy\" decoding=\"async\" class=\"alignnone size-full wp-image-19865\" src=\"https:\/\/blog.canadamotorjobs.com\/wp-content\/uploads\/2021\/04\/referral-program-facebook-fr_CA.png\" alt=\"\" width=\"1200\" height=\"628\" srcset=\"https:\/\/news-dev.canadamotorjobs.com\/wp-content\/uploads\/2021\/04\/referral-program-facebook-fr_CA.png 1200w, https:\/\/news-dev.canadamotorjobs.com\/wp-content\/uploads\/2021\/04\/referral-program-facebook-fr_CA-300x157.png 300w, https:\/\/news-dev.canadamotorjobs.com\/wp-content\/uploads\/2021\/04\/referral-program-facebook-fr_CA-768x402.png 768w, https:\/\/news-dev.canadamotorjobs.com\/wp-content\/uploads\/2021\/04\/referral-program-facebook-fr_CA-1030x539.png 1030w, https:\/\/news-dev.canadamotorjobs.com\/wp-content\/uploads\/2021\/04\/referral-program-facebook-fr_CA-705x369.png 705w\" sizes=\"auto, (max-width: 1200px) 100vw, 1200px\" \/><\/p>\n<p>Faites conna\u00eetre les emplois disponibles \u00e0 vos contacts ou faites \u00e9conomiser un employeur qui d\u00e9sire embaucher en \u00e9change de r\u00e9compenses. Nous pr\u00e9f\u00e9rons vous r\u00e9compenser plut\u00f4t que de verser des sommes aux g\u00e9ants du WEB.<\/p>\n<p>Ces derni\u00e8res ann\u00e9es, les co\u00fbts de publicit\u00e9 ont explos\u00e9. Afin de conserver nos tarifs comp\u00e9titifs, nous avons d\u00e9cid\u00e9 d&rsquo;innover et de mettre \u00e0 profit le r\u00e9seau de nos usagers.<\/p>\n<h3><strong>Devenez ambassadeur de Canada Motor Jobs et gagnez de l&rsquo;argent!<\/strong><\/h3>\n<div  class='avia-button-wrap av-slj6qh-64d05c9a284bf042af2c646cb982cffa-wrap avia-button-center  avia-builder-el-4  avia-builder-el-no-sibling '>\n<style type=\"text\/css\" data-created_by=\"avia_inline_auto\" id=\"style-css-av-slj6qh-64d05c9a284bf042af2c646cb982cffa\">\n#top #wrap_all .avia-button.av-slj6qh-64d05c9a284bf042af2c646cb982cffa{\nbackground-color:#2c9fd8;\nborder-color:#2c9fd8;\ntransition:all 0.4s ease-in-out;\n}\n#top #wrap_all .avia-button.av-slj6qh-64d05c9a284bf042af2c646cb982cffa:hover{\ncolor:#ffffff;\ntransition:all 0.4s ease-in-out;\n}\n#top #wrap_all .avia-button.av-slj6qh-64d05c9a284bf042af2c646cb982cffa:hover .avia-svg-icon svg:first-child{\nfill:#ffffff;\nstroke:#ffffff;\n}\n<\/style>\n<a href='https:\/\/canadamotorjobs.com\/fr\/programme-ambassadeur'  class='avia-button av-slj6qh-64d05c9a284bf042af2c646cb982cffa av-link-btn avia-icon_select-no avia-size-x-large avia-position-center avia-font-color-theme-color'   aria-label=\"En savoir plus!\"><span class='avia_iconbox_title' >En savoir plus!<\/span><span class='avia_button_background avia-button avia-color-theme-color-highlight' ><\/span><\/a><\/div>\n<\/div><\/section><br \/>\n\n<style type=\"text\/css\" data-created_by=\"avia_inline_auto\" id=\"style-css-av-ptki9l-1c7b524e2fdf7957a020a9fabaf8c1a2\">\n#top .hr.hr-invisible.av-ptki9l-1c7b524e2fdf7957a020a9fabaf8c1a2{\nheight:50px;\n}\n<\/style>\n<div  class='hr av-ptki9l-1c7b524e2fdf7957a020a9fabaf8c1a2 hr-invisible  avia-builder-el-5  el_after_av_textblock  el_before_av_social_share '><span class='hr-inner '><span class=\"hr-inner-style\"><\/span><\/span><\/div><br \/>\n<div  class='av-social-sharing-box av-jzsv2mi8-8f28e1d9ea9ba802b27a5675ceec31fc av-social-sharing-box-default  avia-builder-el-6  el_after_av_hr  el_before_av_image  av-social-sharing-box-fullwidth'><div class=\"av-share-box\"><ul class=\"av-share-box-list noLightbox\"><li class='av-share-link av-social-link-facebook avia_social_iconfont' ><a target=\"_blank\" aria-label=\"Share on Facebook\" href='https:\/\/www.facebook.com\/sharer.php?u=https:\/\/news-dev.canadamotorjobs.com\/fr\/programme-ambassadeur-canada-motor-jobs\/&#038;t=Programme%20ambassadeur%20Canada%20Motor%20Jobs' data-av_icon='\ue8f3' data-av_iconfont='entypo-fontello'  title='' data-avia-related-tooltip='Share on Facebook'><span class='avia_hidden_link_text'>Share on Facebook<\/span><\/a><\/li><li class='av-share-link av-social-link-twitter avia_social_iconfont' ><a target=\"_blank\" aria-label=\"Share on X\" href='https:\/\/twitter.com\/share?text=Programme%20ambassadeur%20Canada%20Motor%20Jobs&#038;url=https:\/\/news-dev.canadamotorjobs.com\/fr\/?p=20057' data-av_icon='\ue932' data-av_iconfont='entypo-fontello'  title='' data-avia-related-tooltip='Share on X'><span class='avia_hidden_link_text'>Share on X<\/span><\/a><\/li><li class='av-share-link av-social-link-linkedin avia_social_iconfont' ><a target=\"_blank\" aria-label=\"Share on LinkedIn\" href='https:\/\/linkedin.com\/shareArticle?mini=true&#038;title=Programme%20ambassadeur%20Canada%20Motor%20Jobs&#038;url=https:\/\/news-dev.canadamotorjobs.com\/fr\/programme-ambassadeur-canada-motor-jobs\/' data-av_icon='\ue8fc' data-av_iconfont='entypo-fontello'  title='' data-avia-related-tooltip='Share on LinkedIn'><span class='avia_hidden_link_text'>Share on LinkedIn<\/span><\/a><\/li><li class='av-share-link av-social-link-mail avia_social_iconfont' ><a  aria-label=\"Share by Mail\" href='mailto:?subject=Programme%20ambassadeur%20Canada%20Motor%20Jobs&#038;body=https:\/\/news-dev.canadamotorjobs.com\/fr\/programme-ambassadeur-canada-motor-jobs\/' data-av_icon='\ue805' data-av_iconfont='entypo-fontello'  title='' data-avia-related-tooltip='Share by Mail'><span class='avia_hidden_link_text'>Share by Mail<\/span><\/a><\/li><\/ul><\/div><\/div><br \/>\n\n<style type=\"text\/css\" data-created_by=\"avia_inline_auto\" id=\"style-css-av-knyxwjuc-3c10f297373448164ff3d0115e1700d9\">\n.avia-image-container.av-knyxwjuc-3c10f297373448164ff3d0115e1700d9 img.avia_image{\nbox-shadow:none;\n}\n.avia-image-container.av-knyxwjuc-3c10f297373448164ff3d0115e1700d9 .av-image-caption-overlay-center{\ncolor:#ffffff;\n}\n<\/style>\n<div  class='avia-image-container av-knyxwjuc-3c10f297373448164ff3d0115e1700d9 av-styling- av-img-linked avia-align-center  avia-builder-el-7  el_after_av_social_share  avia-builder-el-last '   itemprop=\"image\" itemscope=\"itemscope\" itemtype=\"https:\/\/schema.org\/ImageObject\" ><div class=\"avia-image-container-inner\"><div class=\"avia-image-overlay-wrap\"><a href=\"https:\/\/news-dev.canadamotorjobs.com\/fr\/une-application-mobile-pour-trouver-un-emploi-dans-le-domaine-automobile\/\" class='avia_image '  aria-label='facebook-promo-app-fr-ca-1-1.png'><img decoding=\"async\" fetchpriority=\"high\" class='wp-image-18234 avia-img-lazy-loading-not-18234 avia_image ' src=\"https:\/\/news-dev.canadamotorjobs.com\/wp-content\/uploads\/2021\/03\/facebook-promo-app-fr-ca-1-1-1.png\" alt='' title='facebook-promo-app-fr-ca-1-1.png'  height=\"628\" width=\"1200\"  itemprop=\"thumbnailUrl\" srcset=\"https:\/\/news-dev.canadamotorjobs.com\/wp-content\/uploads\/2021\/03\/facebook-promo-app-fr-ca-1-1-1.png 1200w, https:\/\/news-dev.canadamotorjobs.com\/wp-content\/uploads\/2021\/03\/facebook-promo-app-fr-ca-1-1-1-300x157.png 300w, https:\/\/news-dev.canadamotorjobs.com\/wp-content\/uploads\/2021\/03\/facebook-promo-app-fr-ca-1-1-1-768x402.png 768w, https:\/\/news-dev.canadamotorjobs.com\/wp-content\/uploads\/2021\/03\/facebook-promo-app-fr-ca-1-1-1-1030x539.png 1030w, https:\/\/news-dev.canadamotorjobs.com\/wp-content\/uploads\/2021\/03\/facebook-promo-app-fr-ca-1-1-1-705x369.png 705w\" sizes=\"(max-width: 1200px) 100vw, 1200px\" \/><\/a><\/div><\/div><\/div><\/p><\/div>\n<style type=\"text\/css\" data-created_by=\"avia_inline_auto\" id=\"style-css-av-ptki9l-1c7b524e2fdf7957a020a9fabaf8c1a2\">\n#top .hr.hr-invisible.av-ptki9l-1c7b524e2fdf7957a020a9fabaf8c1a2{\nheight:50px;\n}\n<\/style>\n<div  class='hr av-ptki9l-1c7b524e2fdf7957a020a9fabaf8c1a2 hr-invisible  avia-builder-el-8  el_after_av_one_full  el_before_av_blog '><span class='hr-inner '><span class=\"hr-inner-style\"><\/span><\/span><\/div><\/p>\n<div  class='av-alb-blogposts template-blog  '  itemscope=\"itemscope\" itemtype=\"https:\/\/schema.org\/Blog\" ><article class=\"post-entry post-entry-type-standard post-entry-248512 post-loop-1 post-parity-odd single-big with-slider post-248512 post type-post status-publish format-standard has-post-thumbnail hentry category-annuel-automobile\"  itemscope=\"itemscope\" itemtype=\"https:\/\/schema.org\/BlogPosting\" ><div class=\"blog-meta\"><\/div><div class='entry-content-wrapper clearfix standard-content'><header class=\"entry-content-header\" aria-label=\"Post: Ottawa prolonge la suspension de la taxe d\u2019accise sur l\u2019essence\"><div class=\"av-heading-wrapper\"><h2 class='post-title entry-title '  itemprop=\"headline\" ><a href=\"https:\/\/news-dev.canadamotorjobs.com\/fr\/ottawa-prolonge-la-suspension-de-la-taxe-daccise-sur-lessence\/\" rel=\"bookmark\" title=\"Permanent Link: Ottawa prolonge la suspension de la taxe d\u2019accise sur l\u2019essence\">Ottawa prolonge la suspension de la taxe d\u2019accise sur l\u2019essence<span class=\"post-format-icon minor-meta\"><\/span><\/a><\/h2><span class=\"blog-categories minor-meta\"><a href=\"https:\/\/news-dev.canadamotorjobs.com\/fr\/category\/annuel-automobile\/\" rel=\"tag\">Annuel automobile<\/a><\/span><\/div><\/header><span class=\"av-vertical-delimiter\"><\/span><div class=\"big-preview single-big\"  itemprop=\"image\" itemscope=\"itemscope\" itemtype=\"https:\/\/schema.org\/ImageObject\" ><a href=\"https:\/\/news-dev.canadamotorjobs.com\/fr\/ottawa-prolonge-la-suspension-de-la-taxe-daccise-sur-lessence\/\"  title=\"station-service-chute-des-prix-a-la-pompe-prix-a-la-pompe-essence-132914846129445962.jpeg\" ><img decoding=\"async\" loading=\"lazy\" width=\"845\" height=\"321\" src=\"https:\/\/news-dev.canadamotorjobs.com\/wp-content\/uploads\/2026\/04\/station-service-chute-des-prix-a-la-pompe-prix-a-la-pompe-essence-132914846129445962-3-845x321.jpeg\" class=\"wp-image-240043 avia-img-lazy-loading-240043 attachment-entry_with_sidebar size-entry_with_sidebar wp-post-image\" alt=\"\" \/><\/a><\/div><div class=\"entry-content\"  itemprop=\"text\" ><p>Les automobilistes canadiens peuvent souffler un peu. La hausse de 10 cents le litre qui devait s\u2019ajouter au prix de l\u2019essence \u00e0 compter du 8 septembre n\u2019aura finalement pas lieu. Le ministre des Finances, Fran\u00e7ois-Philippe Champagne, a annonc\u00e9 mercredi que la suspension de la taxe d\u2019accise f\u00e9d\u00e9rale sur l\u2019essence et le diesel sera prolong\u00e9e jusqu\u2019au [&hellip;]<\/p>\n<div class=\"read-more-link\"><a href=\"https:\/\/news-dev.canadamotorjobs.com\/fr\/ottawa-prolonge-la-suspension-de-la-taxe-daccise-sur-lessence\/\" class=\"more-link\">Lire la suite<span class='more-link-arrow avia-svg-icon avia-font-svg_entypo-fontello' data-av_svg_icon='right-open-big' data-av_iconset='svg_entypo-fontello'><svg version=\"1.1\" xmlns=\"http:\/\/www.w3.org\/2000\/svg\" width=\"15\" height=\"32\" viewBox=\"0 0 15 32\" preserveAspectRatio=\"xMidYMid meet\" role=\"graphics-symbol\" aria-hidden=\"true\">\n<path d=\"M0.416 27.84l11.456-11.84-11.456-11.904q-0.832-0.832 0-1.536 0.832-0.832 1.536 0l12.544 12.608q0.768 0.832 0 1.6l-12.544 12.608q-0.704 0.832-1.536 0-0.832-0.704 0-1.536z\"><\/path>\n<\/svg><\/span><\/a><\/div>\n<\/div><span class=\"post-meta-infos\"><time class=\"date-container minor-meta updated\"  itemprop=\"datePublished\" datetime=\"2026-09-03T07:43:11-04:00\" >3 septembre 2026<\/time><span class=\"text-sep\">\/<\/span><span class=\"blog-author minor-meta\">par <span class=\"entry-author-link\"  itemprop=\"author\" ><span class=\"author\"><span class=\"fn\"><a href=\"https:\/\/news-dev.canadamotorjobs.com\/fr\/author\/benoit-charette\/\" title=\"Articles par Benoit Charette\" rel=\"author\">Benoit Charette<\/a><\/span><\/span><\/span><\/span><\/span><footer class=\"entry-footer\"><\/footer><div class='post_delimiter'><\/div><\/div><div class=\"post_author_timeline\"><\/div><span class='hidden'>\n\t\t\t\t<span class='av-structured-data'  itemprop=\"image\" itemscope=\"itemscope\" itemtype=\"https:\/\/schema.org\/ImageObject\" >\n\t\t\t\t\t\t<span itemprop='url'>https:\/\/news-dev.canadamotorjobs.com\/wp-content\/uploads\/2026\/04\/station-service-chute-des-prix-a-la-pompe-prix-a-la-pompe-essence-132914846129445962-3.jpeg<\/span>\n\t\t\t\t\t\t<span itemprop='height'>899<\/span>\n\t\t\t\t\t\t<span itemprop='width'>1600<\/span>\n\t\t\t\t<\/span>\n\t\t\t\t<span class='av-structured-data'  itemprop=\"publisher\" itemtype=\"https:\/\/schema.org\/Organization\" itemscope=\"itemscope\" >\n\t\t\t\t\t\t<span itemprop='name'>Benoit Charette<\/span>\n\t\t\t\t\t\t<span itemprop='logo' itemscope itemtype='https:\/\/schema.org\/ImageObject'>\n\t\t\t\t\t\t\t<span itemprop='url'>https:\/\/news.canadamotorjobs.com\/wp-content\/uploads\/2021\/06\/logo-canada-motor-jobs-white-1.png<\/span>\n\t\t\t\t\t\t<\/span>\n\t\t\t\t<\/span><span class='av-structured-data'  itemprop=\"author\" itemscope=\"itemscope\" itemtype=\"https:\/\/schema.org\/Person\" ><span itemprop='name'>Benoit Charette<\/span><\/span><span class='av-structured-data'  itemprop=\"datePublished\" datetime=\"2026-09-03T07:43:11-04:00\" >2026-09-03 07:43:11<\/span><span class='av-structured-data'  itemprop=\"dateModified\" itemtype=\"https:\/\/schema.org\/dateModified\" >2026-09-03 10:37:10<\/span><span class='av-structured-data'  itemprop=\"mainEntityOfPage\" itemtype=\"https:\/\/schema.org\/mainEntityOfPage\" ><span itemprop='name'>Ottawa prolonge la suspension de la taxe d\u2019accise sur l\u2019essence<\/span><\/span><\/span><\/article><article class=\"post-entry post-entry-type-standard post-entry-248520 post-loop-2 post-parity-even single-big with-slider post-248520 post type-post status-publish format-standard has-post-thumbnail hentry category-annuel-automobile\"  itemscope=\"itemscope\" itemtype=\"https:\/\/schema.org\/BlogPosting\" ><div class=\"blog-meta\"><\/div><div class='entry-content-wrapper clearfix standard-content'><header class=\"entry-content-header\" aria-label=\"Post: Quels sont les V\u00c9 qui vieillissent le mieux.\"><div class=\"av-heading-wrapper\"><h2 class='post-title entry-title '  itemprop=\"headline\" ><a href=\"https:\/\/news-dev.canadamotorjobs.com\/fr\/quels-sont-les-ve-qui-vieillissent-le-mieux\/\" rel=\"bookmark\" title=\"Permanent Link: Quels sont les V\u00c9 qui vieillissent le mieux.\">Quels sont les V\u00c9 qui vieillissent le mieux.<span class=\"post-format-icon minor-meta\"><\/span><\/a><\/h2><span class=\"blog-categories minor-meta\"><a href=\"https:\/\/news-dev.canadamotorjobs.com\/fr\/category\/annuel-automobile\/\" rel=\"tag\">Annuel automobile<\/a><\/span><\/div><\/header><span class=\"av-vertical-delimiter\"><\/span><div class=\"big-preview single-big\"  itemprop=\"image\" itemscope=\"itemscope\" itemtype=\"https:\/\/schema.org\/ImageObject\" ><a href=\"https:\/\/news-dev.canadamotorjobs.com\/fr\/quels-sont-les-ve-qui-vieillissent-le-mieux\/\"  title=\"hyundai-ioniq-5-n-2025-hyundai-trois-rivieres-16-scaled-1.jpg\" ><img decoding=\"async\" loading=\"lazy\" width=\"845\" height=\"321\" src=\"https:\/\/news-dev.canadamotorjobs.com\/wp-content\/uploads\/2026\/09\/hyundai-ioniq-5-n-2025-hyundai-trois-rivieres-16-scaled-1-845x321.jpg\" class=\"wp-image-248523 avia-img-lazy-loading-248523 attachment-entry_with_sidebar size-entry_with_sidebar wp-post-image\" alt=\"\" \/><\/a><\/div><div class=\"entry-content\"  itemprop=\"text\" ><p>L\u2019achat d\u2019un v\u00e9hicule \u00e9lectrique usag\u00e9 soul\u00e8ve encore une grande question : dans quel \u00e9tat sera la batterie apr\u00e8s plusieurs ann\u00e9es et des dizaines de milliers de kilom\u00e8tres? Une vaste \u00e9tude r\u00e9alis\u00e9e aux \u00c9tats-Unis par Aviloo, une entreprise sp\u00e9cialis\u00e9e dans le diagnostic des batteries de v\u00e9hicules \u00e9lectriques, apporte des \u00e9l\u00e9ments de r\u00e9ponse plut\u00f4t rassurants. L\u2019entreprise a [&hellip;]<\/p>\n<div class=\"read-more-link\"><a href=\"https:\/\/news-dev.canadamotorjobs.com\/fr\/quels-sont-les-ve-qui-vieillissent-le-mieux\/\" class=\"more-link\">Lire la suite<span class='more-link-arrow avia-svg-icon avia-font-svg_entypo-fontello' data-av_svg_icon='right-open-big' data-av_iconset='svg_entypo-fontello'><svg version=\"1.1\" xmlns=\"http:\/\/www.w3.org\/2000\/svg\" width=\"15\" height=\"32\" viewBox=\"0 0 15 32\" preserveAspectRatio=\"xMidYMid meet\" role=\"graphics-symbol\" aria-hidden=\"true\">\n<path d=\"M0.416 27.84l11.456-11.84-11.456-11.904q-0.832-0.832 0-1.536 0.832-0.832 1.536 0l12.544 12.608q0.768 0.832 0 1.6l-12.544 12.608q-0.704 0.832-1.536 0-0.832-0.704 0-1.536z\"><\/path>\n<\/svg><\/span><\/a><\/div>\n<\/div><span class=\"post-meta-infos\"><time class=\"date-container minor-meta updated\"  itemprop=\"datePublished\" datetime=\"2026-09-03T07:21:25-04:00\" >3 septembre 2026<\/time><span class=\"text-sep\">\/<\/span><span class=\"blog-author minor-meta\">par <span class=\"entry-author-link\"  itemprop=\"author\" ><span class=\"author\"><span class=\"fn\"><a href=\"https:\/\/news-dev.canadamotorjobs.com\/fr\/author\/benoit-charette\/\" title=\"Articles par Benoit Charette\" rel=\"author\">Benoit Charette<\/a><\/span><\/span><\/span><\/span><\/span><footer class=\"entry-footer\"><\/footer><div class='post_delimiter'><\/div><\/div><div class=\"post_author_timeline\"><\/div><span class='hidden'>\n\t\t\t\t<span class='av-structured-data'  itemprop=\"image\" itemscope=\"itemscope\" itemtype=\"https:\/\/schema.org\/ImageObject\" >\n\t\t\t\t\t\t<span itemprop='url'>https:\/\/news-dev.canadamotorjobs.com\/wp-content\/uploads\/2026\/09\/hyundai-ioniq-5-n-2025-hyundai-trois-rivieres-16-scaled-1.jpg<\/span>\n\t\t\t\t\t\t<span itemprop='height'>1366<\/span>\n\t\t\t\t\t\t<span itemprop='width'>2048<\/span>\n\t\t\t\t<\/span>\n\t\t\t\t<span class='av-structured-data'  itemprop=\"publisher\" itemtype=\"https:\/\/schema.org\/Organization\" itemscope=\"itemscope\" >\n\t\t\t\t\t\t<span itemprop='name'>Benoit Charette<\/span>\n\t\t\t\t\t\t<span itemprop='logo' itemscope itemtype='https:\/\/schema.org\/ImageObject'>\n\t\t\t\t\t\t\t<span itemprop='url'>https:\/\/news.canadamotorjobs.com\/wp-content\/uploads\/2021\/06\/logo-canada-motor-jobs-white-1.png<\/span>\n\t\t\t\t\t\t<\/span>\n\t\t\t\t<\/span><span class='av-structured-data'  itemprop=\"author\" itemscope=\"itemscope\" itemtype=\"https:\/\/schema.org\/Person\" ><span itemprop='name'>Benoit Charette<\/span><\/span><span class='av-structured-data'  itemprop=\"datePublished\" datetime=\"2026-09-03T07:21:25-04:00\" >2026-09-03 07:21:25<\/span><span class='av-structured-data'  itemprop=\"dateModified\" itemtype=\"https:\/\/schema.org\/dateModified\" >2026-09-03 10:37:20<\/span><span class='av-structured-data'  itemprop=\"mainEntityOfPage\" itemtype=\"https:\/\/schema.org\/mainEntityOfPage\" ><span itemprop='name'>Quels sont les V\u00c9 qui vieillissent le mieux.<\/span><\/span><\/span><\/article><article class=\"post-entry post-entry-type-standard post-entry-248537 post-loop-3 post-parity-odd post-entry-last single-big with-slider post-248537 post type-post status-publish format-standard has-post-thumbnail hentry category-annuel-automobile\"  itemscope=\"itemscope\" itemtype=\"https:\/\/schema.org\/BlogPosting\" ><div class=\"blog-meta\"><\/div><div class='entry-content-wrapper clearfix standard-content'><header class=\"entry-content-header\" aria-label=\"Post: Visite du mus\u00e9e Mini \u00e0 Oxford \u00e0 l\u2019occasion du 25e anniversaire du mod\u00e8le contemporain\"><div class=\"av-heading-wrapper\"><h2 class='post-title entry-title '  itemprop=\"headline\" ><a href=\"https:\/\/news-dev.canadamotorjobs.com\/fr\/visite-du-musee-mini-a-oxford-a-loccasion-du-25e-anniversaire-du-modele-contemporain\/\" rel=\"bookmark\" title=\"Permanent Link: Visite du mus\u00e9e Mini \u00e0 Oxford \u00e0 l\u2019occasion du 25e anniversaire du mod\u00e8le contemporain\">Visite du mus\u00e9e Mini \u00e0 Oxford \u00e0 l\u2019occasion du 25e anniversaire du mod\u00e8le contemporain<span class=\"post-format-icon minor-meta\"><\/span><\/a><\/h2><span class=\"blog-categories minor-meta\"><a href=\"https:\/\/news-dev.canadamotorjobs.com\/fr\/category\/annuel-automobile\/\" rel=\"tag\">Annuel automobile<\/a><\/span><\/div><\/header><span class=\"av-vertical-delimiter\"><\/span><div class=\"big-preview single-big\"  itemprop=\"image\" itemscope=\"itemscope\" itemtype=\"https:\/\/schema.org\/ImageObject\" ><a href=\"https:\/\/news-dev.canadamotorjobs.com\/fr\/visite-du-musee-mini-a-oxford-a-loccasion-du-25e-anniversaire-du-modele-contemporain\/\"  title=\"IMG_7438-2.jpg\" ><img decoding=\"async\" loading=\"lazy\" width=\"845\" height=\"321\" src=\"https:\/\/news-dev.canadamotorjobs.com\/wp-content\/uploads\/2026\/09\/IMG_7438-2-845x321.jpg\" class=\"wp-image-248541 avia-img-lazy-loading-248541 attachment-entry_with_sidebar size-entry_with_sidebar wp-post-image\" alt=\"\" \/><\/a><\/div><div class=\"entry-content\"  itemprop=\"text\" ><p>Arriv\u00e9e sur le march\u00e9 canadien en 2002, la Mini Cooper contemporaine et produite sous l\u2019\u00e8re de BMW c\u00e9l\u00e8bre pourtant cette ann\u00e9e son 25e anniversaire. La raison est fort simple, c\u2019est que son lancement commercial a eu lieu en 2001 sur la sc\u00e8ne internationale. \u00c0 l\u2019occasion du 25e anniversaire de la Mini Cooper, l\u2019\u00e9quipe \u00e9ditoriale de [&hellip;]<\/p>\n<div class=\"read-more-link\"><a href=\"https:\/\/news-dev.canadamotorjobs.com\/fr\/visite-du-musee-mini-a-oxford-a-loccasion-du-25e-anniversaire-du-modele-contemporain\/\" class=\"more-link\">Lire la suite<span class='more-link-arrow avia-svg-icon avia-font-svg_entypo-fontello' data-av_svg_icon='right-open-big' data-av_iconset='svg_entypo-fontello'><svg version=\"1.1\" xmlns=\"http:\/\/www.w3.org\/2000\/svg\" width=\"15\" height=\"32\" viewBox=\"0 0 15 32\" preserveAspectRatio=\"xMidYMid meet\" role=\"graphics-symbol\" aria-hidden=\"true\">\n<path d=\"M0.416 27.84l11.456-11.84-11.456-11.904q-0.832-0.832 0-1.536 0.832-0.832 1.536 0l12.544 12.608q0.768 0.832 0 1.6l-12.544 12.608q-0.704 0.832-1.536 0-0.832-0.704 0-1.536z\"><\/path>\n<\/svg><\/span><\/a><\/div>\n<\/div><span class=\"post-meta-infos\"><time class=\"date-container minor-meta updated\"  itemprop=\"datePublished\" datetime=\"2026-09-03T06:48:23-04:00\" >3 septembre 2026<\/time><span class=\"text-sep\">\/<\/span><span class=\"blog-author minor-meta\">par <span class=\"entry-author-link\"  itemprop=\"author\" ><span class=\"author\"><span class=\"fn\"><a href=\"https:\/\/news-dev.canadamotorjobs.com\/fr\/author\/benoit-charette\/\" title=\"Articles par Benoit Charette\" rel=\"author\">Benoit Charette<\/a><\/span><\/span><\/span><\/span><\/span><footer class=\"entry-footer\"><\/footer><div class='post_delimiter'><\/div><\/div><div class=\"post_author_timeline\"><\/div><span class='hidden'>\n\t\t\t\t<span class='av-structured-data'  itemprop=\"image\" itemscope=\"itemscope\" itemtype=\"https:\/\/schema.org\/ImageObject\" >\n\t\t\t\t\t\t<span itemprop='url'>https:\/\/news-dev.canadamotorjobs.com\/wp-content\/uploads\/2026\/09\/IMG_7438-2.jpg<\/span>\n\t\t\t\t\t\t<span itemprop='height'>800<\/span>\n\t\t\t\t\t\t<span itemprop='width'>1422<\/span>\n\t\t\t\t<\/span>\n\t\t\t\t<span class='av-structured-data'  itemprop=\"publisher\" itemtype=\"https:\/\/schema.org\/Organization\" itemscope=\"itemscope\" >\n\t\t\t\t\t\t<span itemprop='name'>Benoit Charette<\/span>\n\t\t\t\t\t\t<span itemprop='logo' itemscope itemtype='https:\/\/schema.org\/ImageObject'>\n\t\t\t\t\t\t\t<span itemprop='url'>https:\/\/news.canadamotorjobs.com\/wp-content\/uploads\/2021\/06\/logo-canada-motor-jobs-white-1.png<\/span>\n\t\t\t\t\t\t<\/span>\n\t\t\t\t<\/span><span class='av-structured-data'  itemprop=\"author\" itemscope=\"itemscope\" itemtype=\"https:\/\/schema.org\/Person\" ><span itemprop='name'>Benoit Charette<\/span><\/span><span class='av-structured-data'  itemprop=\"datePublished\" datetime=\"2026-09-03T06:48:23-04:00\" >2026-09-03 06:48:23<\/span><span class='av-structured-data'  itemprop=\"dateModified\" itemtype=\"https:\/\/schema.org\/dateModified\" >2026-09-03 10:37:26<\/span><span class='av-structured-data'  itemprop=\"mainEntityOfPage\" itemtype=\"https:\/\/schema.org\/mainEntityOfPage\" ><span itemprop='name'>Visite du mus\u00e9e Mini \u00e0 Oxford \u00e0 l\u2019occasion du 25e anniversaire du mod\u00e8le contemporain<\/span><\/span><\/span><\/article><div class='single-big'><nav class='pagination'><span class='pagination-meta'>Page 1 of 2036<\/span><span class='current'>1<\/span><a href='https:\/\/news-dev.canadamotorjobs.com\/fr\/wp-json\/wp\/v2\/posts\/20057\/page\/2\/' class='inactive next_page' >2<\/a><a href='https:\/\/news-dev.canadamotorjobs.com\/fr\/wp-json\/wp\/v2\/posts\/20057\/page\/3\/' class='inactive' >3<\/a><a href='https:\/\/news-dev.canadamotorjobs.com\/fr\/wp-json\/wp\/v2\/posts\/20057\/page\/2\/'>&rsaquo;<\/a><a href='https:\/\/news-dev.canadamotorjobs.com\/fr\/wp-json\/wp\/v2\/posts\/20057\/page\/2036\/'>&raquo;<\/a><\/nav>\n<\/div><\/div>\n","protected":false},"excerpt":{"rendered":"","protected":false},"author":1,"featured_media":19865,"comment_status":"closed","ping_status":"closed","sticky":false,"template":"","format":"standard","meta":{"_monsterinsights_skip_tracking":false,"footnotes":""},"categories":[15,17,3],"tags":[],"class_list":["post-20057","post","type-post","status-publish","format-standard","has-post-thumbnail","hentry","category-communique","category-conseils-candidats","category-nouvelles"],"yoast_head":"<!-- This site is optimized with the Yoast SEO plugin v28.4 - https:\/\/yoast.com\/product\/yoast-seo-wordpress\/ -->\n<title>Programme Ambassadeur - CanadaMotorJobs.com<\/title>\n<meta name=\"description\" content=\"Programme ambassadeur Canada Motor Jobs - Ce programme permet aux ambassadeurs de faire d\u00e9couvrir les emplois disponibles dans l&#039;industrie en \u00e9change de r\u00e9compenses.\" \/>\n<meta name=\"robots\" content=\"index, follow, max-snippet:-1, max-image-preview:large, max-video-preview:-1\" \/>\n<link rel=\"canonical\" href=\"https:\/\/news-dev.canadamotorjobs.com\/fr\/programme-ambassadeur-canada-motor-jobs\/\" \/>\n<meta property=\"og:locale\" content=\"fr_CA\" \/>\n<meta property=\"og:type\" content=\"article\" \/>\n<meta property=\"og:title\" content=\"Devenez ambassadeur de Canada Motor Jobs et gagnez de l&#039;argent!\" \/>\n<meta property=\"og:description\" content=\"Ce programme permet aux ambassadeurs de faire d\u00e9couvrir les emplois disponibles dans l&#039;industrie en \u00e9change de r\u00e9compenses.\" \/>\n<meta property=\"og:url\" content=\"https:\/\/news-dev.canadamotorjobs.com\/fr\/programme-ambassadeur-canada-motor-jobs\/\" \/>\n<meta property=\"og:site_name\" content=\"CanadaMotorJobs.com\" \/>\n<meta property=\"article:publisher\" content=\"https:\/\/www.facebook.com\/canadamotorjobs\/\" \/>\n<meta property=\"article:published_time\" content=\"2021-04-26T18:36:09+00:00\" \/>\n<meta property=\"article:modified_time\" content=\"2021-04-26T18:44:06+00:00\" \/>\n<meta property=\"og:image\" content=\"https:\/\/news-dev.canadamotorjobs.com\/wp-content\/uploads\/2021\/04\/referral-program-facebook-fr_CA.png\" \/>\n\t<meta property=\"og:image:width\" content=\"1200\" \/>\n\t<meta property=\"og:image:height\" content=\"628\" \/>\n\t<meta property=\"og:image:type\" content=\"image\/png\" \/>\n<meta name=\"author\" content=\"Canada Motor Jobs\" \/>\n<meta name=\"twitter:card\" content=\"summary_large_image\" \/>\n<meta name=\"twitter:creator\" content=\"@canadamotorjobs\" \/>\n<meta name=\"twitter:site\" content=\"@canadamotorjobs\" \/>\n<meta name=\"twitter:label1\" content=\"\u00c9crit par\" \/>\n\t<meta name=\"twitter:data1\" content=\"Canada Motor Jobs\" \/>\n\t<meta name=\"twitter:label2\" content=\"Estimation du temps de lecture\" \/>\n\t<meta name=\"twitter:data2\" content=\"4 minutes\" \/>\n<!-- \/ Yoast SEO plugin. -->","yoast_head_json":{"title":"Programme Ambassadeur - CanadaMotorJobs.com","description":"Programme ambassadeur Canada Motor Jobs - Ce programme permet aux ambassadeurs de faire d\u00e9couvrir les emplois disponibles dans l'industrie en \u00e9change de r\u00e9compenses.","robots":{"index":"index","follow":"follow","max-snippet":"max-snippet:-1","max-image-preview":"max-image-preview:large","max-video-preview":"max-video-preview:-1"},"canonical":"https:\/\/news-dev.canadamotorjobs.com\/fr\/programme-ambassadeur-canada-motor-jobs\/","og_locale":"fr_CA","og_type":"article","og_title":"Devenez ambassadeur de Canada Motor Jobs et gagnez de l'argent!","og_description":"Ce programme permet aux ambassadeurs de faire d\u00e9couvrir les emplois disponibles dans l'industrie en \u00e9change de r\u00e9compenses.","og_url":"https:\/\/news-dev.canadamotorjobs.com\/fr\/programme-ambassadeur-canada-motor-jobs\/","og_site_name":"CanadaMotorJobs.com","article_publisher":"https:\/\/www.facebook.com\/canadamotorjobs\/","article_published_time":"2021-04-26T18:36:09+00:00","article_modified_time":"2021-04-26T18:44:06+00:00","og_image":[{"width":1200,"height":628,"url":"https:\/\/news-dev.canadamotorjobs.com\/wp-content\/uploads\/2021\/04\/referral-program-facebook-fr_CA.png","type":"image\/png"}],"author":"Canada Motor Jobs","twitter_card":"summary_large_image","twitter_creator":"@canadamotorjobs","twitter_site":"@canadamotorjobs","twitter_misc":{"\u00c9crit par":"Canada Motor Jobs","Estimation du temps de lecture":"4 minutes"},"schema":{"@context":"https:\/\/schema.org","@graph":[{"@type":"Article","@id":"https:\/\/news-dev.canadamotorjobs.com\/fr\/programme-ambassadeur-canada-motor-jobs\/#article","isPartOf":{"@id":"https:\/\/news-dev.canadamotorjobs.com\/fr\/programme-ambassadeur-canada-motor-jobs\/"},"author":{"name":"Canada Motor Jobs","@id":"https:\/\/news-dev.canadamotorjobs.com\/fr\/#\/schema\/person\/ba6fd903fd6113b44f405ae8a1a65526"},"headline":"Programme ambassadeur Canada Motor Jobs","datePublished":"2021-04-26T18:36:09+00:00","dateModified":"2021-04-26T18:44:06+00:00","mainEntityOfPage":{"@id":"https:\/\/news-dev.canadamotorjobs.com\/fr\/programme-ambassadeur-canada-motor-jobs\/"},"wordCount":698,"publisher":{"@id":"https:\/\/news-dev.canadamotorjobs.com\/fr\/#organization"},"image":{"@id":"https:\/\/news-dev.canadamotorjobs.com\/fr\/programme-ambassadeur-canada-motor-jobs\/#primaryimage"},"thumbnailUrl":"https:\/\/news-dev.canadamotorjobs.com\/wp-content\/uploads\/2021\/04\/referral-program-facebook-fr_CA.png","articleSection":["Communiqu\u00e9s","Conseils candidats","Nouvelles"],"inLanguage":"fr-CA"},{"@type":"WebPage","@id":"https:\/\/news-dev.canadamotorjobs.com\/fr\/programme-ambassadeur-canada-motor-jobs\/","url":"https:\/\/news-dev.canadamotorjobs.com\/fr\/programme-ambassadeur-canada-motor-jobs\/","name":"Programme Ambassadeur - CanadaMotorJobs.com","isPartOf":{"@id":"https:\/\/news-dev.canadamotorjobs.com\/fr\/#website"},"primaryImageOfPage":{"@id":"https:\/\/news-dev.canadamotorjobs.com\/fr\/programme-ambassadeur-canada-motor-jobs\/#primaryimage"},"image":{"@id":"https:\/\/news-dev.canadamotorjobs.com\/fr\/programme-ambassadeur-canada-motor-jobs\/#primaryimage"},"thumbnailUrl":"https:\/\/news-dev.canadamotorjobs.com\/wp-content\/uploads\/2021\/04\/referral-program-facebook-fr_CA.png","datePublished":"2021-04-26T18:36:09+00:00","dateModified":"2021-04-26T18:44:06+00:00","description":"Programme ambassadeur Canada Motor Jobs - Ce programme permet aux ambassadeurs de faire d\u00e9couvrir les emplois disponibles dans l'industrie en \u00e9change de r\u00e9compenses.","breadcrumb":{"@id":"https:\/\/news-dev.canadamotorjobs.com\/fr\/programme-ambassadeur-canada-motor-jobs\/#breadcrumb"},"inLanguage":"fr-CA","potentialAction":[{"@type":"ReadAction","target":["https:\/\/news-dev.canadamotorjobs.com\/fr\/programme-ambassadeur-canada-motor-jobs\/"]}]},{"@type":"ImageObject","inLanguage":"fr-CA","@id":"https:\/\/news-dev.canadamotorjobs.com\/fr\/programme-ambassadeur-canada-motor-jobs\/#primaryimage","url":"https:\/\/news-dev.canadamotorjobs.com\/wp-content\/uploads\/2021\/04\/referral-program-facebook-fr_CA.png","contentUrl":"https:\/\/news-dev.canadamotorjobs.com\/wp-content\/uploads\/2021\/04\/referral-program-facebook-fr_CA.png","width":1200,"height":628},{"@type":"BreadcrumbList","@id":"https:\/\/news-dev.canadamotorjobs.com\/fr\/programme-ambassadeur-canada-motor-jobs\/#breadcrumb","itemListElement":[{"@type":"ListItem","position":1,"name":"Home","item":"https:\/\/news-dev.canadamotorjobs.com\/fr\/"},{"@type":"ListItem","position":2,"name":"Programme ambassadeur Canada Motor Jobs"}]},{"@type":"WebSite","@id":"https:\/\/news-dev.canadamotorjobs.com\/fr\/#website","url":"https:\/\/news-dev.canadamotorjobs.com\/fr\/","name":"CanadaMotorJobs.com","description":"Automotive Jobs","publisher":{"@id":"https:\/\/news-dev.canadamotorjobs.com\/fr\/#organization"},"potentialAction":[{"@type":"SearchAction","target":{"@type":"EntryPoint","urlTemplate":"https:\/\/news-dev.canadamotorjobs.com\/fr\/?s={search_term_string}"},"query-input":{"@type":"PropertyValueSpecification","valueRequired":true,"valueName":"search_term_string"}}],"inLanguage":"fr-CA"},{"@type":"Organization","@id":"https:\/\/news-dev.canadamotorjobs.com\/fr\/#organization","name":"Canada Motor Jobs","url":"https:\/\/news-dev.canadamotorjobs.com\/fr\/","logo":{"@type":"ImageObject","inLanguage":"fr-CA","@id":"https:\/\/news-dev.canadamotorjobs.com\/fr\/#\/schema\/logo\/image\/","url":"https:\/\/news.canadamotorjobs.com\/wp-content\/uploads\/2022\/10\/logo-canada-motor-jobs-1.png","contentUrl":"https:\/\/news.canadamotorjobs.com\/wp-content\/uploads\/2022\/10\/logo-canada-motor-jobs-1.png","width":800,"height":400,"caption":"Canada Motor Jobs"},"image":{"@id":"https:\/\/news-dev.canadamotorjobs.com\/fr\/#\/schema\/logo\/image\/"},"sameAs":["https:\/\/www.facebook.com\/canadamotorjobs\/","https:\/\/x.com\/canadamotorjobs","https:\/\/www.instagram.com\/canadamotorjobs\/","https:\/\/www.linkedin.com\/company\/canadamotorjobs"]},{"@type":"Person","@id":"https:\/\/news-dev.canadamotorjobs.com\/fr\/#\/schema\/person\/ba6fd903fd6113b44f405ae8a1a65526","name":"Canada Motor Jobs","image":{"@type":"ImageObject","inLanguage":"fr-CA","@id":"https:\/\/secure.gravatar.com\/avatar\/23ee898a3c29479810c2caa667a40cc4b564038122dc4c8fa84bdc96d972d233?s=96&d=mm&r=g","url":"https:\/\/secure.gravatar.com\/avatar\/23ee898a3c29479810c2caa667a40cc4b564038122dc4c8fa84bdc96d972d233?s=96&d=mm&r=g","contentUrl":"https:\/\/secure.gravatar.com\/avatar\/23ee898a3c29479810c2caa667a40cc4b564038122dc4c8fa84bdc96d972d233?s=96&d=mm&r=g","caption":"Canada Motor Jobs"},"url":"https:\/\/news-dev.canadamotorjobs.com\/fr\/author\/casaweb\/"}]}},"_links":{"self":[{"href":"https:\/\/news-dev.canadamotorjobs.com\/fr\/wp-json\/wp\/v2\/posts\/20057","targetHints":{"allow":["GET"]}}],"collection":[{"href":"https:\/\/news-dev.canadamotorjobs.com\/fr\/wp-json\/wp\/v2\/posts"}],"about":[{"href":"https:\/\/news-dev.canadamotorjobs.com\/fr\/wp-json\/wp\/v2\/types\/post"}],"author":[{"embeddable":true,"href":"https:\/\/news-dev.canadamotorjobs.com\/fr\/wp-json\/wp\/v2\/users\/1"}],"replies":[{"embeddable":true,"href":"https:\/\/news-dev.canadamotorjobs.com\/fr\/wp-json\/wp\/v2\/comments?post=20057"}],"version-history":[{"count":0,"href":"https:\/\/news-dev.canadamotorjobs.com\/fr\/wp-json\/wp\/v2\/posts\/20057\/revisions"}],"wp:featuredmedia":[{"embeddable":true,"href":"https:\/\/news-dev.canadamotorjobs.com\/fr\/wp-json\/wp\/v2\/media\/19865"}],"wp:attachment":[{"href":"https:\/\/news-dev.canadamotorjobs.com\/fr\/wp-json\/wp\/v2\/media?parent=20057"}],"wp:term":[{"taxonomy":"category","embeddable":true,"href":"https:\/\/news-dev.canadamotorjobs.com\/fr\/wp-json\/wp\/v2\/categories?post=20057"},{"taxonomy":"post_tag","embeddable":true,"href":"https:\/\/news-dev.canadamotorjobs.com\/fr\/wp-json\/wp\/v2\/tags?post=20057"}],"curies":[{"name":"wp","href":"https:\/\/api.w.org\/{rel}","templated":true}]}}