{"id":248346,"date":"2026-08-24T07:04:50","date_gmt":"2026-08-24T11:04:50","guid":{"rendered":"https:\/\/news.canadamotorjobs.com\/?p=248346"},"modified":"2026-08-24T07:05:25","modified_gmt":"2026-08-24T11:05:25","slug":"naissance-de-vincenzo-lancia","status":"publish","type":"post","link":"https:\/\/news-dev.canadamotorjobs.com\/fr\/naissance-de-vincenzo-lancia\/","title":{"rendered":"Naissance de Vincenzo Lancia"},"content":{"rendered":"<\/p>\n<p class=\"PDq2pG_selectionAnchorContainer\" data-start=\"117\" data-end=\"451\">Il y a aujourd\u2019hui 140 ans, en 1886 \u2014 Vincenzo Lancia demeure l\u2019une des figures les plus importantes de l\u2019histoire automobile italienne. Pilote, ing\u00e9nieur et entrepreneur, il est surtout le fondateur de <span class=\"contents\" data-content-reference-start=\"447\" data-content-reference-end=\"510\"><span class=\"hover:entity-accent entity-underline inline cursor-pointer align-baseline\"><span class=\"whitespace-normal\">Lancia<\/span><\/span><\/span>, une marque qui allait rapidement se distinguer par son audace technique. Avant de devenir constructeur, Lancia s\u2019\u00e9tait fait conna\u00eetre comme pilote automobile particuli\u00e8rement rapide. Il \u00e9tait souvent le plus v\u00e9loce en piste, mais cette vitesse s\u2019accompagnait parfois d&rsquo;une mal\u00e9diction m\u00e9canique : les pannes avaient tendance \u00e0 lui rappeler que la fiabilit\u00e9 n\u2019\u00e9tait pas encore une option disponible au catalogue.<\/p>\n<h3 data-section-id=\"19y5vfg\" data-start=\"797\" data-end=\"822\">Un pilote d\u2019exception<\/h3>\n<p><\/p>\n<p data-start=\"824\" data-end=\"1052\">L\u2019un de ses faits d\u2019armes les plus remarquables survient lors du premier Grand Prix de France, disput\u00e9 au Mans en 1906. Au volant d\u2019une Fiat, Lancia m\u00e8ne le premier tour et \u00e9tablit un chrono de 53 minutes et 42 secondes. Son talent de pilote \u00e9tait ind\u00e9niable. Il poss\u00e9dait un style rapide et pr\u00e9cis et savait exploiter au maximum les voitures qu\u2019on lui confiait. Ses performances lui ont \u00e9galement permis d\u2019acqu\u00e9rir une connaissance tr\u00e8s concr\u00e8te des limites m\u00e9caniques des automobiles de l\u2019\u00e9poque \u2014 une exp\u00e9rience qui allait devenir pr\u00e9cieuse lorsqu\u2019il passa du c\u00f4t\u00e9 des ing\u00e9nieurs.<\/p>\n<h3 data-section-id=\"e8zm1h\" data-start=\"1418\" data-end=\"1448\">1907 : naissance de Lancia<\/h3>\n<p><\/p>\n<p data-start=\"1450\" data-end=\"1642\">En 1906, Vincenzo Lancia fonde la soci\u00e9t\u00e9 qui porte son nom avec Claudio Fogolin. La premi\u00e8re automobile de s\u00e9rie appara\u00eet en 1907 : la Lancia 12 HP, rapidement surnomm\u00e9e \u00ab Alfa \u00bb. Cette voiture se d\u00e9marque d\u00e9j\u00e0 par une conception moderne pour son \u00e9poque. Lancia privil\u00e9gie la l\u00e9g\u00e8ret\u00e9, l\u2019efficacit\u00e9 et les solutions techniques originales plut\u00f4t que de simplement reproduire les recettes existantes. Cette philosophie deviendra la v\u00e9ritable signature de la marque.<\/p>\n<h3 data-section-id=\"1f2zzaj\" data-start=\"1930\" data-end=\"1954\">La r\u00e9volution Lambda<\/h3>\n<p><\/p>\n<p data-start=\"1956\" data-end=\"2069\">Parmi les cr\u00e9ations les plus importantes de Lancia, la Lambda, lanc\u00e9e en 1922, occupe une place particuli\u00e8re. Elle adopte notamment une carrosserie monocoque, une suspension avant ind\u00e9pendante et un moteur V4 compact. Pour les ann\u00e9es 1920, c\u2019est pratiquement de la science-fiction automobile. La Lambda d\u00e9montre surtout que Vincenzo Lancia n\u2019est pas simplement un constructeur qui cherche \u00e0 vendre des voitures : il veut am\u00e9liorer l\u2019automobile elle-m\u00eame.<\/p>\n<h3 data-section-id=\"nuo6p4\" data-start=\"2426\" data-end=\"2465\">L\u2019Aprilia, son dernier grand projet<\/h3>\n<p><\/p>\n<p data-start=\"2467\" data-end=\"2717\">La derni\u00e8re grande \u0153uvre de Vincenzo Lancia est l\u2019Aprilia, pr\u00e9sent\u00e9e en 1936. L\u00e0 encore, Lancia repousse les limites avec une conception a\u00e9rodynamique particuli\u00e8rement avanc\u00e9e, une suspension ind\u00e9pendante aux quatre roues et une structure l\u00e9g\u00e8re. Ironiquement, Vincenzo ne verra jamais v\u00e9ritablement son dernier projet prendre son envol. Il meurt subitement d\u2019une crise cardiaque le 15 f\u00e9vrier 1937, \u00e0 seulement 56 ans, quelques semaines avant que l\u2019Aprilia ne soit produite \u00e0 grande \u00e9chelle.<\/p>\n<h3 data-section-id=\"11w834b\" data-start=\"2971\" data-end=\"3011\">Un h\u00e9ritage qui d\u00e9passe les voitures<\/h3>\n<p><\/p>\n<p data-start=\"3013\" data-end=\"3334\">Vincenzo Lancia aura donc v\u00e9cu \u00e0 une \u00e9poque o\u00f9 l\u2019automobile passait du statut de curiosit\u00e9 m\u00e9canique \u00e0 celui de v\u00e9ritable moyen de transport. Pilote avant de devenir constructeur, il a utilis\u00e9 son exp\u00e9rience de la comp\u00e9tition pour d\u00e9velopper une philosophie technique qui allait caract\u00e9riser Lancia pendant des d\u00e9cennies. Son parcours peut se r\u00e9sumer en trois mots : vitesse, innovation et audace. Et si Lancia a parfois donn\u00e9 l\u2019impression, au fil de son histoire, d\u2019\u00eatre une marque qui aimait compliquer la vie aux comptables avec des solutions techniques sophistiqu\u00e9es, c\u2019est en grande partie parce que son fondateur avait plac\u00e9 l\u2019ing\u00e9nierie avant la simplicit\u00e9.<\/p>\n<p>Le texte <a href=\"https:\/\/annuelauto.ca\/naissance-de-vincenzo-lancia\/\">Naissance de Vincenzo Lancia<\/a> provient de <a href=\"https:\/\/annuelauto.ca\">L&rsquo;annuel de l&rsquo;automobile &#8211; Actualit\u00e9 automobile<\/a><\/p>\n<p><\/p>\n","protected":false},"excerpt":{"rendered":"<p>Il y a aujourd\u2019hui 140 ans, en 1886 \u2014 Vincenzo Lancia demeure l\u2019une des figures les plus importantes de l\u2019histoire automobile italienne. Pilote, ing\u00e9nieur et entrepreneur, il est surtout le fondateur de Lancia, une marque qui allait rapidement se distinguer par son audace technique. Avant de devenir constructeur, Lancia s\u2019\u00e9tait fait conna\u00eetre comme pilote automobile [&hellip;]<\/p>\n","protected":false},"author":8,"featured_media":248348,"comment_status":"close","ping_status":"closed","sticky":false,"template":"","format":"standard","meta":{"_monsterinsights_skip_tracking":false,"footnotes":""},"categories":[101],"tags":[],"class_list":["post-248346","post","type-post","status-publish","format-standard","has-post-thumbnail","hentry","category-annuel-automobile"],"yoast_head":"<!-- This site is optimized with the Yoast SEO plugin v28.4 - https:\/\/yoast.com\/product\/yoast-seo-wordpress\/ -->\n<title>Naissance de Vincenzo Lancia - CanadaMotorJobs.com<\/title>\n<meta name=\"description\" content=\"Naissance de Vincenzo Lancia - Benoit Charette - Annuel automobile - CanadaMotorJobs.com.\" \/>\n<meta name=\"robots\" content=\"index, follow, max-snippet:-1, max-image-preview:large, max-video-preview:-1\" \/>\n<link rel=\"canonical\" href=\"https:\/\/news-dev.canadamotorjobs.com\/fr\/naissance-de-vincenzo-lancia\/\" \/>\n<meta property=\"og:locale\" content=\"fr_CA\" \/>\n<meta property=\"og:type\" content=\"article\" \/>\n<meta property=\"og:title\" content=\"Naissance de Vincenzo Lancia - CanadaMotorJobs.com\" \/>\n<meta property=\"og:description\" content=\"Naissance de Vincenzo Lancia - Benoit Charette - Annuel automobile - CanadaMotorJobs.com.\" \/>\n<meta property=\"og:url\" content=\"https:\/\/news-dev.canadamotorjobs.com\/fr\/naissance-de-vincenzo-lancia\/\" \/>\n<meta property=\"og:site_name\" content=\"CanadaMotorJobs.com\" \/>\n<meta property=\"article:publisher\" content=\"https:\/\/www.facebook.com\/canadamotorjobs\/\" \/>\n<meta property=\"article:published_time\" content=\"2026-08-24T11:04:50+00:00\" \/>\n<meta property=\"article:modified_time\" content=\"2026-08-24T11:05:25+00:00\" \/>\n<meta property=\"og:image\" content=\"https:\/\/news-dev.canadamotorjobs.com\/wp-content\/uploads\/2026\/08\/B0205390_resize_0cad8fb64ca1b440a7fdab6d6ec42647.jpg\" \/>\n\t<meta property=\"og:image:width\" content=\"620\" \/>\n\t<meta property=\"og:image:height\" content=\"437\" \/>\n\t<meta property=\"og:image:type\" content=\"image\/jpeg\" \/>\n<meta name=\"author\" content=\"Benoit Charette\" \/>\n<meta name=\"twitter:card\" content=\"summary_large_image\" \/>\n<meta name=\"twitter:creator\" content=\"@canadamotorjobs\" \/>\n<meta name=\"twitter:site\" content=\"@canadamotorjobs\" \/>\n<meta name=\"twitter:label1\" content=\"\u00c9crit par\" \/>\n\t<meta name=\"twitter:data1\" content=\"Benoit Charette\" \/>\n\t<meta name=\"twitter:label2\" content=\"Estimation du temps de lecture\" \/>\n\t<meta name=\"twitter:data2\" content=\"3 minutes\" \/>\n<!-- \/ Yoast SEO plugin. -->","yoast_head_json":{"title":"Naissance de Vincenzo Lancia - CanadaMotorJobs.com","description":"Naissance de Vincenzo Lancia - Benoit Charette - Annuel automobile - CanadaMotorJobs.com.","robots":{"index":"index","follow":"follow","max-snippet":"max-snippet:-1","max-image-preview":"max-image-preview:large","max-video-preview":"max-video-preview:-1"},"canonical":"https:\/\/news-dev.canadamotorjobs.com\/fr\/naissance-de-vincenzo-lancia\/","og_locale":"fr_CA","og_type":"article","og_title":"Naissance de Vincenzo Lancia - CanadaMotorJobs.com","og_description":"Naissance de Vincenzo Lancia - Benoit Charette - Annuel automobile - CanadaMotorJobs.com.","og_url":"https:\/\/news-dev.canadamotorjobs.com\/fr\/naissance-de-vincenzo-lancia\/","og_site_name":"CanadaMotorJobs.com","article_publisher":"https:\/\/www.facebook.com\/canadamotorjobs\/","article_published_time":"2026-08-24T11:04:50+00:00","article_modified_time":"2026-08-24T11:05:25+00:00","og_image":[{"width":620,"height":437,"url":"https:\/\/news-dev.canadamotorjobs.com\/wp-content\/uploads\/2026\/08\/B0205390_resize_0cad8fb64ca1b440a7fdab6d6ec42647.jpg","type":"image\/jpeg"}],"author":"Benoit Charette","twitter_card":"summary_large_image","twitter_creator":"@canadamotorjobs","twitter_site":"@canadamotorjobs","twitter_misc":{"\u00c9crit par":"Benoit Charette","Estimation du temps de lecture":"3 minutes"},"schema":{"@context":"https:\/\/schema.org","@graph":[{"@type":"Article","@id":"https:\/\/news-dev.canadamotorjobs.com\/fr\/naissance-de-vincenzo-lancia\/#article","isPartOf":{"@id":"https:\/\/news-dev.canadamotorjobs.com\/fr\/naissance-de-vincenzo-lancia\/"},"author":{"name":"Benoit Charette","@id":"https:\/\/news-dev.canadamotorjobs.com\/fr\/#\/schema\/person\/1f6304dc4fb508188fb1418c9efd14dd"},"headline":"Naissance de Vincenzo Lancia","datePublished":"2026-08-24T11:04:50+00:00","dateModified":"2026-08-24T11:05:25+00:00","mainEntityOfPage":{"@id":"https:\/\/news-dev.canadamotorjobs.com\/fr\/naissance-de-vincenzo-lancia\/"},"wordCount":599,"publisher":{"@id":"https:\/\/news-dev.canadamotorjobs.com\/fr\/#organization"},"image":{"@id":"https:\/\/news-dev.canadamotorjobs.com\/fr\/naissance-de-vincenzo-lancia\/#primaryimage"},"thumbnailUrl":"https:\/\/news-dev.canadamotorjobs.com\/wp-content\/uploads\/2026\/08\/B0205390_resize_0cad8fb64ca1b440a7fdab6d6ec42647.jpg","articleSection":["Annuel automobile"],"inLanguage":"fr-CA"},{"@type":"WebPage","@id":"https:\/\/news-dev.canadamotorjobs.com\/fr\/naissance-de-vincenzo-lancia\/","url":"https:\/\/news-dev.canadamotorjobs.com\/fr\/naissance-de-vincenzo-lancia\/","name":"Naissance de Vincenzo Lancia - CanadaMotorJobs.com","isPartOf":{"@id":"https:\/\/news-dev.canadamotorjobs.com\/fr\/#website"},"primaryImageOfPage":{"@id":"https:\/\/news-dev.canadamotorjobs.com\/fr\/naissance-de-vincenzo-lancia\/#primaryimage"},"image":{"@id":"https:\/\/news-dev.canadamotorjobs.com\/fr\/naissance-de-vincenzo-lancia\/#primaryimage"},"thumbnailUrl":"https:\/\/news-dev.canadamotorjobs.com\/wp-content\/uploads\/2026\/08\/B0205390_resize_0cad8fb64ca1b440a7fdab6d6ec42647.jpg","datePublished":"2026-08-24T11:04:50+00:00","dateModified":"2026-08-24T11:05:25+00:00","description":"Naissance de Vincenzo Lancia - Benoit Charette - Annuel automobile - CanadaMotorJobs.com.","breadcrumb":{"@id":"https:\/\/news-dev.canadamotorjobs.com\/fr\/naissance-de-vincenzo-lancia\/#breadcrumb"},"inLanguage":"fr-CA","potentialAction":[{"@type":"ReadAction","target":["https:\/\/news-dev.canadamotorjobs.com\/fr\/naissance-de-vincenzo-lancia\/"]}]},{"@type":"ImageObject","inLanguage":"fr-CA","@id":"https:\/\/news-dev.canadamotorjobs.com\/fr\/naissance-de-vincenzo-lancia\/#primaryimage","url":"https:\/\/news-dev.canadamotorjobs.com\/wp-content\/uploads\/2026\/08\/B0205390_resize_0cad8fb64ca1b440a7fdab6d6ec42647.jpg","contentUrl":"https:\/\/news-dev.canadamotorjobs.com\/wp-content\/uploads\/2026\/08\/B0205390_resize_0cad8fb64ca1b440a7fdab6d6ec42647.jpg","width":620,"height":437},{"@type":"BreadcrumbList","@id":"https:\/\/news-dev.canadamotorjobs.com\/fr\/naissance-de-vincenzo-lancia\/#breadcrumb","itemListElement":[{"@type":"ListItem","position":1,"name":"Home","item":"https:\/\/news-dev.canadamotorjobs.com\/fr\/"},{"@type":"ListItem","position":2,"name":"Naissance de Vincenzo Lancia"}]},{"@type":"WebSite","@id":"https:\/\/news-dev.canadamotorjobs.com\/fr\/#website","url":"https:\/\/news-dev.canadamotorjobs.com\/fr\/","name":"CanadaMotorJobs.com","description":"Automotive Jobs","publisher":{"@id":"https:\/\/news-dev.canadamotorjobs.com\/fr\/#organization"},"potentialAction":[{"@type":"SearchAction","target":{"@type":"EntryPoint","urlTemplate":"https:\/\/news-dev.canadamotorjobs.com\/fr\/?s={search_term_string}"},"query-input":{"@type":"PropertyValueSpecification","valueRequired":true,"valueName":"search_term_string"}}],"inLanguage":"fr-CA"},{"@type":"Organization","@id":"https:\/\/news-dev.canadamotorjobs.com\/fr\/#organization","name":"Canada Motor Jobs","url":"https:\/\/news-dev.canadamotorjobs.com\/fr\/","logo":{"@type":"ImageObject","inLanguage":"fr-CA","@id":"https:\/\/news-dev.canadamotorjobs.com\/fr\/#\/schema\/logo\/image\/","url":"https:\/\/news.canadamotorjobs.com\/wp-content\/uploads\/2022\/10\/logo-canada-motor-jobs-1.png","contentUrl":"https:\/\/news.canadamotorjobs.com\/wp-content\/uploads\/2022\/10\/logo-canada-motor-jobs-1.png","width":800,"height":400,"caption":"Canada Motor Jobs"},"image":{"@id":"https:\/\/news-dev.canadamotorjobs.com\/fr\/#\/schema\/logo\/image\/"},"sameAs":["https:\/\/www.facebook.com\/canadamotorjobs\/","https:\/\/x.com\/canadamotorjobs","https:\/\/www.instagram.com\/canadamotorjobs\/","https:\/\/www.linkedin.com\/company\/canadamotorjobs"]},{"@type":"Person","@id":"https:\/\/news-dev.canadamotorjobs.com\/fr\/#\/schema\/person\/1f6304dc4fb508188fb1418c9efd14dd","name":"Benoit Charette","image":{"@type":"ImageObject","inLanguage":"fr-CA","@id":"https:\/\/secure.gravatar.com\/avatar\/8ebad7d4cd5c8ab847a16fc24c8cbb8cc9a64dbd8bd6f73a3f951682b0f9a696?s=96&d=mm&r=g","url":"https:\/\/secure.gravatar.com\/avatar\/8ebad7d4cd5c8ab847a16fc24c8cbb8cc9a64dbd8bd6f73a3f951682b0f9a696?s=96&d=mm&r=g","contentUrl":"https:\/\/secure.gravatar.com\/avatar\/8ebad7d4cd5c8ab847a16fc24c8cbb8cc9a64dbd8bd6f73a3f951682b0f9a696?s=96&d=mm&r=g","caption":"Benoit Charette"},"description":"Benoit Charette \/ Propri\u00e9taire et r\u00e9dacteur en chef Benoit Charette pratique le journalisme automobile depuis bient\u00f4t 30 ans. Il a fait ses classes au c\u00f4t\u00e9 de Daniel H\u00e9raud et au Carnet de route de 1992 \u00e0 2001. Il est fondateur, copropri\u00e9taire et r\u00e9dacteur en chef de L\u2019Annuel de l\u2019automobile, qu\u2019il publie depuis 2001. Il a anim\u00e9 les \u00e9missions RPM et RPM+ sur V et les L\u00e9gendes de la route sur Historia. \u00c0 la radio depuis 1986, il reprend l\u2019antenne cette ann\u00e9e sur les ondes de Cogeco et participe pour la deuxi\u00e8me ann\u00e9e \u00e0 l\u2019\u00e9mission Passion Auto sur RDS en plus de mettre en ligne le site Web officiel de L\u2019Annuel de l\u2019automobile sur annuelauto.ca.","sameAs":["https:\/\/annuelauto.ca\/"],"url":"https:\/\/news-dev.canadamotorjobs.com\/fr\/author\/benoit-charette\/"}]}},"_links":{"self":[{"href":"https:\/\/news-dev.canadamotorjobs.com\/fr\/wp-json\/wp\/v2\/posts\/248346","targetHints":{"allow":["GET"]}}],"collection":[{"href":"https:\/\/news-dev.canadamotorjobs.com\/fr\/wp-json\/wp\/v2\/posts"}],"about":[{"href":"https:\/\/news-dev.canadamotorjobs.com\/fr\/wp-json\/wp\/v2\/types\/post"}],"author":[{"embeddable":true,"href":"https:\/\/news-dev.canadamotorjobs.com\/fr\/wp-json\/wp\/v2\/users\/8"}],"replies":[{"embeddable":true,"href":"https:\/\/news-dev.canadamotorjobs.com\/fr\/wp-json\/wp\/v2\/comments?post=248346"}],"version-history":[{"count":2,"href":"https:\/\/news-dev.canadamotorjobs.com\/fr\/wp-json\/wp\/v2\/posts\/248346\/revisions"}],"predecessor-version":[{"id":248350,"href":"https:\/\/news-dev.canadamotorjobs.com\/fr\/wp-json\/wp\/v2\/posts\/248346\/revisions\/248350"}],"wp:featuredmedia":[{"embeddable":true,"href":"https:\/\/news-dev.canadamotorjobs.com\/fr\/wp-json\/wp\/v2\/media\/248348"}],"wp:attachment":[{"href":"https:\/\/news-dev.canadamotorjobs.com\/fr\/wp-json\/wp\/v2\/media?parent=248346"}],"wp:term":[{"taxonomy":"category","embeddable":true,"href":"https:\/\/news-dev.canadamotorjobs.com\/fr\/wp-json\/wp\/v2\/categories?post=248346"},{"taxonomy":"post_tag","embeddable":true,"href":"https:\/\/news-dev.canadamotorjobs.com\/fr\/wp-json\/wp\/v2\/tags?post=248346"}],"curies":[{"name":"wp","href":"https:\/\/api.w.org\/{rel}","templated":true}]}}