{"id":248384,"date":"2026-08-24T07:29:48","date_gmt":"2026-08-24T11:29:48","guid":{"rendered":"https:\/\/news.canadamotorjobs.com\/?p=248384"},"modified":"2026-08-24T07:35:26","modified_gmt":"2026-08-24T11:35:26","slug":"unifor-et-general-motors-concluent-des-ententes-de-principe","status":"publish","type":"post","link":"https:\/\/news-dev.canadamotorjobs.com\/fr\/unifor-et-general-motors-concluent-des-ententes-de-principe\/","title":{"rendered":"Unifor et General Motors concluent des ententes de principe"},"content":{"rendered":"<\/p>\n<p data-start=\"677\" data-end=\"847\">Le syndicat Unifor et General Motors ont conclu des ententes de principe couvrant plus de 4 600 travailleurs syndiqu\u00e9s dans quatre installations de GM en Ontario. L\u2019accord doit maintenant \u00eatre soumis aux membres pour ratification lors de r\u00e9unions pr\u00e9vues les 29 et 30 ao\u00fbt. Les ententes concernent les membres des sections locales 222, 88, 199 et 636 d\u2019Unifor, qui travaillent notamment \u00e0 l\u2019usine d\u2019assemblage de GM \u00e0 Oshawa, \u00e0 l\u2019usine CAMI d\u2019Ingersoll, \u00e0 l\u2019usine de groupes propulseurs de St. Catharines et au centre de distribution de pi\u00e8ces de Woodstock. Le comit\u00e9 de n\u00e9gociation principal d\u2019Unifor pour GM a approuv\u00e9 les ententes \u00e0 l\u2019unanimit\u00e9, a indiqu\u00e9 le syndicat le 22 ao\u00fbt.<\/p>\n<h3 data-section-id=\"odd0sq\" data-start=\"1384\" data-end=\"1427\">Les d\u00e9tails de l\u2019entente restent secrets<\/h3>\n<p><\/p>\n<p data-start=\"1429\" data-end=\"1561\">Pour l\u2019instant, Unifor n\u2019a pas d\u00e9voil\u00e9 les d\u00e9tails financiers ou les principales dispositions des nouvelles conventions collectives. Les travailleurs devraient obtenir tous les d\u00e9tails lors des assembl\u00e9es de ratification des 29 et 30 ao\u00fbt. Cette confidentialit\u00e9 temporaire emp\u00eache notamment de confirmer si les employ\u00e9s de GM b\u00e9n\u00e9ficieront des m\u00eames grandes lignes que celles n\u00e9goci\u00e9es r\u00e9cemment avec Ford.<\/p>\n<h3 data-section-id=\"b58bly\" data-start=\"1839\" data-end=\"1867\">Ford avait ouvert la voie<\/h3>\n<p><\/p>\n<p data-start=\"1869\" data-end=\"2049\">Les n\u00e9gociations avec GM ont d\u00e9but\u00e9 le 10 ao\u00fbt, peu apr\u00e8s que les membres d\u2019Unifor chez <span class=\"contents\" data-content-reference-start=\"1961\" data-content-reference-end=\"2014\"><span class=\"hover:entity-accent entity-underline inline cursor-pointer align-baseline\"><span class=\"whitespace-normal\">Ford Motor Company<\/span><\/span><\/span> eurent ratifi\u00e9 une nouvelle convention collective. L\u2019accord conclu avec Ford est devenu la r\u00e9f\u00e9rence pour les n\u00e9gociations d\u2019Unifor avec les trois grands constructeurs am\u00e9ricains. L\u2019entente pr\u00e9voyait notamment des augmentations salariales annuelles de 3 %, une prime de signature de 10 000 $ ainsi qu\u2019un engagement d\u2019investissement de plus d\u2019un milliard de dollars pour soutenir la production de v\u00e9hicules et de moteurs au Canada. GM devait donc composer avec une barre d\u00e9j\u00e0 plac\u00e9e assez haut. Les travailleurs de l\u2019automobile ont maintenant une assez bonne id\u00e9e de ce qu\u2019ils peuvent raisonnablement esp\u00e9rer obtenir \u2014 et les n\u00e9gociateurs de GM savent qu\u2019Unifor ne vient pas \u00e0 la table avec une calculette cass\u00e9e.<\/p>\n<h3 data-section-id=\"1s4j2tj\" data-start=\"2728\" data-end=\"2766\">Un secteur automobile sous pression<\/h3>\n<p><\/p>\n<p data-start=\"2768\" data-end=\"2899\">La conclusion de cette entente de principe survient alors que l\u2019industrie automobile canadienne traverse une p\u00e9riode d\u2019incertitude. La guerre commerciale entre le Canada et les \u00c9tats-Unis, notamment les droits de douane impos\u00e9s aux v\u00e9hicules et aux pi\u00e8ces automobiles, ajoute une pression consid\u00e9rable sur les constructeurs et leurs fournisseurs. Pour GM, comme pour Ford et Stellantis, la capacit\u00e9 de maintenir des investissements et des volumes de production comp\u00e9titifs au Canada demeure donc un enjeu majeur. Les nouvelles conventions collectives devront permettre de concilier les revendications des travailleurs avec la r\u00e9alit\u00e9 \u00e9conomique d\u2019une industrie nord-am\u00e9ricaine confront\u00e9e \u00e0 des co\u00fbts croissants et \u00e0 un environnement commercial de plus en plus impr\u00e9visible.<\/p>\n<h3 data-section-id=\"ibfmz4\" data-start=\"3546\" data-end=\"3577\">Prochaine \u00e9tape : Stellantis<\/h3>\n<p><\/p>\n<p data-start=\"3579\" data-end=\"3731\">Si les membres d\u2019Unifor ratifient les ententes avec GM, le syndicat pourra rapidement passer au prochain dossier : les n\u00e9gociations avec Stellantis. Le constructeur de Chrysler, Jeep, Dodge et Ram sera donc le dernier des trois grands constructeurs am\u00e9ricains \u00e0 devoir n\u00e9gocier avec Unifor. Apr\u00e8s Ford et GM, la question sera maintenant de savoir si Stellantis acceptera de suivre le m\u00eame mod\u00e8le salarial et d\u2019investissement \u00e9tabli par ses deux concurrents. Une chose est certaine : dans les usines automobiles canadiennes, l\u2019automne s\u2019annonce aussi anim\u00e9 que les cha\u00eenes de montage.<\/p>\n<p><\/p>\n<p data-start=\"4171\" data-end=\"4352\">Avec des renseignements d&rsquo;Automotive News<\/p>\n<p>Le texte <a href=\"https:\/\/annuelauto.ca\/unifor-et-general-motors-concluent-des-ententes-de-principe\/\">Unifor et General Motors concluent des ententes de principe<\/a> provient de <a href=\"https:\/\/annuelauto.ca\">L&rsquo;annuel de l&rsquo;automobile &#8211; Actualit\u00e9 automobile<\/a><\/p>\n<p><\/p>\n","protected":false},"excerpt":{"rendered":"<p>Le syndicat Unifor et General Motors ont conclu des ententes de principe couvrant plus de 4 600 travailleurs syndiqu\u00e9s dans quatre installations de GM en Ontario. L\u2019accord doit maintenant \u00eatre soumis aux membres pour ratification lors de r\u00e9unions pr\u00e9vues les 29 et 30 ao\u00fbt. Les ententes concernent les membres des sections locales 222, 88, 199 [&hellip;]<\/p>\n","protected":false},"author":8,"featured_media":248386,"comment_status":"close","ping_status":"closed","sticky":false,"template":"","format":"standard","meta":{"_monsterinsights_skip_tracking":false,"footnotes":""},"categories":[101],"tags":[],"class_list":["post-248384","post","type-post","status-publish","format-standard","has-post-thumbnail","hentry","category-annuel-automobile"],"yoast_head":"<!-- This site is optimized with the Yoast SEO plugin v28.4 - https:\/\/yoast.com\/product\/yoast-seo-wordpress\/ -->\n<title>Unifor et General Motors concluent des ententes de principe - CanadaMotorJobs.com<\/title>\n<meta name=\"description\" content=\"Unifor et General Motors concluent des ententes de principe - Benoit Charette - Annuel automobile - CanadaMotorJobs.com.\" \/>\n<meta name=\"robots\" content=\"index, follow, max-snippet:-1, max-image-preview:large, max-video-preview:-1\" \/>\n<link rel=\"canonical\" href=\"https:\/\/news-dev.canadamotorjobs.com\/fr\/unifor-et-general-motors-concluent-des-ententes-de-principe\/\" \/>\n<meta property=\"og:locale\" content=\"fr_CA\" \/>\n<meta property=\"og:type\" content=\"article\" \/>\n<meta property=\"og:title\" content=\"Unifor et General Motors concluent des ententes de principe - CanadaMotorJobs.com\" \/>\n<meta property=\"og:description\" content=\"Unifor et General Motors concluent des ententes de principe - Benoit Charette - Annuel automobile - CanadaMotorJobs.com.\" \/>\n<meta property=\"og:url\" content=\"https:\/\/news-dev.canadamotorjobs.com\/fr\/unifor-et-general-motors-concluent-des-ententes-de-principe\/\" \/>\n<meta property=\"og:site_name\" content=\"CanadaMotorJobs.com\" \/>\n<meta property=\"article:publisher\" content=\"https:\/\/www.facebook.com\/canadamotorjobs\/\" \/>\n<meta property=\"article:published_time\" content=\"2026-08-24T11:29:48+00:00\" \/>\n<meta property=\"article:modified_time\" content=\"2026-08-24T11:35:26+00:00\" \/>\n<meta property=\"og:image\" content=\"https:\/\/news-dev.canadamotorjobs.com\/wp-content\/uploads\/2026\/08\/oshawacopy-1200x600-1.jpg\" \/>\n\t<meta property=\"og:image:width\" content=\"1200\" \/>\n\t<meta property=\"og:image:height\" content=\"600\" \/>\n\t<meta property=\"og:image:type\" content=\"image\/jpeg\" \/>\n<meta name=\"author\" content=\"Benoit Charette\" \/>\n<meta name=\"twitter:card\" content=\"summary_large_image\" \/>\n<meta name=\"twitter:creator\" content=\"@canadamotorjobs\" \/>\n<meta name=\"twitter:site\" content=\"@canadamotorjobs\" \/>\n<meta name=\"twitter:label1\" content=\"\u00c9crit par\" \/>\n\t<meta name=\"twitter:data1\" content=\"Benoit Charette\" \/>\n\t<meta name=\"twitter:label2\" content=\"Estimation du temps de lecture\" \/>\n\t<meta name=\"twitter:data2\" content=\"3 minutes\" \/>\n<!-- \/ Yoast SEO plugin. -->","yoast_head_json":{"title":"Unifor et General Motors concluent des ententes de principe - CanadaMotorJobs.com","description":"Unifor et General Motors concluent des ententes de principe - Benoit Charette - Annuel automobile - CanadaMotorJobs.com.","robots":{"index":"index","follow":"follow","max-snippet":"max-snippet:-1","max-image-preview":"max-image-preview:large","max-video-preview":"max-video-preview:-1"},"canonical":"https:\/\/news-dev.canadamotorjobs.com\/fr\/unifor-et-general-motors-concluent-des-ententes-de-principe\/","og_locale":"fr_CA","og_type":"article","og_title":"Unifor et General Motors concluent des ententes de principe - CanadaMotorJobs.com","og_description":"Unifor et General Motors concluent des ententes de principe - Benoit Charette - Annuel automobile - CanadaMotorJobs.com.","og_url":"https:\/\/news-dev.canadamotorjobs.com\/fr\/unifor-et-general-motors-concluent-des-ententes-de-principe\/","og_site_name":"CanadaMotorJobs.com","article_publisher":"https:\/\/www.facebook.com\/canadamotorjobs\/","article_published_time":"2026-08-24T11:29:48+00:00","article_modified_time":"2026-08-24T11:35:26+00:00","og_image":[{"width":1200,"height":600,"url":"https:\/\/news-dev.canadamotorjobs.com\/wp-content\/uploads\/2026\/08\/oshawacopy-1200x600-1.jpg","type":"image\/jpeg"}],"author":"Benoit Charette","twitter_card":"summary_large_image","twitter_creator":"@canadamotorjobs","twitter_site":"@canadamotorjobs","twitter_misc":{"\u00c9crit par":"Benoit Charette","Estimation du temps de lecture":"3 minutes"},"schema":{"@context":"https:\/\/schema.org","@graph":[{"@type":"Article","@id":"https:\/\/news-dev.canadamotorjobs.com\/fr\/unifor-et-general-motors-concluent-des-ententes-de-principe\/#article","isPartOf":{"@id":"https:\/\/news-dev.canadamotorjobs.com\/fr\/unifor-et-general-motors-concluent-des-ententes-de-principe\/"},"author":{"name":"Benoit Charette","@id":"https:\/\/news-dev.canadamotorjobs.com\/fr\/#\/schema\/person\/1f6304dc4fb508188fb1418c9efd14dd"},"headline":"Unifor et General Motors concluent des ententes de principe","datePublished":"2026-08-24T11:29:48+00:00","dateModified":"2026-08-24T11:35:26+00:00","mainEntityOfPage":{"@id":"https:\/\/news-dev.canadamotorjobs.com\/fr\/unifor-et-general-motors-concluent-des-ententes-de-principe\/"},"wordCount":602,"publisher":{"@id":"https:\/\/news-dev.canadamotorjobs.com\/fr\/#organization"},"image":{"@id":"https:\/\/news-dev.canadamotorjobs.com\/fr\/unifor-et-general-motors-concluent-des-ententes-de-principe\/#primaryimage"},"thumbnailUrl":"https:\/\/news-dev.canadamotorjobs.com\/wp-content\/uploads\/2026\/08\/oshawacopy-1200x600-1.jpg","articleSection":["Annuel automobile"],"inLanguage":"fr-CA"},{"@type":"WebPage","@id":"https:\/\/news-dev.canadamotorjobs.com\/fr\/unifor-et-general-motors-concluent-des-ententes-de-principe\/","url":"https:\/\/news-dev.canadamotorjobs.com\/fr\/unifor-et-general-motors-concluent-des-ententes-de-principe\/","name":"Unifor et General Motors concluent des ententes de principe - CanadaMotorJobs.com","isPartOf":{"@id":"https:\/\/news-dev.canadamotorjobs.com\/fr\/#website"},"primaryImageOfPage":{"@id":"https:\/\/news-dev.canadamotorjobs.com\/fr\/unifor-et-general-motors-concluent-des-ententes-de-principe\/#primaryimage"},"image":{"@id":"https:\/\/news-dev.canadamotorjobs.com\/fr\/unifor-et-general-motors-concluent-des-ententes-de-principe\/#primaryimage"},"thumbnailUrl":"https:\/\/news-dev.canadamotorjobs.com\/wp-content\/uploads\/2026\/08\/oshawacopy-1200x600-1.jpg","datePublished":"2026-08-24T11:29:48+00:00","dateModified":"2026-08-24T11:35:26+00:00","description":"Unifor et General Motors concluent des ententes de principe - Benoit Charette - Annuel automobile - CanadaMotorJobs.com.","breadcrumb":{"@id":"https:\/\/news-dev.canadamotorjobs.com\/fr\/unifor-et-general-motors-concluent-des-ententes-de-principe\/#breadcrumb"},"inLanguage":"fr-CA","potentialAction":[{"@type":"ReadAction","target":["https:\/\/news-dev.canadamotorjobs.com\/fr\/unifor-et-general-motors-concluent-des-ententes-de-principe\/"]}]},{"@type":"ImageObject","inLanguage":"fr-CA","@id":"https:\/\/news-dev.canadamotorjobs.com\/fr\/unifor-et-general-motors-concluent-des-ententes-de-principe\/#primaryimage","url":"https:\/\/news-dev.canadamotorjobs.com\/wp-content\/uploads\/2026\/08\/oshawacopy-1200x600-1.jpg","contentUrl":"https:\/\/news-dev.canadamotorjobs.com\/wp-content\/uploads\/2026\/08\/oshawacopy-1200x600-1.jpg","width":1200,"height":600},{"@type":"BreadcrumbList","@id":"https:\/\/news-dev.canadamotorjobs.com\/fr\/unifor-et-general-motors-concluent-des-ententes-de-principe\/#breadcrumb","itemListElement":[{"@type":"ListItem","position":1,"name":"Home","item":"https:\/\/news-dev.canadamotorjobs.com\/fr\/"},{"@type":"ListItem","position":2,"name":"Unifor et General Motors concluent des ententes de principe"}]},{"@type":"WebSite","@id":"https:\/\/news-dev.canadamotorjobs.com\/fr\/#website","url":"https:\/\/news-dev.canadamotorjobs.com\/fr\/","name":"CanadaMotorJobs.com","description":"Automotive Jobs","publisher":{"@id":"https:\/\/news-dev.canadamotorjobs.com\/fr\/#organization"},"potentialAction":[{"@type":"SearchAction","target":{"@type":"EntryPoint","urlTemplate":"https:\/\/news-dev.canadamotorjobs.com\/fr\/?s={search_term_string}"},"query-input":{"@type":"PropertyValueSpecification","valueRequired":true,"valueName":"search_term_string"}}],"inLanguage":"fr-CA"},{"@type":"Organization","@id":"https:\/\/news-dev.canadamotorjobs.com\/fr\/#organization","name":"Canada Motor Jobs","url":"https:\/\/news-dev.canadamotorjobs.com\/fr\/","logo":{"@type":"ImageObject","inLanguage":"fr-CA","@id":"https:\/\/news-dev.canadamotorjobs.com\/fr\/#\/schema\/logo\/image\/","url":"https:\/\/news.canadamotorjobs.com\/wp-content\/uploads\/2022\/10\/logo-canada-motor-jobs-1.png","contentUrl":"https:\/\/news.canadamotorjobs.com\/wp-content\/uploads\/2022\/10\/logo-canada-motor-jobs-1.png","width":800,"height":400,"caption":"Canada Motor Jobs"},"image":{"@id":"https:\/\/news-dev.canadamotorjobs.com\/fr\/#\/schema\/logo\/image\/"},"sameAs":["https:\/\/www.facebook.com\/canadamotorjobs\/","https:\/\/x.com\/canadamotorjobs","https:\/\/www.instagram.com\/canadamotorjobs\/","https:\/\/www.linkedin.com\/company\/canadamotorjobs"]},{"@type":"Person","@id":"https:\/\/news-dev.canadamotorjobs.com\/fr\/#\/schema\/person\/1f6304dc4fb508188fb1418c9efd14dd","name":"Benoit Charette","image":{"@type":"ImageObject","inLanguage":"fr-CA","@id":"https:\/\/secure.gravatar.com\/avatar\/8ebad7d4cd5c8ab847a16fc24c8cbb8cc9a64dbd8bd6f73a3f951682b0f9a696?s=96&d=mm&r=g","url":"https:\/\/secure.gravatar.com\/avatar\/8ebad7d4cd5c8ab847a16fc24c8cbb8cc9a64dbd8bd6f73a3f951682b0f9a696?s=96&d=mm&r=g","contentUrl":"https:\/\/secure.gravatar.com\/avatar\/8ebad7d4cd5c8ab847a16fc24c8cbb8cc9a64dbd8bd6f73a3f951682b0f9a696?s=96&d=mm&r=g","caption":"Benoit Charette"},"description":"Benoit Charette \/ Propri\u00e9taire et r\u00e9dacteur en chef Benoit Charette pratique le journalisme automobile depuis bient\u00f4t 30 ans. Il a fait ses classes au c\u00f4t\u00e9 de Daniel H\u00e9raud et au Carnet de route de 1992 \u00e0 2001. Il est fondateur, copropri\u00e9taire et r\u00e9dacteur en chef de L\u2019Annuel de l\u2019automobile, qu\u2019il publie depuis 2001. Il a anim\u00e9 les \u00e9missions RPM et RPM+ sur V et les L\u00e9gendes de la route sur Historia. \u00c0 la radio depuis 1986, il reprend l\u2019antenne cette ann\u00e9e sur les ondes de Cogeco et participe pour la deuxi\u00e8me ann\u00e9e \u00e0 l\u2019\u00e9mission Passion Auto sur RDS en plus de mettre en ligne le site Web officiel de L\u2019Annuel de l\u2019automobile sur annuelauto.ca.","sameAs":["https:\/\/annuelauto.ca\/"],"url":"https:\/\/news-dev.canadamotorjobs.com\/fr\/author\/benoit-charette\/"}]}},"_links":{"self":[{"href":"https:\/\/news-dev.canadamotorjobs.com\/fr\/wp-json\/wp\/v2\/posts\/248384","targetHints":{"allow":["GET"]}}],"collection":[{"href":"https:\/\/news-dev.canadamotorjobs.com\/fr\/wp-json\/wp\/v2\/posts"}],"about":[{"href":"https:\/\/news-dev.canadamotorjobs.com\/fr\/wp-json\/wp\/v2\/types\/post"}],"author":[{"embeddable":true,"href":"https:\/\/news-dev.canadamotorjobs.com\/fr\/wp-json\/wp\/v2\/users\/8"}],"replies":[{"embeddable":true,"href":"https:\/\/news-dev.canadamotorjobs.com\/fr\/wp-json\/wp\/v2\/comments?post=248384"}],"version-history":[{"count":2,"href":"https:\/\/news-dev.canadamotorjobs.com\/fr\/wp-json\/wp\/v2\/posts\/248384\/revisions"}],"predecessor-version":[{"id":248388,"href":"https:\/\/news-dev.canadamotorjobs.com\/fr\/wp-json\/wp\/v2\/posts\/248384\/revisions\/248388"}],"wp:featuredmedia":[{"embeddable":true,"href":"https:\/\/news-dev.canadamotorjobs.com\/fr\/wp-json\/wp\/v2\/media\/248386"}],"wp:attachment":[{"href":"https:\/\/news-dev.canadamotorjobs.com\/fr\/wp-json\/wp\/v2\/media?parent=248384"}],"wp:term":[{"taxonomy":"category","embeddable":true,"href":"https:\/\/news-dev.canadamotorjobs.com\/fr\/wp-json\/wp\/v2\/categories?post=248384"},{"taxonomy":"post_tag","embeddable":true,"href":"https:\/\/news-dev.canadamotorjobs.com\/fr\/wp-json\/wp\/v2\/tags?post=248384"}],"curies":[{"name":"wp","href":"https:\/\/api.w.org\/{rel}","templated":true}]}}