{"id":248457,"date":"2026-08-28T08:00:00","date_gmt":"2026-08-28T12:00:00","guid":{"rendered":"https:\/\/news.canadamotorjobs.com\/?p=248457"},"modified":"2026-09-03T10:36:09","modified_gmt":"2026-09-03T14:36:09","slug":"la-formation-est-un-actif-pas-un-passif","status":"publish","type":"post","link":"https:\/\/news-dev.canadamotorjobs.com\/fr\/la-formation-est-un-actif-pas-un-passif\/","title":{"rendered":"La formation est un actif, pas un passif"},"content":{"rendered":"<p><\/p>\n<p class=\"wp-block-paragraph\">Le secteur automobile traverse une transformation technologique majeure. Face \u00e0 cette \u00e9volution, une question cruciale circule dans nos ateliers de m\u00e9canique. La formation est-elle une d\u00e9pense ou un investissement? Soyons tr\u00e8s clairs sur ce point. La formation est un actif, et non un passif.<\/p>\n<h2 class=\"wp-block-heading has-medium-font-size\"><strong>Investir dans le savoir pour gagner en performance<\/strong><\/h2>\n<p class=\"wp-block-paragraph\">Se former, c\u2019est accumuler des informations vitales li\u00e9es \u00e0 de nouvelles comp\u00e9tences et \u00e0 des fa\u00e7ons de proc\u00e9der innovantes. C\u2019est b\u00e2tir une solide base de connaissances collective qui rend votre \u00e9quipe beaucoup plus performante, autonome et pr\u00eate \u00e0 relever les d\u00e9fis de demain. Chaque heure investie pour assimiler une nouvelle technologie se traduit directement par un diagnostic plus rapide, une r\u00e9paration pr\u00e9cise et une meilleure fid\u00e9lisation de la client\u00e8le.<\/p>\n<h2 class=\"wp-block-heading has-medium-font-size\"><strong>Le v\u00e9hicule \u00e9lectrique impose un changement de paradigme<\/strong><\/h2>\n<p class=\"wp-block-paragraph\">Cette r\u00e9alit\u00e9 est particuli\u00e8rement \u00e9vidente avec l\u2019essor fulgurant des v\u00e9hicules \u00e9lectriques. L\u2019entretien et la r\u00e9paration de ces nouvelles voitures exigent un changement de paradigme total. Nous ne parlons plus seulement de m\u00e9canique traditionnelle, mais de gestion thermique complexe, de r\u00e9seaux de communication \u00e9lectroniques avanc\u00e9s et d\u2019interventions hautement s\u00e9curitaires sur des batteries \u00e0 haute tension. Les vieilles m\u00e9thodes de travail ne suffisent absolument plus face aux dangers de la haute tension et aux architectures \u00e9lectriques modernes. Les ateliers qui prosp\u00e9reront seront ceux qui ma\u00eetriseront ces nouvelles normes.<\/p>\n<h2 class=\"wp-block-heading has-medium-font-size\"><strong>L\u2019expertise se cultive et se transmet<\/strong><\/h2>\n<p class=\"wp-block-paragraph\">Au sein de notre industrie, ce besoin d\u2019adaptation est devenu primordial. \u00c0 travers mon implication en tant que leader au sein du programme Comp\u00e9tence V\u00c9+, je constate quotidiennement l\u2019impact direct d\u2019un technicien bien outill\u00e9 mentalement. Chez Expertise M\u00e9canique S. Tardif, notre mission repose enti\u00e8rement sur cette transmission du savoir. L\u2019expertise ne s\u2019ach\u00e8te pas en un simple clic. Elle se cultive par une mise \u00e0 jour constante des comp\u00e9tences.<\/p>\n<h2 class=\"wp-block-heading has-medium-font-size\"><strong>Choisir la formation plut\u00f4t que l\u2019obsolescence<\/strong><\/h2>\n<p class=\"wp-block-paragraph\">Un atelier qui refuse de se former choisit in\u00e9vitablement l\u2019obsolescence. \u00c0 l\u2019inverse, int\u00e9grer la formation continue comme un pilier central de votre mod\u00e8le d\u2019affaires transforme votre garage en un centre d\u2019expertise tr\u00e8s recherch\u00e9. Vos techniciens gagnent en confiance, votre rentabilit\u00e9 augmente, et vous devenez incontournable.<\/p>\n<h2 class=\"wp-block-heading has-medium-font-size\"><strong>Le capital le plus pr\u00e9cieux de votre entreprise<\/strong><\/h2>\n<p class=\"wp-block-paragraph\">Ne percevez jamais le temps d\u2019apprentissage comme une perte. Voyez-le plut\u00f4t comme l\u2019acquisition du capital le plus pr\u00e9cieux de votre entreprise. L\u2019avenir appartient aux garages qui comprennent cette r\u00e9alit\u00e9 totalement incontournable d\u00e8s aujourd\u2019hui.<\/p>\n<p class=\"wp-block-paragraph\">Pour rejoindre S\u00e9bastien Tardif\u00a0: <a href=\"mailto:expertisetardif@gmail.com\">expertisetardif@gmail.com<\/a><\/p>\n<p class=\"wp-block-paragraph\">Cr\u00e9dit image : G\u00e9n\u00e9r\u00e9e par IA<\/p>\n<p><\/p>\n<p>L\u2019article <a href=\"https:\/\/auto-gestion.ca\/la-formation-est-un-actif-pas-un-passif\/\">La formation est un actif, pas un passif<\/a> est apparu en premier sur <a href=\"https:\/\/auto-gestion.ca\">Auto Gestion<\/a>.<\/p>\n<p><\/p>\n","protected":false},"excerpt":{"rendered":"<p>Le secteur automobile traverse une transformation technologique majeure. Face \u00e0 cette \u00e9volution, une question cruciale circule dans nos ateliers de m\u00e9canique. La formation est-elle une d\u00e9pense ou un investissement? Soyons tr\u00e8s clairs sur ce point. La formation est un actif, et non un passif. Investir dans le savoir pour gagner en performance Se former, c\u2019est [&hellip;]<\/p>\n","protected":false},"author":13,"featured_media":248344,"comment_status":"close","ping_status":"closed","sticky":false,"template":"","format":"standard","meta":{"_monsterinsights_skip_tracking":false,"footnotes":""},"categories":[160],"tags":[],"class_list":["post-248457","post","type-post","status-publish","format-standard","has-post-thumbnail","hentry","category-auto-gestion"],"yoast_head":"<!-- This site is optimized with the Yoast SEO plugin v28.4 - https:\/\/yoast.com\/product\/yoast-seo-wordpress\/ -->\n<title>La formation est un actif, pas un passif - CanadaMotorJobs.com<\/title>\n<meta name=\"description\" content=\"La formation est un actif, pas un passif - Auto Gestion - Auto-Gestion - CanadaMotorJobs.com.\" \/>\n<meta name=\"robots\" content=\"index, follow, max-snippet:-1, max-image-preview:large, max-video-preview:-1\" \/>\n<link rel=\"canonical\" href=\"https:\/\/news-dev.canadamotorjobs.com\/fr\/la-formation-est-un-actif-pas-un-passif\/\" \/>\n<meta property=\"og:locale\" content=\"fr_CA\" \/>\n<meta property=\"og:type\" content=\"article\" \/>\n<meta property=\"og:title\" content=\"La formation est un actif, pas un passif - CanadaMotorJobs.com\" \/>\n<meta property=\"og:description\" content=\"La formation est un actif, pas un passif - Auto Gestion - Auto-Gestion - CanadaMotorJobs.com.\" \/>\n<meta property=\"og:url\" content=\"https:\/\/news-dev.canadamotorjobs.com\/fr\/la-formation-est-un-actif-pas-un-passif\/\" \/>\n<meta property=\"og:site_name\" content=\"CanadaMotorJobs.com\" \/>\n<meta property=\"article:publisher\" content=\"https:\/\/www.facebook.com\/canadamotorjobs\/\" \/>\n<meta property=\"article:published_time\" content=\"2026-08-28T12:00:00+00:00\" \/>\n<meta property=\"article:modified_time\" content=\"2026-09-03T14:36:09+00:00\" \/>\n<meta property=\"og:image\" content=\"https:\/\/news-dev.canadamotorjobs.com\/wp-content\/uploads\/2026\/08\/favicon_auto_gestion-33.webp\" \/>\n\t<meta property=\"og:image:width\" content=\"150\" \/>\n\t<meta property=\"og:image:height\" content=\"150\" \/>\n\t<meta property=\"og:image:type\" content=\"image\/webp\" \/>\n<meta name=\"author\" content=\"Auto Gestion\" \/>\n<meta name=\"twitter:card\" content=\"summary_large_image\" \/>\n<meta name=\"twitter:creator\" content=\"@canadamotorjobs\" \/>\n<meta name=\"twitter:site\" content=\"@canadamotorjobs\" \/>\n<meta name=\"twitter:label1\" content=\"\u00c9crit par\" \/>\n\t<meta name=\"twitter:data1\" content=\"Auto Gestion\" \/>\n\t<meta name=\"twitter:label2\" content=\"Estimation du temps de lecture\" \/>\n\t<meta name=\"twitter:data2\" content=\"2 minutes\" \/>\n<!-- \/ Yoast SEO plugin. -->","yoast_head_json":{"title":"La formation est un actif, pas un passif - CanadaMotorJobs.com","description":"La formation est un actif, pas un passif - Auto Gestion - Auto-Gestion - CanadaMotorJobs.com.","robots":{"index":"index","follow":"follow","max-snippet":"max-snippet:-1","max-image-preview":"max-image-preview:large","max-video-preview":"max-video-preview:-1"},"canonical":"https:\/\/news-dev.canadamotorjobs.com\/fr\/la-formation-est-un-actif-pas-un-passif\/","og_locale":"fr_CA","og_type":"article","og_title":"La formation est un actif, pas un passif - CanadaMotorJobs.com","og_description":"La formation est un actif, pas un passif - Auto Gestion - Auto-Gestion - CanadaMotorJobs.com.","og_url":"https:\/\/news-dev.canadamotorjobs.com\/fr\/la-formation-est-un-actif-pas-un-passif\/","og_site_name":"CanadaMotorJobs.com","article_publisher":"https:\/\/www.facebook.com\/canadamotorjobs\/","article_published_time":"2026-08-28T12:00:00+00:00","article_modified_time":"2026-09-03T14:36:09+00:00","og_image":[{"width":150,"height":150,"url":"https:\/\/news-dev.canadamotorjobs.com\/wp-content\/uploads\/2026\/08\/favicon_auto_gestion-33.webp","type":"image\/webp"}],"author":"Auto Gestion","twitter_card":"summary_large_image","twitter_creator":"@canadamotorjobs","twitter_site":"@canadamotorjobs","twitter_misc":{"\u00c9crit par":"Auto Gestion","Estimation du temps de lecture":"2 minutes"},"schema":{"@context":"https:\/\/schema.org","@graph":[{"@type":"Article","@id":"https:\/\/news-dev.canadamotorjobs.com\/fr\/la-formation-est-un-actif-pas-un-passif\/#article","isPartOf":{"@id":"https:\/\/news-dev.canadamotorjobs.com\/fr\/la-formation-est-un-actif-pas-un-passif\/"},"author":{"name":"Auto Gestion","@id":"https:\/\/news-dev.canadamotorjobs.com\/fr\/#\/schema\/person\/293a2fe08d57888577b4d5e5998d55ba"},"headline":"La formation est un actif, pas un passif","datePublished":"2026-08-28T12:00:00+00:00","dateModified":"2026-09-03T14:36:09+00:00","mainEntityOfPage":{"@id":"https:\/\/news-dev.canadamotorjobs.com\/fr\/la-formation-est-un-actif-pas-un-passif\/"},"wordCount":476,"publisher":{"@id":"https:\/\/news-dev.canadamotorjobs.com\/fr\/#organization"},"image":{"@id":"https:\/\/news-dev.canadamotorjobs.com\/fr\/la-formation-est-un-actif-pas-un-passif\/#primaryimage"},"thumbnailUrl":"https:\/\/news-dev.canadamotorjobs.com\/wp-content\/uploads\/2026\/08\/favicon_auto_gestion-33.webp","articleSection":["Auto-Gestion"],"inLanguage":"fr-CA"},{"@type":"WebPage","@id":"https:\/\/news-dev.canadamotorjobs.com\/fr\/la-formation-est-un-actif-pas-un-passif\/","url":"https:\/\/news-dev.canadamotorjobs.com\/fr\/la-formation-est-un-actif-pas-un-passif\/","name":"La formation est un actif, pas un passif - CanadaMotorJobs.com","isPartOf":{"@id":"https:\/\/news-dev.canadamotorjobs.com\/fr\/#website"},"primaryImageOfPage":{"@id":"https:\/\/news-dev.canadamotorjobs.com\/fr\/la-formation-est-un-actif-pas-un-passif\/#primaryimage"},"image":{"@id":"https:\/\/news-dev.canadamotorjobs.com\/fr\/la-formation-est-un-actif-pas-un-passif\/#primaryimage"},"thumbnailUrl":"https:\/\/news-dev.canadamotorjobs.com\/wp-content\/uploads\/2026\/08\/favicon_auto_gestion-33.webp","datePublished":"2026-08-28T12:00:00+00:00","dateModified":"2026-09-03T14:36:09+00:00","description":"La formation est un actif, pas un passif - Auto Gestion - Auto-Gestion - CanadaMotorJobs.com.","breadcrumb":{"@id":"https:\/\/news-dev.canadamotorjobs.com\/fr\/la-formation-est-un-actif-pas-un-passif\/#breadcrumb"},"inLanguage":"fr-CA","potentialAction":[{"@type":"ReadAction","target":["https:\/\/news-dev.canadamotorjobs.com\/fr\/la-formation-est-un-actif-pas-un-passif\/"]}]},{"@type":"ImageObject","inLanguage":"fr-CA","@id":"https:\/\/news-dev.canadamotorjobs.com\/fr\/la-formation-est-un-actif-pas-un-passif\/#primaryimage","url":"https:\/\/news-dev.canadamotorjobs.com\/wp-content\/uploads\/2026\/08\/favicon_auto_gestion-33.webp","contentUrl":"https:\/\/news-dev.canadamotorjobs.com\/wp-content\/uploads\/2026\/08\/favicon_auto_gestion-33.webp","width":150,"height":150},{"@type":"BreadcrumbList","@id":"https:\/\/news-dev.canadamotorjobs.com\/fr\/la-formation-est-un-actif-pas-un-passif\/#breadcrumb","itemListElement":[{"@type":"ListItem","position":1,"name":"Home","item":"https:\/\/news-dev.canadamotorjobs.com\/fr\/"},{"@type":"ListItem","position":2,"name":"La formation est un actif, pas un passif"}]},{"@type":"WebSite","@id":"https:\/\/news-dev.canadamotorjobs.com\/fr\/#website","url":"https:\/\/news-dev.canadamotorjobs.com\/fr\/","name":"CanadaMotorJobs.com","description":"Automotive Jobs","publisher":{"@id":"https:\/\/news-dev.canadamotorjobs.com\/fr\/#organization"},"potentialAction":[{"@type":"SearchAction","target":{"@type":"EntryPoint","urlTemplate":"https:\/\/news-dev.canadamotorjobs.com\/fr\/?s={search_term_string}"},"query-input":{"@type":"PropertyValueSpecification","valueRequired":true,"valueName":"search_term_string"}}],"inLanguage":"fr-CA"},{"@type":"Organization","@id":"https:\/\/news-dev.canadamotorjobs.com\/fr\/#organization","name":"Canada Motor Jobs","url":"https:\/\/news-dev.canadamotorjobs.com\/fr\/","logo":{"@type":"ImageObject","inLanguage":"fr-CA","@id":"https:\/\/news-dev.canadamotorjobs.com\/fr\/#\/schema\/logo\/image\/","url":"https:\/\/news.canadamotorjobs.com\/wp-content\/uploads\/2022\/10\/logo-canada-motor-jobs-1.png","contentUrl":"https:\/\/news.canadamotorjobs.com\/wp-content\/uploads\/2022\/10\/logo-canada-motor-jobs-1.png","width":800,"height":400,"caption":"Canada Motor Jobs"},"image":{"@id":"https:\/\/news-dev.canadamotorjobs.com\/fr\/#\/schema\/logo\/image\/"},"sameAs":["https:\/\/www.facebook.com\/canadamotorjobs\/","https:\/\/x.com\/canadamotorjobs","https:\/\/www.instagram.com\/canadamotorjobs\/","https:\/\/www.linkedin.com\/company\/canadamotorjobs"]},{"@type":"Person","@id":"https:\/\/news-dev.canadamotorjobs.com\/fr\/#\/schema\/person\/293a2fe08d57888577b4d5e5998d55ba","name":"Auto Gestion","image":{"@type":"ImageObject","inLanguage":"fr-CA","@id":"https:\/\/secure.gravatar.com\/avatar\/dedac238d37b83c22648cf2cefe0e3d9d94db2e6d68e3c0e282fad9c6d1e5acc?s=96&d=mm&r=g","url":"https:\/\/secure.gravatar.com\/avatar\/dedac238d37b83c22648cf2cefe0e3d9d94db2e6d68e3c0e282fad9c6d1e5acc?s=96&d=mm&r=g","contentUrl":"https:\/\/secure.gravatar.com\/avatar\/dedac238d37b83c22648cf2cefe0e3d9d94db2e6d68e3c0e282fad9c6d1e5acc?s=96&d=mm&r=g","caption":"Auto Gestion"},"sameAs":["https:\/\/auto-gestion.ca"],"url":"https:\/\/news-dev.canadamotorjobs.com\/fr\/author\/auto_gestion\/"}]}},"_links":{"self":[{"href":"https:\/\/news-dev.canadamotorjobs.com\/fr\/wp-json\/wp\/v2\/posts\/248457","targetHints":{"allow":["GET"]}}],"collection":[{"href":"https:\/\/news-dev.canadamotorjobs.com\/fr\/wp-json\/wp\/v2\/posts"}],"about":[{"href":"https:\/\/news-dev.canadamotorjobs.com\/fr\/wp-json\/wp\/v2\/types\/post"}],"author":[{"embeddable":true,"href":"https:\/\/news-dev.canadamotorjobs.com\/fr\/wp-json\/wp\/v2\/users\/13"}],"replies":[{"embeddable":true,"href":"https:\/\/news-dev.canadamotorjobs.com\/fr\/wp-json\/wp\/v2\/comments?post=248457"}],"version-history":[{"count":1,"href":"https:\/\/news-dev.canadamotorjobs.com\/fr\/wp-json\/wp\/v2\/posts\/248457\/revisions"}],"predecessor-version":[{"id":248458,"href":"https:\/\/news-dev.canadamotorjobs.com\/fr\/wp-json\/wp\/v2\/posts\/248457\/revisions\/248458"}],"wp:featuredmedia":[{"embeddable":true,"href":"https:\/\/news-dev.canadamotorjobs.com\/fr\/wp-json\/wp\/v2\/media\/248344"}],"wp:attachment":[{"href":"https:\/\/news-dev.canadamotorjobs.com\/fr\/wp-json\/wp\/v2\/media?parent=248457"}],"wp:term":[{"taxonomy":"category","embeddable":true,"href":"https:\/\/news-dev.canadamotorjobs.com\/fr\/wp-json\/wp\/v2\/categories?post=248457"},{"taxonomy":"post_tag","embeddable":true,"href":"https:\/\/news-dev.canadamotorjobs.com\/fr\/wp-json\/wp\/v2\/tags?post=248457"}],"curies":[{"name":"wp","href":"https:\/\/api.w.org\/{rel}","templated":true}]}}