{"id":248512,"date":"2026-09-03T07:43:11","date_gmt":"2026-09-03T11:43:11","guid":{"rendered":"https:\/\/news.canadamotorjobs.com\/?p=248512"},"modified":"2026-09-03T10:37:10","modified_gmt":"2026-09-03T14:37:10","slug":"ottawa-prolonge-la-suspension-de-la-taxe-daccise-sur-lessence","status":"publish","type":"post","link":"https:\/\/news-dev.canadamotorjobs.com\/fr\/ottawa-prolonge-la-suspension-de-la-taxe-daccise-sur-lessence\/","title":{"rendered":"Ottawa prolonge la suspension de la taxe d\u2019accise sur l\u2019essence"},"content":{"rendered":"<\/p>\n<p>Les automobilistes canadiens peuvent souffler un peu. La hausse de 10 cents le litre qui devait s\u2019ajouter au prix de l\u2019essence \u00e0 compter du 8 septembre n\u2019aura finalement pas lieu. Le ministre des Finances, Fran\u00e7ois-Philippe Champagne, a annonc\u00e9 mercredi que la suspension de la taxe d\u2019accise f\u00e9d\u00e9rale sur l\u2019essence et le diesel sera prolong\u00e9e jusqu\u2019au 31 janvier 2027. La taxe sera ensuite r\u00e9introduite progressivement au cours du printemps. La d\u00e9cision survient alors que les prix de l\u2019essence demeurent particuli\u00e8rement \u00e9lev\u00e9s dans plusieurs r\u00e9gions du pays. Dans le Grand Montr\u00e9al, certains d\u00e9taillants affichaient r\u00e9cemment un prix d\u00e9passant de nouveau les 2 $ le litre. Ottawa attribue notamment cette pression sur les prix aux droits de douane am\u00e9ricains ainsi qu\u2019aux conflits et aux perturbations g\u00e9opolitiques en Europe et au Moyen-Orient.<\/p>\n<h3>Aucune taxe jusqu\u2019au 31 janvier 2027<\/h3>\n<p>\nLe retour de la taxe se fera maintenant en trois \u00e9tapes. Jusqu\u2019au 31 janvier 2027 inclusivement : aucune taxe d\u2019accise f\u00e9d\u00e9rale ne sera appliqu\u00e9e sur l\u2019essence et le diesel. Du 1er f\u00e9vrier au 31 mars 2027 : la taxe reviendra \u00e0 un demi-taux, soit 5 cents le litre sur l\u2019essence et environ 2 cents sur le diesel. \u00c0 compter du 1er avril 2027 : le plein taux devrait \u00eatre r\u00e9tabli, soit 10 cents le litre sur l\u2019essence et 4 cents sur le diesel. La suspension initiale, entr\u00e9e en vigueur le 20 avril, devait prendre fin apr\u00e8s la f\u00eate du Travail, le 7 septembre. Le gouvernement utilise toutefois un langage conditionnel concernant le retour des taux en 2027, puisque les mesures l\u00e9gislatives n\u00e9cessaires doivent encore \u00eatre adopt\u00e9es par le Parlement.<\/p>\n<h3>Un co\u00fbt total de 5,3 milliards de dollars<\/h3>\n<p>\nSelon le minist\u00e8re des Finances, cette prolongation repr\u00e9sente un co\u00fbt additionnel d\u2019environ 2,9 milliards de dollars pour le gouvernement f\u00e9d\u00e9ral. En ajoutant les quelque 2,4 milliards de dollars associ\u00e9s \u00e0 la suspension initiale, Ottawa estime maintenant que la mesure procurera un all\u00e8gement total de 5,3 milliards de dollars au cours de l\u2019exercice 2026-2027. Le gouvernement f\u00e9d\u00e9ral affirme \u00e9galement que les prix de l\u2019essence avaient chut\u00e9 d\u2019environ 11 cents le litre le 20 avril, soit au moment de l\u2019entr\u00e9e en vigueur de la suspension. Il s\u2019agit toutefois d\u2019une estimation avanc\u00e9e par Ottawa et non d\u2019une analyse ind\u00e9pendante.<\/p>\n<h3>Un changement de cap en quelques semaines<\/h3>\n<p>\nLa d\u00e9cision repr\u00e9sente un revirement par rapport aux propos tenus par Fran\u00e7ois-Philippe Champagne au d\u00e9but du mois d\u2019ao\u00fbt. Le ministre avait alors laiss\u00e9 entendre, lors d\u2019une entrevue accord\u00e9e \u00e0 la station CKAJ de Saguenay, que la taxe devait \u00eatre r\u00e9tablie en septembre comme pr\u00e9vu, invoquant notamment la n\u00e9cessit\u00e9 de maintenir une certaine discipline budg\u00e9taire. Depuis, la pression politique s\u2019est accentu\u00e9e. Les conservateurs, la F\u00e9d\u00e9ration canadienne des contribuables ainsi que le gouvernement Ford en Ontario r\u00e9clamaient une prolongation de la suspension. Un sondage L\u00e9ger publi\u00e9 en ao\u00fbt indiquait \u00e9galement que 63 % des Canadiens s\u2019opposaient \u00e0 la fin du cong\u00e9 fiscal. Ottawa n\u2019est toutefois pas all\u00e9 aussi loin que le souhaitait l\u2019opposition conservatrice, qui r\u00e9clamait une abolition permanente de la taxe ainsi que le retrait de la TPS sur l\u2019essence et le diesel. La mesure annonc\u00e9e demeure donc temporaire et pr\u00e9voit un retour progressif de la taxe au printemps 2027.<\/p>\n<h3>Le prix f\u00e9d\u00e9ral du carbone d\u00e9j\u00e0 disparu<\/h3>\n<p>\nLe gouvernement rappelle \u00e9galement que le prix f\u00e9d\u00e9ral du carbone pour les consommateurs a \u00e9t\u00e9 \u00e9limin\u00e9 le 1er avril 2025. Selon Ottawa, cette mesure aurait r\u00e9duit le prix de l\u2019essence jusqu\u2019\u00e0 18 cents le litre dans la majorit\u00e9 des provinces et territoires par rapport \u00e0 la situation pr\u00e9c\u00e9dente. Le Qu\u00e9bec constitue toutefois un cas particulier puisqu\u2019il dispose de son propre syst\u00e8me de plafonnement et d\u2019\u00e9change de droits d\u2019\u00e9mission. La province n\u2019\u00e9tait donc pas assujettie \u00e0 la tarification f\u00e9d\u00e9rale du carbone destin\u00e9e aux consommateurs.<\/p>\n<h3>Ce que cela signifie concr\u00e8tement pour les automobilistes<\/h3>\n<p>\nDans les faits, un litre d\u2019essence affich\u00e9 \u00e0 200,9 cents dans la r\u00e9gion de Montr\u00e9al ne devrait donc pas bondir automatiquement de 10 cents suppl\u00e9mentaires le 8 septembre en raison du retour de la taxe f\u00e9d\u00e9rale. Cela ne signifie \u00e9videmment pas que les prix \u00e0 la pompe resteront stables. Le prix de l\u2019essence demeure fortement influenc\u00e9 par le prix du p\u00e9trole brut, les co\u00fbts de raffinage, la demande saisonni\u00e8re, les marges de distribution et les \u00e9v\u00e9nements g\u00e9opolitiques. Les perturbations touchant notamment le d\u00e9troit d\u2019Ormuz continuent \u00e9galement d\u2019exercer une pression sur les march\u00e9s p\u00e9troliers. \u00ab Cette mesure apportera un soulagement important aux familles et aux entreprises et contribuera \u00e0 rendre le co\u00fbt de la vie plus abordable \u00bb, a d\u00e9clar\u00e9 Fran\u00e7ois-Philippe Champagne. Le ministre de l\u2019\u00c9nergie et des Ressources naturelles, Tim Hodgson, a pour sa part soutenu que les Canadiens ne devraient pas avoir \u00e0 payer pour des \u00e9v\u00e9nements qu\u2019ils n\u2019ont pas provoqu\u00e9s, qu\u2019il s\u2019agisse des perturbations au Moyen-Orient ou des tensions commerciales.<\/p>\n<h3>Deux dates \u00e0 surveiller en 2027<\/h3>\n<p>\nPour les automobilistes, le calendrier est maintenant relativement clair. La premi\u00e8re date \u00e0 surveiller sera le 1er f\u00e9vrier 2027, lorsque 5 cents le litre devraient \u00eatre r\u00e9introduits sur l\u2019essence. La seconde sera le 1er avril 2027, date \u00e0 laquelle les 5 cents restants devraient s\u2019ajouter et ramener la taxe d\u2019accise f\u00e9d\u00e9rale \u00e0 son plein taux. D\u2019ici l\u00e0, Ottawa esp\u00e8re que cette prolongation offrira un peu de r\u00e9pit aux automobilistes. Reste maintenant \u00e0 voir si l\u2019\u00e9conomie r\u00e9alis\u00e9e gr\u00e2ce \u00e0 l\u2019absence de cette taxe sera suffisante pour compenser les variations parfois beaucoup plus importantes caus\u00e9es par le prix du p\u00e9trole sur les march\u00e9s mondiaux.<\/p>\n<p>Source: Minist\u00e8re des finances du Canada<\/p>\n<p>Le texte <a href=\"https:\/\/annuelauto.ca\/ottawa-prolonge-la-suspension-de-la-taxe-daccise-sur-lessence\/\">Ottawa prolonge la suspension de la taxe d\u2019accise sur l\u2019essence<\/a> provient de <a href=\"https:\/\/annuelauto.ca\">L&rsquo;annuel de l&rsquo;automobile &#8211; Actualit\u00e9 automobile<\/a><\/p>\n<p><\/p>\n","protected":false},"excerpt":{"rendered":"<p>Les automobilistes canadiens peuvent souffler un peu. La hausse de 10 cents le litre qui devait s\u2019ajouter au prix de l\u2019essence \u00e0 compter du 8 septembre n\u2019aura finalement pas lieu. Le ministre des Finances, Fran\u00e7ois-Philippe Champagne, a annonc\u00e9 mercredi que la suspension de la taxe d\u2019accise f\u00e9d\u00e9rale sur l\u2019essence et le diesel sera prolong\u00e9e jusqu\u2019au [&hellip;]<\/p>\n","protected":false},"author":8,"featured_media":240043,"comment_status":"close","ping_status":"closed","sticky":false,"template":"","format":"standard","meta":{"_monsterinsights_skip_tracking":false,"footnotes":""},"categories":[101],"tags":[],"class_list":["post-248512","post","type-post","status-publish","format-standard","has-post-thumbnail","hentry","category-annuel-automobile"],"yoast_head":"<!-- This site is optimized with the Yoast SEO plugin v28.4 - https:\/\/yoast.com\/product\/yoast-seo-wordpress\/ -->\n<title>Ottawa prolonge la suspension de la taxe d\u2019accise sur l\u2019essence - CanadaMotorJobs.com<\/title>\n<meta name=\"description\" content=\"Ottawa prolonge la suspension de la taxe d\u2019accise sur l\u2019essence - Benoit Charette - Annuel automobile - CanadaMotorJobs.com.\" \/>\n<meta name=\"robots\" content=\"index, follow, max-snippet:-1, max-image-preview:large, max-video-preview:-1\" \/>\n<link rel=\"canonical\" href=\"https:\/\/news-dev.canadamotorjobs.com\/fr\/ottawa-prolonge-la-suspension-de-la-taxe-daccise-sur-lessence\/\" \/>\n<meta property=\"og:locale\" content=\"fr_CA\" \/>\n<meta property=\"og:type\" content=\"article\" \/>\n<meta property=\"og:title\" content=\"Ottawa prolonge la suspension de la taxe d\u2019accise sur l\u2019essence - CanadaMotorJobs.com\" \/>\n<meta property=\"og:description\" content=\"Ottawa prolonge la suspension de la taxe d\u2019accise sur l\u2019essence - Benoit Charette - Annuel automobile - CanadaMotorJobs.com.\" \/>\n<meta property=\"og:url\" content=\"https:\/\/news-dev.canadamotorjobs.com\/fr\/ottawa-prolonge-la-suspension-de-la-taxe-daccise-sur-lessence\/\" \/>\n<meta property=\"og:site_name\" content=\"CanadaMotorJobs.com\" \/>\n<meta property=\"article:publisher\" content=\"https:\/\/www.facebook.com\/canadamotorjobs\/\" \/>\n<meta property=\"article:published_time\" content=\"2026-09-03T11:43:11+00:00\" \/>\n<meta property=\"article:modified_time\" content=\"2026-09-03T14:37:10+00:00\" \/>\n<meta property=\"og:image\" content=\"https:\/\/news-dev.canadamotorjobs.com\/wp-content\/uploads\/2026\/04\/station-service-chute-des-prix-a-la-pompe-prix-a-la-pompe-essence-132914846129445962-3.jpeg\" \/>\n\t<meta property=\"og:image:width\" content=\"1600\" \/>\n\t<meta property=\"og:image:height\" content=\"899\" \/>\n\t<meta property=\"og:image:type\" content=\"image\/jpeg\" \/>\n<meta name=\"author\" content=\"Benoit Charette\" \/>\n<meta name=\"twitter:card\" content=\"summary_large_image\" \/>\n<meta name=\"twitter:creator\" content=\"@canadamotorjobs\" \/>\n<meta name=\"twitter:site\" content=\"@canadamotorjobs\" \/>\n<meta name=\"twitter:label1\" content=\"\u00c9crit par\" \/>\n\t<meta name=\"twitter:data1\" content=\"Benoit Charette\" \/>\n\t<meta name=\"twitter:label2\" content=\"Estimation du temps de lecture\" \/>\n\t<meta name=\"twitter:data2\" content=\"5 minutes\" \/>\n<!-- \/ Yoast SEO plugin. -->","yoast_head_json":{"title":"Ottawa prolonge la suspension de la taxe d\u2019accise sur l\u2019essence - CanadaMotorJobs.com","description":"Ottawa prolonge la suspension de la taxe d\u2019accise sur l\u2019essence - Benoit Charette - Annuel automobile - CanadaMotorJobs.com.","robots":{"index":"index","follow":"follow","max-snippet":"max-snippet:-1","max-image-preview":"max-image-preview:large","max-video-preview":"max-video-preview:-1"},"canonical":"https:\/\/news-dev.canadamotorjobs.com\/fr\/ottawa-prolonge-la-suspension-de-la-taxe-daccise-sur-lessence\/","og_locale":"fr_CA","og_type":"article","og_title":"Ottawa prolonge la suspension de la taxe d\u2019accise sur l\u2019essence - CanadaMotorJobs.com","og_description":"Ottawa prolonge la suspension de la taxe d\u2019accise sur l\u2019essence - Benoit Charette - Annuel automobile - CanadaMotorJobs.com.","og_url":"https:\/\/news-dev.canadamotorjobs.com\/fr\/ottawa-prolonge-la-suspension-de-la-taxe-daccise-sur-lessence\/","og_site_name":"CanadaMotorJobs.com","article_publisher":"https:\/\/www.facebook.com\/canadamotorjobs\/","article_published_time":"2026-09-03T11:43:11+00:00","article_modified_time":"2026-09-03T14:37:10+00:00","og_image":[{"width":1600,"height":899,"url":"https:\/\/news-dev.canadamotorjobs.com\/wp-content\/uploads\/2026\/04\/station-service-chute-des-prix-a-la-pompe-prix-a-la-pompe-essence-132914846129445962-3.jpeg","type":"image\/jpeg"}],"author":"Benoit Charette","twitter_card":"summary_large_image","twitter_creator":"@canadamotorjobs","twitter_site":"@canadamotorjobs","twitter_misc":{"\u00c9crit par":"Benoit Charette","Estimation du temps de lecture":"5 minutes"},"schema":{"@context":"https:\/\/schema.org","@graph":[{"@type":"Article","@id":"https:\/\/news-dev.canadamotorjobs.com\/fr\/ottawa-prolonge-la-suspension-de-la-taxe-daccise-sur-lessence\/#article","isPartOf":{"@id":"https:\/\/news-dev.canadamotorjobs.com\/fr\/ottawa-prolonge-la-suspension-de-la-taxe-daccise-sur-lessence\/"},"author":{"name":"Benoit Charette","@id":"https:\/\/news-dev.canadamotorjobs.com\/fr\/#\/schema\/person\/1f6304dc4fb508188fb1418c9efd14dd"},"headline":"Ottawa prolonge la suspension de la taxe d\u2019accise sur l\u2019essence","datePublished":"2026-09-03T11:43:11+00:00","dateModified":"2026-09-03T14:37:10+00:00","mainEntityOfPage":{"@id":"https:\/\/news-dev.canadamotorjobs.com\/fr\/ottawa-prolonge-la-suspension-de-la-taxe-daccise-sur-lessence\/"},"wordCount":1023,"publisher":{"@id":"https:\/\/news-dev.canadamotorjobs.com\/fr\/#organization"},"image":{"@id":"https:\/\/news-dev.canadamotorjobs.com\/fr\/ottawa-prolonge-la-suspension-de-la-taxe-daccise-sur-lessence\/#primaryimage"},"thumbnailUrl":"https:\/\/news-dev.canadamotorjobs.com\/wp-content\/uploads\/2026\/04\/station-service-chute-des-prix-a-la-pompe-prix-a-la-pompe-essence-132914846129445962-3.jpeg","articleSection":["Annuel automobile"],"inLanguage":"fr-CA"},{"@type":"WebPage","@id":"https:\/\/news-dev.canadamotorjobs.com\/fr\/ottawa-prolonge-la-suspension-de-la-taxe-daccise-sur-lessence\/","url":"https:\/\/news-dev.canadamotorjobs.com\/fr\/ottawa-prolonge-la-suspension-de-la-taxe-daccise-sur-lessence\/","name":"Ottawa prolonge la suspension de la taxe d\u2019accise sur l\u2019essence - CanadaMotorJobs.com","isPartOf":{"@id":"https:\/\/news-dev.canadamotorjobs.com\/fr\/#website"},"primaryImageOfPage":{"@id":"https:\/\/news-dev.canadamotorjobs.com\/fr\/ottawa-prolonge-la-suspension-de-la-taxe-daccise-sur-lessence\/#primaryimage"},"image":{"@id":"https:\/\/news-dev.canadamotorjobs.com\/fr\/ottawa-prolonge-la-suspension-de-la-taxe-daccise-sur-lessence\/#primaryimage"},"thumbnailUrl":"https:\/\/news-dev.canadamotorjobs.com\/wp-content\/uploads\/2026\/04\/station-service-chute-des-prix-a-la-pompe-prix-a-la-pompe-essence-132914846129445962-3.jpeg","datePublished":"2026-09-03T11:43:11+00:00","dateModified":"2026-09-03T14:37:10+00:00","description":"Ottawa prolonge la suspension de la taxe d\u2019accise sur l\u2019essence - Benoit Charette - Annuel automobile - CanadaMotorJobs.com.","breadcrumb":{"@id":"https:\/\/news-dev.canadamotorjobs.com\/fr\/ottawa-prolonge-la-suspension-de-la-taxe-daccise-sur-lessence\/#breadcrumb"},"inLanguage":"fr-CA","potentialAction":[{"@type":"ReadAction","target":["https:\/\/news-dev.canadamotorjobs.com\/fr\/ottawa-prolonge-la-suspension-de-la-taxe-daccise-sur-lessence\/"]}]},{"@type":"ImageObject","inLanguage":"fr-CA","@id":"https:\/\/news-dev.canadamotorjobs.com\/fr\/ottawa-prolonge-la-suspension-de-la-taxe-daccise-sur-lessence\/#primaryimage","url":"https:\/\/news-dev.canadamotorjobs.com\/wp-content\/uploads\/2026\/04\/station-service-chute-des-prix-a-la-pompe-prix-a-la-pompe-essence-132914846129445962-3.jpeg","contentUrl":"https:\/\/news-dev.canadamotorjobs.com\/wp-content\/uploads\/2026\/04\/station-service-chute-des-prix-a-la-pompe-prix-a-la-pompe-essence-132914846129445962-3.jpeg","width":1600,"height":899},{"@type":"BreadcrumbList","@id":"https:\/\/news-dev.canadamotorjobs.com\/fr\/ottawa-prolonge-la-suspension-de-la-taxe-daccise-sur-lessence\/#breadcrumb","itemListElement":[{"@type":"ListItem","position":1,"name":"Home","item":"https:\/\/news-dev.canadamotorjobs.com\/fr\/"},{"@type":"ListItem","position":2,"name":"Ottawa prolonge la suspension de la taxe d\u2019accise sur l\u2019essence"}]},{"@type":"WebSite","@id":"https:\/\/news-dev.canadamotorjobs.com\/fr\/#website","url":"https:\/\/news-dev.canadamotorjobs.com\/fr\/","name":"CanadaMotorJobs.com","description":"Automotive Jobs","publisher":{"@id":"https:\/\/news-dev.canadamotorjobs.com\/fr\/#organization"},"potentialAction":[{"@type":"SearchAction","target":{"@type":"EntryPoint","urlTemplate":"https:\/\/news-dev.canadamotorjobs.com\/fr\/?s={search_term_string}"},"query-input":{"@type":"PropertyValueSpecification","valueRequired":true,"valueName":"search_term_string"}}],"inLanguage":"fr-CA"},{"@type":"Organization","@id":"https:\/\/news-dev.canadamotorjobs.com\/fr\/#organization","name":"Canada Motor Jobs","url":"https:\/\/news-dev.canadamotorjobs.com\/fr\/","logo":{"@type":"ImageObject","inLanguage":"fr-CA","@id":"https:\/\/news-dev.canadamotorjobs.com\/fr\/#\/schema\/logo\/image\/","url":"https:\/\/news.canadamotorjobs.com\/wp-content\/uploads\/2022\/10\/logo-canada-motor-jobs-1.png","contentUrl":"https:\/\/news.canadamotorjobs.com\/wp-content\/uploads\/2022\/10\/logo-canada-motor-jobs-1.png","width":800,"height":400,"caption":"Canada Motor Jobs"},"image":{"@id":"https:\/\/news-dev.canadamotorjobs.com\/fr\/#\/schema\/logo\/image\/"},"sameAs":["https:\/\/www.facebook.com\/canadamotorjobs\/","https:\/\/x.com\/canadamotorjobs","https:\/\/www.instagram.com\/canadamotorjobs\/","https:\/\/www.linkedin.com\/company\/canadamotorjobs"]},{"@type":"Person","@id":"https:\/\/news-dev.canadamotorjobs.com\/fr\/#\/schema\/person\/1f6304dc4fb508188fb1418c9efd14dd","name":"Benoit Charette","image":{"@type":"ImageObject","inLanguage":"fr-CA","@id":"https:\/\/secure.gravatar.com\/avatar\/8ebad7d4cd5c8ab847a16fc24c8cbb8cc9a64dbd8bd6f73a3f951682b0f9a696?s=96&d=mm&r=g","url":"https:\/\/secure.gravatar.com\/avatar\/8ebad7d4cd5c8ab847a16fc24c8cbb8cc9a64dbd8bd6f73a3f951682b0f9a696?s=96&d=mm&r=g","contentUrl":"https:\/\/secure.gravatar.com\/avatar\/8ebad7d4cd5c8ab847a16fc24c8cbb8cc9a64dbd8bd6f73a3f951682b0f9a696?s=96&d=mm&r=g","caption":"Benoit Charette"},"description":"Benoit Charette \/ Propri\u00e9taire et r\u00e9dacteur en chef Benoit Charette pratique le journalisme automobile depuis bient\u00f4t 30 ans. Il a fait ses classes au c\u00f4t\u00e9 de Daniel H\u00e9raud et au Carnet de route de 1992 \u00e0 2001. Il est fondateur, copropri\u00e9taire et r\u00e9dacteur en chef de L\u2019Annuel de l\u2019automobile, qu\u2019il publie depuis 2001. Il a anim\u00e9 les \u00e9missions RPM et RPM+ sur V et les L\u00e9gendes de la route sur Historia. \u00c0 la radio depuis 1986, il reprend l\u2019antenne cette ann\u00e9e sur les ondes de Cogeco et participe pour la deuxi\u00e8me ann\u00e9e \u00e0 l\u2019\u00e9mission Passion Auto sur RDS en plus de mettre en ligne le site Web officiel de L\u2019Annuel de l\u2019automobile sur annuelauto.ca.","sameAs":["https:\/\/annuelauto.ca\/"],"url":"https:\/\/news-dev.canadamotorjobs.com\/fr\/author\/benoit-charette\/"}]}},"_links":{"self":[{"href":"https:\/\/news-dev.canadamotorjobs.com\/fr\/wp-json\/wp\/v2\/posts\/248512","targetHints":{"allow":["GET"]}}],"collection":[{"href":"https:\/\/news-dev.canadamotorjobs.com\/fr\/wp-json\/wp\/v2\/posts"}],"about":[{"href":"https:\/\/news-dev.canadamotorjobs.com\/fr\/wp-json\/wp\/v2\/types\/post"}],"author":[{"embeddable":true,"href":"https:\/\/news-dev.canadamotorjobs.com\/fr\/wp-json\/wp\/v2\/users\/8"}],"replies":[{"embeddable":true,"href":"https:\/\/news-dev.canadamotorjobs.com\/fr\/wp-json\/wp\/v2\/comments?post=248512"}],"version-history":[{"count":2,"href":"https:\/\/news-dev.canadamotorjobs.com\/fr\/wp-json\/wp\/v2\/posts\/248512\/revisions"}],"predecessor-version":[{"id":248515,"href":"https:\/\/news-dev.canadamotorjobs.com\/fr\/wp-json\/wp\/v2\/posts\/248512\/revisions\/248515"}],"wp:featuredmedia":[{"embeddable":true,"href":"https:\/\/news-dev.canadamotorjobs.com\/fr\/wp-json\/wp\/v2\/media\/240043"}],"wp:attachment":[{"href":"https:\/\/news-dev.canadamotorjobs.com\/fr\/wp-json\/wp\/v2\/media?parent=248512"}],"wp:term":[{"taxonomy":"category","embeddable":true,"href":"https:\/\/news-dev.canadamotorjobs.com\/fr\/wp-json\/wp\/v2\/categories?post=248512"},{"taxonomy":"post_tag","embeddable":true,"href":"https:\/\/news-dev.canadamotorjobs.com\/fr\/wp-json\/wp\/v2\/tags?post=248512"}],"curies":[{"name":"wp","href":"https:\/\/api.w.org\/{rel}","templated":true}]}}