{"id":248520,"date":"2026-09-03T07:21:25","date_gmt":"2026-09-03T11:21:25","guid":{"rendered":"https:\/\/news.canadamotorjobs.com\/?p=248520"},"modified":"2026-09-03T10:37:20","modified_gmt":"2026-09-03T14:37:20","slug":"quels-sont-les-ve-qui-vieillissent-le-mieux","status":"publish","type":"post","link":"https:\/\/news-dev.canadamotorjobs.com\/fr\/quels-sont-les-ve-qui-vieillissent-le-mieux\/","title":{"rendered":"Quels sont les V\u00c9 qui vieillissent le mieux."},"content":{"rendered":"<\/p>\n<p>L\u2019achat d\u2019un v\u00e9hicule \u00e9lectrique usag\u00e9 soul\u00e8ve encore une grande question : dans quel \u00e9tat sera la batterie apr\u00e8s plusieurs ann\u00e9es et des dizaines de milliers de kilom\u00e8tres? Une vaste \u00e9tude r\u00e9alis\u00e9e aux \u00c9tats-Unis par Aviloo, une entreprise sp\u00e9cialis\u00e9e dans le diagnostic des batteries de v\u00e9hicules \u00e9lectriques, apporte des \u00e9l\u00e9ments de r\u00e9ponse plut\u00f4t rassurants. L\u2019entreprise a analys\u00e9 pr\u00e8s de 500 000 tests de sant\u00e9 de batteries, r\u00e9alis\u00e9s entre 2022 et 2026 sur 20 mod\u00e8les \u00e9lectriques populaires partout dans le monde. Le constat g\u00e9n\u00e9ral est encourageant : apr\u00e8s pr\u00e8s de 150 000 km, la majorit\u00e9 des v\u00e9hicules \u00e9tudi\u00e9s conservent encore environ 90 % ou plus de leur capacit\u00e9 utile d\u2019origine. Mais tous les mod\u00e8les ne vieillissent pas au m\u00eame rythme.<\/p>\n<h3>La Hyundai Ioniq 5 en t\u00eate du classement<\/h3>\n<p>\nLa grande vedette de cette \u00e9tude est la Hyundai Ioniq 5. Apr\u00e8s 50 000 km, son \u00e9tat de sant\u00e9 m\u00e9dian d\u00e9passait 97 %. Autrement dit, du point de vue de la capacit\u00e9 de la batterie, elle se comportait pratiquement comme un v\u00e9hicule neuf. Elle a \u00e9galement conserv\u00e9 la premi\u00e8re place \u00e0 100 000 km avec plus de 95 % de capacit\u00e9 restante. \u00c0 cette distance, les autres mod\u00e8les les plus performants comprenaient notamment :<\/p>\n<ul><\/p>\n<li>Mercedes-Benz EQA : environ 95 %<\/li>\n<p><\/p>\n<li>Hyundai Kona Electric : 94,3 %<\/li>\n<p><\/p>\n<li>BMW i4 : 94,3 %<\/li>\n<p><\/p>\n<li>Ford Mustang Mach-E : 93,45 %<\/li>\n<p>\n<\/ul>\n<p>\n\u00c0 150 000 km, la Mercedes-Benz EQA a l\u00e9g\u00e8rement devanc\u00e9 l\u2019Ioniq 5, avec 93,97 % de capacit\u00e9 m\u00e9diane, contre 93,79 % pour la Hyundai. La BMW i4, la Kona Electric et le Volvo XC40 Recharge suivaient de pr\u00e8s.<\/p>\n<h3>Une d\u00e9gradation beaucoup moins importante<\/h3>\n<p>\nL\u2019\u00e9tude mesure l\u2019\u00e9tat de sant\u00e9, ou <em>State of Health<\/em>, d\u2019une batterie. Un r\u00e9sultat de 95 % signifie essentiellement qu\u2019il reste environ 95 % de la capacit\u00e9 utile disponible par rapport \u00e0 une batterie neuve. Dans la majorit\u00e9 des cas, cela se traduit par une baisse similaire de l\u2019autonomie maximale. Apr\u00e8s 100 000 km, et en excluant quelques mod\u00e8les qui font figure d\u2019exception, pratiquement tous les v\u00e9hicules \u00e9tudi\u00e9s affichaient encore un \u00e9tat de sant\u00e9 m\u00e9dian d\u2019au moins 90 %. C\u2019est une donn\u00e9e importante pour le march\u00e9 du v\u00e9hicule \u00e9lectrique d\u2019occasion. Elle confirme que, contrairement \u00e0 certains appareils \u00e9lectroniques, une batterie de v\u00e9hicule \u00e9lectrique ne devient pas automatiquement inutilisable apr\u00e8s quelques ann\u00e9es.<\/p>\n<h3>Les batteries refroidies par air vieillissent moins bien<\/h3>\n<p>\nDeux mod\u00e8les se sont clairement retrouv\u00e9s au bas du classement : la pr\u00e9c\u00e9dente g\u00e9n\u00e9ration de Nissan Leaf son \u00e9quivalente europ\u00e9enne la Renault Zo\u00e9. Ces v\u00e9hicules font partie des exceptions technologiques du march\u00e9 puisqu\u2019ils utilisent une batterie sans syst\u00e8me sophistiqu\u00e9 de refroidissement liquide. \u00c0 150 000 km, la Leaf conservait en moyenne 86,67 % de sa capacit\u00e9, tandis que la Zoe affichait 87,33 %. La Mini Cooper SE faisait \u00e9galement moins bien que la majorit\u00e9 des v\u00e9hicules \u00e9tudi\u00e9s, avec 87,11 %. La taille relativement r\u00e9duite des batteries joue aussi un r\u00f4le. Une petite batterie doit g\u00e9n\u00e9ralement subir davantage de cycles de recharge pour parcourir la m\u00eame distance qu\u2019un v\u00e9hicule \u00e9quip\u00e9 d\u2019une batterie de grande capacit\u00e9. Plus il y a de cycles de recharge, plus l\u2019usure peut devenir importante avec le temps.<\/p>\n<h3>Tesla : de bons r\u00e9sultats, mais pas les meilleurs<\/h3>\n<p>\nLes deux mod\u00e8les Tesla inclus dans l\u2019\u00e9tude, la Model Y et la Model 3, se situent davantage au milieu ou dans la seconde moiti\u00e9 du classement. Apr\u00e8s 150 000 km, la Tesla Model Y affichait un \u00e9tat de sant\u00e9 m\u00e9dian de 90,3 %, tandis que la Model 3 atteignait 88,94 %. Ces r\u00e9sultats demeurent tout de m\u00eame respectables. Une Model Y ayant perdu environ 10 % de sa capacit\u00e9 apr\u00e8s 150 000 km reste parfaitement fonctionnelle et conserve une grande partie de son autonomie initiale. Mais l\u2019\u00e9tude montre que les Hyundai, Mercedes-Benz et BMW analys\u00e9es ont fait encore mieux en mati\u00e8re de conservation de capacit\u00e9.<\/p>\n<h3>Une m\u00eame voiture peut vieillir tr\u00e8s diff\u00e9remment d\u2019un propri\u00e9taire \u00e0 l\u2019autre<\/h3>\n<p>\nC\u2019est probablement l\u2019\u00e9l\u00e9ment le plus important de cette \u00e9tude. Les r\u00e9sultats m\u00e9dians donnent une bonne id\u00e9e de la tendance g\u00e9n\u00e9rale, mais les \u00e9carts entre deux v\u00e9hicules identiques peuvent \u00eatre consid\u00e9rables. Pour certains mod\u00e8les ayant parcouru environ 150 000 km, Aviloo a observ\u00e9 une fourchette de r\u00e9sultats tr\u00e8s large parmi 99 % des v\u00e9hicules analys\u00e9s. La Tesla Model 3, par exemple, pouvait afficher un \u00e9tat de sant\u00e9 variant d\u2019environ 80,28 % \u00e0 94,53 %. Pour la Model Y, la fourchette allait approximativement de 82,9 % \u00e0 94,9 %. La BMW i4 variait entre 87,5 % et 96,9 %, tandis que la Mustang Mach-E se situait entre 85,3 % et 96,1 %. Bref, deux v\u00e9hicules identiques, du m\u00eame \u00e2ge et ayant parcouru le m\u00eame kilom\u00e9trage peuvent pr\u00e9senter des batteries dans des \u00e9tats tr\u00e8s diff\u00e9rents.<\/p>\n<h3>Le climat et les habitudes de recharge font une diff\u00e9rence<\/h3>\n<p>\nPlusieurs facteurs peuvent acc\u00e9l\u00e9rer la d\u00e9gradation d\u2019une batterie. Parmi les principaux on retrouve une utilisation prolong\u00e9e dans des climats tr\u00e8s chauds, les recharges rapides fr\u00e9quentes, le maintien prolong\u00e9 de la batterie \u00e0 100 %, le nombre total de cycles de recharge, l\u2019\u00e2ge de la batterie, ind\u00e9pendamment du kilom\u00e9trage et la chimie utilis\u00e9e et le syst\u00e8me de gestion thermique du constructeur. C\u2019est pourquoi le kilom\u00e9trage ne raconte pas toute l\u2019histoire. Un v\u00e9hicule ayant parcouru 120 000 km avec des habitudes de recharge mod\u00e9r\u00e9es et un bon contr\u00f4le thermique peut poss\u00e9der une batterie en meilleure condition qu\u2019un autre ayant parcouru beaucoup moins de kilom\u00e8tres, mais ayant \u00e9t\u00e9 constamment expos\u00e9 \u00e0 une forte chaleur et \u00e0 des recharges rapides r\u00e9p\u00e9t\u00e9es.<\/p>\n<h3>Une bonne nouvelle pour les acheteurs de v\u00e9hicules \u00e9lectriques usag\u00e9s<\/h3>\n<p>\nLa conclusion g\u00e9n\u00e9rale de l\u2019\u00e9tude est rassurante. Apr\u00e8s environ 150 000 km, la majorit\u00e9 des v\u00e9hicules \u00e9lectriques populaires \u00e9tudi\u00e9s conservent encore entre 90 % et 94 % de leur capacit\u00e9 de batterie. M\u00eame les mod\u00e8les les moins performants de l\u2019\u00e9chantillon demeuraient g\u00e9n\u00e9ralement autour de 87 %. Pour un acheteur de v\u00e9hicule \u00e9lectrique usag\u00e9, cela signifie qu\u2019une perte d\u2019autonomie d\u2019environ 10 % apr\u00e8s 100 000 \u00e0 150 000 km constitue une estimation raisonnable dans plusieurs cas, sans toutefois repr\u00e9senter une garantie. La le\u00e7on est donc claire : la batterie d\u2019un v\u00e9hicule \u00e9lectrique moderne vieillit g\u00e9n\u00e9ralement beaucoup mieux que la perception populaire ne le laisse croire. Mais comme pour un moteur \u00e0 essence, l\u2019\u00e9tat d\u2019un v\u00e9hicule pr\u00e9cis compte davantage que la r\u00e9putation g\u00e9n\u00e9rale du mod\u00e8le. Dans le march\u00e9 de l\u2019occasion, un v\u00e9ritable diagnostic de l\u2019\u00e9tat de sant\u00e9 de la batterie pourrait rapidement devenir aussi important qu\u2019une inspection m\u00e9canique compl\u00e8te. Et \u00e0 la lumi\u00e8re des r\u00e9sultats d\u2019Aviloo, la Hyundai Ioniq 5 peut ajouter un argument de plus \u00e0 son dossier : en mati\u00e8re de vieillissement de la batterie, elle semble avoir trouv\u00e9 la recette pour rester jeune assez longtemps.<\/p>\n<p>Avec des renseignements d&rsquo;Inside EV&rsquo;S<\/p>\n<p>Le texte <a href=\"https:\/\/annuelauto.ca\/quels-sont-les-ve-qui-vieillissent-le-mieux\/\">Quels sont les V\u00c9 qui vieillissent le mieux.<\/a> provient de <a href=\"https:\/\/annuelauto.ca\">L&rsquo;annuel de l&rsquo;automobile &#8211; Actualit\u00e9 automobile<\/a><\/p>\n<p><\/p>\n","protected":false},"excerpt":{"rendered":"<p>L\u2019achat d\u2019un v\u00e9hicule \u00e9lectrique usag\u00e9 soul\u00e8ve encore une grande question : dans quel \u00e9tat sera la batterie apr\u00e8s plusieurs ann\u00e9es et des dizaines de milliers de kilom\u00e8tres? Une vaste \u00e9tude r\u00e9alis\u00e9e aux \u00c9tats-Unis par Aviloo, une entreprise sp\u00e9cialis\u00e9e dans le diagnostic des batteries de v\u00e9hicules \u00e9lectriques, apporte des \u00e9l\u00e9ments de r\u00e9ponse plut\u00f4t rassurants. L\u2019entreprise a [&hellip;]<\/p>\n","protected":false},"author":8,"featured_media":248523,"comment_status":"close","ping_status":"closed","sticky":false,"template":"","format":"standard","meta":{"_monsterinsights_skip_tracking":false,"footnotes":""},"categories":[101],"tags":[],"class_list":["post-248520","post","type-post","status-publish","format-standard","has-post-thumbnail","hentry","category-annuel-automobile"],"yoast_head":"<!-- This site is optimized with the Yoast SEO plugin v28.4 - https:\/\/yoast.com\/product\/yoast-seo-wordpress\/ -->\n<title>Quels sont les V\u00c9 qui vieillissent le mieux. - CanadaMotorJobs.com<\/title>\n<meta name=\"description\" content=\"Quels sont les V\u00c9 qui vieillissent le mieux. - Benoit Charette - Annuel automobile - CanadaMotorJobs.com.\" \/>\n<meta name=\"robots\" content=\"index, follow, max-snippet:-1, max-image-preview:large, max-video-preview:-1\" \/>\n<link rel=\"canonical\" href=\"https:\/\/news-dev.canadamotorjobs.com\/fr\/quels-sont-les-ve-qui-vieillissent-le-mieux\/\" \/>\n<meta property=\"og:locale\" content=\"fr_CA\" \/>\n<meta property=\"og:type\" content=\"article\" \/>\n<meta property=\"og:title\" content=\"Quels sont les V\u00c9 qui vieillissent le mieux. - CanadaMotorJobs.com\" \/>\n<meta property=\"og:description\" content=\"Quels sont les V\u00c9 qui vieillissent le mieux. - Benoit Charette - Annuel automobile - CanadaMotorJobs.com.\" \/>\n<meta property=\"og:url\" content=\"https:\/\/news-dev.canadamotorjobs.com\/fr\/quels-sont-les-ve-qui-vieillissent-le-mieux\/\" \/>\n<meta property=\"og:site_name\" content=\"CanadaMotorJobs.com\" \/>\n<meta property=\"article:publisher\" content=\"https:\/\/www.facebook.com\/canadamotorjobs\/\" \/>\n<meta property=\"article:published_time\" content=\"2026-09-03T11:21:25+00:00\" \/>\n<meta property=\"article:modified_time\" content=\"2026-09-03T14:37:20+00:00\" \/>\n<meta property=\"og:image\" content=\"https:\/\/news-dev.canadamotorjobs.com\/wp-content\/uploads\/2026\/09\/hyundai-ioniq-5-n-2025-hyundai-trois-rivieres-16-scaled-1.jpg\" \/>\n\t<meta property=\"og:image:width\" content=\"2048\" \/>\n\t<meta property=\"og:image:height\" content=\"1366\" \/>\n\t<meta property=\"og:image:type\" content=\"image\/jpeg\" \/>\n<meta name=\"author\" content=\"Benoit Charette\" \/>\n<meta name=\"twitter:card\" content=\"summary_large_image\" \/>\n<meta name=\"twitter:creator\" content=\"@canadamotorjobs\" \/>\n<meta name=\"twitter:site\" content=\"@canadamotorjobs\" \/>\n<meta name=\"twitter:label1\" content=\"\u00c9crit par\" \/>\n\t<meta name=\"twitter:data1\" content=\"Benoit Charette\" \/>\n\t<meta name=\"twitter:label2\" content=\"Estimation du temps de lecture\" \/>\n\t<meta name=\"twitter:data2\" content=\"6 minutes\" \/>\n<!-- \/ Yoast SEO plugin. -->","yoast_head_json":{"title":"Quels sont les V\u00c9 qui vieillissent le mieux. - CanadaMotorJobs.com","description":"Quels sont les V\u00c9 qui vieillissent le mieux. - Benoit Charette - Annuel automobile - CanadaMotorJobs.com.","robots":{"index":"index","follow":"follow","max-snippet":"max-snippet:-1","max-image-preview":"max-image-preview:large","max-video-preview":"max-video-preview:-1"},"canonical":"https:\/\/news-dev.canadamotorjobs.com\/fr\/quels-sont-les-ve-qui-vieillissent-le-mieux\/","og_locale":"fr_CA","og_type":"article","og_title":"Quels sont les V\u00c9 qui vieillissent le mieux. - CanadaMotorJobs.com","og_description":"Quels sont les V\u00c9 qui vieillissent le mieux. - Benoit Charette - Annuel automobile - CanadaMotorJobs.com.","og_url":"https:\/\/news-dev.canadamotorjobs.com\/fr\/quels-sont-les-ve-qui-vieillissent-le-mieux\/","og_site_name":"CanadaMotorJobs.com","article_publisher":"https:\/\/www.facebook.com\/canadamotorjobs\/","article_published_time":"2026-09-03T11:21:25+00:00","article_modified_time":"2026-09-03T14:37:20+00:00","og_image":[{"width":2048,"height":1366,"url":"https:\/\/news-dev.canadamotorjobs.com\/wp-content\/uploads\/2026\/09\/hyundai-ioniq-5-n-2025-hyundai-trois-rivieres-16-scaled-1.jpg","type":"image\/jpeg"}],"author":"Benoit Charette","twitter_card":"summary_large_image","twitter_creator":"@canadamotorjobs","twitter_site":"@canadamotorjobs","twitter_misc":{"\u00c9crit par":"Benoit Charette","Estimation du temps de lecture":"6 minutes"},"schema":{"@context":"https:\/\/schema.org","@graph":[{"@type":"Article","@id":"https:\/\/news-dev.canadamotorjobs.com\/fr\/quels-sont-les-ve-qui-vieillissent-le-mieux\/#article","isPartOf":{"@id":"https:\/\/news-dev.canadamotorjobs.com\/fr\/quels-sont-les-ve-qui-vieillissent-le-mieux\/"},"author":{"name":"Benoit Charette","@id":"https:\/\/news-dev.canadamotorjobs.com\/fr\/#\/schema\/person\/1f6304dc4fb508188fb1418c9efd14dd"},"headline":"Quels sont les V\u00c9 qui vieillissent le mieux.","datePublished":"2026-09-03T11:21:25+00:00","dateModified":"2026-09-03T14:37:20+00:00","mainEntityOfPage":{"@id":"https:\/\/news-dev.canadamotorjobs.com\/fr\/quels-sont-les-ve-qui-vieillissent-le-mieux\/"},"wordCount":1190,"publisher":{"@id":"https:\/\/news-dev.canadamotorjobs.com\/fr\/#organization"},"image":{"@id":"https:\/\/news-dev.canadamotorjobs.com\/fr\/quels-sont-les-ve-qui-vieillissent-le-mieux\/#primaryimage"},"thumbnailUrl":"https:\/\/news-dev.canadamotorjobs.com\/wp-content\/uploads\/2026\/09\/hyundai-ioniq-5-n-2025-hyundai-trois-rivieres-16-scaled-1.jpg","articleSection":["Annuel automobile"],"inLanguage":"fr-CA"},{"@type":"WebPage","@id":"https:\/\/news-dev.canadamotorjobs.com\/fr\/quels-sont-les-ve-qui-vieillissent-le-mieux\/","url":"https:\/\/news-dev.canadamotorjobs.com\/fr\/quels-sont-les-ve-qui-vieillissent-le-mieux\/","name":"Quels sont les V\u00c9 qui vieillissent le mieux. - CanadaMotorJobs.com","isPartOf":{"@id":"https:\/\/news-dev.canadamotorjobs.com\/fr\/#website"},"primaryImageOfPage":{"@id":"https:\/\/news-dev.canadamotorjobs.com\/fr\/quels-sont-les-ve-qui-vieillissent-le-mieux\/#primaryimage"},"image":{"@id":"https:\/\/news-dev.canadamotorjobs.com\/fr\/quels-sont-les-ve-qui-vieillissent-le-mieux\/#primaryimage"},"thumbnailUrl":"https:\/\/news-dev.canadamotorjobs.com\/wp-content\/uploads\/2026\/09\/hyundai-ioniq-5-n-2025-hyundai-trois-rivieres-16-scaled-1.jpg","datePublished":"2026-09-03T11:21:25+00:00","dateModified":"2026-09-03T14:37:20+00:00","description":"Quels sont les V\u00c9 qui vieillissent le mieux. - Benoit Charette - Annuel automobile - CanadaMotorJobs.com.","breadcrumb":{"@id":"https:\/\/news-dev.canadamotorjobs.com\/fr\/quels-sont-les-ve-qui-vieillissent-le-mieux\/#breadcrumb"},"inLanguage":"fr-CA","potentialAction":[{"@type":"ReadAction","target":["https:\/\/news-dev.canadamotorjobs.com\/fr\/quels-sont-les-ve-qui-vieillissent-le-mieux\/"]}]},{"@type":"ImageObject","inLanguage":"fr-CA","@id":"https:\/\/news-dev.canadamotorjobs.com\/fr\/quels-sont-les-ve-qui-vieillissent-le-mieux\/#primaryimage","url":"https:\/\/news-dev.canadamotorjobs.com\/wp-content\/uploads\/2026\/09\/hyundai-ioniq-5-n-2025-hyundai-trois-rivieres-16-scaled-1.jpg","contentUrl":"https:\/\/news-dev.canadamotorjobs.com\/wp-content\/uploads\/2026\/09\/hyundai-ioniq-5-n-2025-hyundai-trois-rivieres-16-scaled-1.jpg","width":2048,"height":1366},{"@type":"BreadcrumbList","@id":"https:\/\/news-dev.canadamotorjobs.com\/fr\/quels-sont-les-ve-qui-vieillissent-le-mieux\/#breadcrumb","itemListElement":[{"@type":"ListItem","position":1,"name":"Home","item":"https:\/\/news-dev.canadamotorjobs.com\/fr\/"},{"@type":"ListItem","position":2,"name":"Quels sont les V\u00c9 qui vieillissent le mieux."}]},{"@type":"WebSite","@id":"https:\/\/news-dev.canadamotorjobs.com\/fr\/#website","url":"https:\/\/news-dev.canadamotorjobs.com\/fr\/","name":"CanadaMotorJobs.com","description":"Automotive Jobs","publisher":{"@id":"https:\/\/news-dev.canadamotorjobs.com\/fr\/#organization"},"potentialAction":[{"@type":"SearchAction","target":{"@type":"EntryPoint","urlTemplate":"https:\/\/news-dev.canadamotorjobs.com\/fr\/?s={search_term_string}"},"query-input":{"@type":"PropertyValueSpecification","valueRequired":true,"valueName":"search_term_string"}}],"inLanguage":"fr-CA"},{"@type":"Organization","@id":"https:\/\/news-dev.canadamotorjobs.com\/fr\/#organization","name":"Canada Motor Jobs","url":"https:\/\/news-dev.canadamotorjobs.com\/fr\/","logo":{"@type":"ImageObject","inLanguage":"fr-CA","@id":"https:\/\/news-dev.canadamotorjobs.com\/fr\/#\/schema\/logo\/image\/","url":"https:\/\/news.canadamotorjobs.com\/wp-content\/uploads\/2022\/10\/logo-canada-motor-jobs-1.png","contentUrl":"https:\/\/news.canadamotorjobs.com\/wp-content\/uploads\/2022\/10\/logo-canada-motor-jobs-1.png","width":800,"height":400,"caption":"Canada Motor Jobs"},"image":{"@id":"https:\/\/news-dev.canadamotorjobs.com\/fr\/#\/schema\/logo\/image\/"},"sameAs":["https:\/\/www.facebook.com\/canadamotorjobs\/","https:\/\/x.com\/canadamotorjobs","https:\/\/www.instagram.com\/canadamotorjobs\/","https:\/\/www.linkedin.com\/company\/canadamotorjobs"]},{"@type":"Person","@id":"https:\/\/news-dev.canadamotorjobs.com\/fr\/#\/schema\/person\/1f6304dc4fb508188fb1418c9efd14dd","name":"Benoit Charette","image":{"@type":"ImageObject","inLanguage":"fr-CA","@id":"https:\/\/secure.gravatar.com\/avatar\/8ebad7d4cd5c8ab847a16fc24c8cbb8cc9a64dbd8bd6f73a3f951682b0f9a696?s=96&d=mm&r=g","url":"https:\/\/secure.gravatar.com\/avatar\/8ebad7d4cd5c8ab847a16fc24c8cbb8cc9a64dbd8bd6f73a3f951682b0f9a696?s=96&d=mm&r=g","contentUrl":"https:\/\/secure.gravatar.com\/avatar\/8ebad7d4cd5c8ab847a16fc24c8cbb8cc9a64dbd8bd6f73a3f951682b0f9a696?s=96&d=mm&r=g","caption":"Benoit Charette"},"description":"Benoit Charette \/ Propri\u00e9taire et r\u00e9dacteur en chef Benoit Charette pratique le journalisme automobile depuis bient\u00f4t 30 ans. Il a fait ses classes au c\u00f4t\u00e9 de Daniel H\u00e9raud et au Carnet de route de 1992 \u00e0 2001. Il est fondateur, copropri\u00e9taire et r\u00e9dacteur en chef de L\u2019Annuel de l\u2019automobile, qu\u2019il publie depuis 2001. Il a anim\u00e9 les \u00e9missions RPM et RPM+ sur V et les L\u00e9gendes de la route sur Historia. \u00c0 la radio depuis 1986, il reprend l\u2019antenne cette ann\u00e9e sur les ondes de Cogeco et participe pour la deuxi\u00e8me ann\u00e9e \u00e0 l\u2019\u00e9mission Passion Auto sur RDS en plus de mettre en ligne le site Web officiel de L\u2019Annuel de l\u2019automobile sur annuelauto.ca.","sameAs":["https:\/\/annuelauto.ca\/"],"url":"https:\/\/news-dev.canadamotorjobs.com\/fr\/author\/benoit-charette\/"}]}},"_links":{"self":[{"href":"https:\/\/news-dev.canadamotorjobs.com\/fr\/wp-json\/wp\/v2\/posts\/248520","targetHints":{"allow":["GET"]}}],"collection":[{"href":"https:\/\/news-dev.canadamotorjobs.com\/fr\/wp-json\/wp\/v2\/posts"}],"about":[{"href":"https:\/\/news-dev.canadamotorjobs.com\/fr\/wp-json\/wp\/v2\/types\/post"}],"author":[{"embeddable":true,"href":"https:\/\/news-dev.canadamotorjobs.com\/fr\/wp-json\/wp\/v2\/users\/8"}],"replies":[{"embeddable":true,"href":"https:\/\/news-dev.canadamotorjobs.com\/fr\/wp-json\/wp\/v2\/comments?post=248520"}],"version-history":[{"count":2,"href":"https:\/\/news-dev.canadamotorjobs.com\/fr\/wp-json\/wp\/v2\/posts\/248520\/revisions"}],"predecessor-version":[{"id":248524,"href":"https:\/\/news-dev.canadamotorjobs.com\/fr\/wp-json\/wp\/v2\/posts\/248520\/revisions\/248524"}],"wp:featuredmedia":[{"embeddable":true,"href":"https:\/\/news-dev.canadamotorjobs.com\/fr\/wp-json\/wp\/v2\/media\/248523"}],"wp:attachment":[{"href":"https:\/\/news-dev.canadamotorjobs.com\/fr\/wp-json\/wp\/v2\/media?parent=248520"}],"wp:term":[{"taxonomy":"category","embeddable":true,"href":"https:\/\/news-dev.canadamotorjobs.com\/fr\/wp-json\/wp\/v2\/categories?post=248520"},{"taxonomy":"post_tag","embeddable":true,"href":"https:\/\/news-dev.canadamotorjobs.com\/fr\/wp-json\/wp\/v2\/tags?post=248520"}],"curies":[{"name":"wp","href":"https:\/\/api.w.org\/{rel}","templated":true}]}}