{"id":248550,"date":"2026-09-02T07:57:02","date_gmt":"2026-09-02T11:57:02","guid":{"rendered":"https:\/\/news.canadamotorjobs.com\/?p=248550"},"modified":"2026-09-03T10:37:32","modified_gmt":"2026-09-03T14:37:32","slug":"lexus-redessine-le-nx-2027","status":"publish","type":"post","link":"https:\/\/news-dev.canadamotorjobs.com\/fr\/lexus-redessine-le-nx-2027\/","title":{"rendered":"Lexus redessine le NX 2027"},"content":{"rendered":"<\/p>\n<p>Lexus poursuit son virage vers l\u2019\u00e9lectrification avec une refonte importante de son populaire VUS compact. Le Lexus NX 2027 abandonne d\u00e9sormais compl\u00e8tement la motorisation exclusivement \u00e0 essence et sera offert uniquement en version hybride ou hybride rechargeable. Le constructeur japonais profite \u00e9galement de cette mise \u00e0 jour pour revoir le style du NX, am\u00e9liorer son comportement routier et int\u00e9grer davantage de technologies \u00e0 bord. Le NX fait partie de la gamme Lexus depuis 2014 et constitue aujourd\u2019hui l\u2019un des mod\u00e8les les plus importants de la marque dans le segment tr\u00e8s concurrentiel des VUS compacts de luxe.<\/p>\n<h3>Fin du Lexus NX 350 \u00e0 essence<\/h3>\n<p>\nPour 2026, le Lexus NX est encore propos\u00e9 en trois variantes principales : le NX 350 \u00e0 essence, le NX 350h hybride et le NX 450h+ hybride rechargeable. Cette diversit\u00e9 dispara\u00eetra en 2027. Le nouveau NX sera exclusivement propos\u00e9 sous les appellations NX 350h et NX 450h+, avec des am\u00e9liorations apport\u00e9es aux deux syst\u00e8mes hybrides. Les deux motorisations pourront \u00eatre choisies en versions Premium, F Sport et Luxury, bien que Lexus n\u2019ait pas encore annonc\u00e9 les prix pour le march\u00e9 canadien. Le NX hybride continuera d\u2019\u00eatre assembl\u00e9 \u00e0 l\u2019usine Toyota de Cambridge, en Ontario, tandis que la version hybride rechargeable sera toujours import\u00e9e du Japon.<\/p>\n<h3>Un style l\u00e9g\u00e8rement revu<\/h3>\n<p>\nLexus ne bouleverse pas compl\u00e8tement le design du NX, mais plusieurs d\u00e9tails permettent de distinguer le mod\u00e8le 2027. Le VUS re\u00e7oit notamment une nouvelle calandre \u00e0 motif maill\u00e9, tandis que les garnitures et les r\u00e9troviseurs adoptent une finition noire en remplacement de certains \u00e9l\u00e9ments chrom\u00e9s. Les feux arri\u00e8re sont \u00e9galement redessin\u00e9s et le logo Lexus \u00e0 l\u2019arri\u00e8re devient illumin\u00e9. Deux nouvelles couleurs font aussi leur apparition : Shaded Ivy et Incognito. La version F Sport pousse un peu plus loin le traitement sportif avec des \u00e9l\u00e9ments a\u00e9rodynamiques \u00e0 l\u2019avant, des accents noir lustr\u00e9, des roues de 20 pouces all\u00e9g\u00e9es et des \u00e9triers de frein rouges.<\/p>\n<h3>Un \u00e9cran de 14 pouces maintenant de s\u00e9rie<\/h3>\n<p>\nC\u2019est toutefois \u00e0 bord que les changements seront les plus appr\u00e9ci\u00e9s par les acheteurs. Tous les Lexus NX 2027 re\u00e7oivent maintenant de s\u00e9rie un \u00e9cran central de 14 pouces. Il remplace notamment l\u2019\u00e9cran de 9,8 pouces auparavant utilis\u00e9 sur certaines versions du mod\u00e8le 2026. Le tableau de bord num\u00e9rique de 12,3 pouces fait \u00e9galement partie de l\u2019\u00e9quipement. Lexus introduit aussi un nouveau volant l\u00e9g\u00e8rement plus petit ainsi que des commandes tactiles baptis\u00e9es Responsive Hidden, con\u00e7ues pour int\u00e9grer certaines fonctions de mani\u00e8re plus discr\u00e8te. L\u2019\u00e9clairage d\u2019ambiance est \u00e9galement repens\u00e9 et s\u2019\u00e9tend d\u00e9sormais du tableau de bord jusqu\u2019aux panneaux de portes. Le syst\u00e8me audio Mark Levinson, offert sur certaines versions, re\u00e7oit de nouvelles grilles m\u00e9talliques perfor\u00e9es avec un anneau lumineux. Deux nouvelles couleurs int\u00e9rieures sont aussi propos\u00e9es : Abalos, une teinte sable, et Radiant Red, r\u00e9serv\u00e9e aux versions F Sport. Cette derni\u00e8re re\u00e7oit \u00e9galement un tableau de bord enti\u00e8rement noir avec des surpiq\u00fbres contrastantes.<\/p>\n<h3>Une batterie plus grosse pour le NX 450h+<\/h3>\n<p>\nLexus apporte \u00e9galement des modifications importantes \u00e0 la m\u00e9canique hybride rechargeable. Le NX 450h+ re\u00e7oit une nouvelle batterie lithium-ion dont la capacit\u00e9 augmente de 30 %. Lexus estime que l\u2019autonomie \u00e9lectrique d\u00e9passera d\u00e9sormais 64 kilom\u00e8tres, comparativement \u00e0 environ 60 km pour le mod\u00e8le 2026 selon les donn\u00e9es de Ressources naturelles Canada. Une autre am\u00e9lioration importante concerne la recharge rapide. Le NX 450h+ 2027 recevra une prise de recharge rapide \u00e0 courant continu, une premi\u00e8re \u00e9volution majeure pour ce mod\u00e8le. La porte de recharge sera \u00e9galement maintenant \u00e0 commande \u00e9lectrique. La batterie est aussi repositionn\u00e9e dans le ch\u00e2ssis. Elle est d\u00e9sormais install\u00e9e transversalement plut\u00f4t que longitudinalement. Selon Lexus, cette nouvelle disposition am\u00e9liore la rigidit\u00e9 lat\u00e9rale du v\u00e9hicule tout en abaissant le centre de gravit\u00e9, ce qui devrait contribuer \u00e0 am\u00e9liorer la tenue de route.<\/p>\n<h3>Une transmission int\u00e9grale d\u00e9sormais active en permanence<\/h3>\n<p>\nLe Lexus NX 2027 continuera d\u2019\u00eatre offert de s\u00e9rie avec la transmission int\u00e9grale. Son fonctionnement \u00e9volue toutefois. Sur les mod\u00e8les actuels, le moteur \u00e9lectrique arri\u00e8re intervient principalement lorsque les conditions exigent davantage de motricit\u00e9. Pour 2027, Lexus adopte plut\u00f4t une strat\u00e9gie de transmission int\u00e9grale active en permanence, avec un nouveau syst\u00e8me de contr\u00f4le du moteur arri\u00e8re. L\u2019objectif est d\u2019am\u00e9liorer non seulement la traction, mais \u00e9galement la stabilit\u00e9 et le comportement dynamique du VUS. La structure du v\u00e9hicule profite \u00e9galement d\u2019un nouveau renfort transversal au niveau du plancher ainsi que de modifications aux tours de suspension. Les versions qui ne re\u00e7oivent pas la suspension adaptative obtiennent de nouveaux amortisseurs con\u00e7us pour mieux r\u00e9agir aux variations de la chauss\u00e9e. Tous les mod\u00e8les b\u00e9n\u00e9ficient aussi d\u2019une direction am\u00e9lior\u00e9e et d\u2019un syst\u00e8me de freinage capable d\u2019intervenir l\u00e9g\u00e8rement dans certaines situations, notamment en virage ou lors d\u2019un changement de voie brusque, afin d\u2019am\u00e9liorer la stabilit\u00e9.<\/p>\n<h3>Davantage de technologie et une fonction de tableau de bord<\/h3>\n<p>\nLexus ajoute plusieurs nouvelles fonctions technologiques au NX 2027. Certaines versions pourront recevoir un syst\u00e8me appel\u00e9 Sensory Concierge, capable de coordonner la climatisation, la temp\u00e9rature des si\u00e8ges, l\u2019\u00e9clairage int\u00e9rieur et m\u00eame la diffusion de fragrances selon diff\u00e9rents modes s\u00e9lectionn\u00e9s par le conducteur. Le v\u00e9hicule sera \u00e9galement \u00e9quip\u00e9 de s\u00e9rie d\u2019un enregistreur de conduite, qui pourra servir de cam\u00e9ra embarqu\u00e9e. Parmi les autres technologies propos\u00e9es, on retrouve une cl\u00e9 num\u00e9rique permettant d\u2019utiliser un t\u00e9l\u00e9phone intelligent plut\u00f4t qu\u2019une cl\u00e9 traditionnelle, un assistant vocal intelligent, la navigation infonuagique et un service d\u2019assistance \u00e0 destination disponible 24 heures sur 24, qui peut mettre le conducteur en contact avec un op\u00e9rateur pour obtenir de l\u2019aide afin de trouver un restaurant, un h\u00f4tel ou une autre destination.<\/p>\n<h3>Prix et arriv\u00e9e au Canada encore inconnus<\/h3>\n<p>\nLexus n\u2019a pas encore annonc\u00e9 les prix canadiens du NX 2027 ni la date pr\u00e9cise de son arriv\u00e9e chez les concessionnaires. Ces informations seront d\u00e9voil\u00e9es ult\u00e9rieurement. Le changement de strat\u00e9gie est n\u00e9anmoins significatif. En retirant compl\u00e8tement le moteur \u00e0 essence de la gamme NX, Lexus confirme sa volont\u00e9 de miser davantage sur les technologies hybrides plut\u00f4t que de passer imm\u00e9diatement \u00e0 une gamme enti\u00e8rement \u00e9lectrique. Pour le march\u00e9 canadien, cette d\u00e9cision pourrait \u00e9galement constituer un avantage. Le NX 350h, assembl\u00e9 en Ontario, arrive dans un segment o\u00f9 la demande pour les v\u00e9hicules hybrides demeure particuli\u00e8rement forte, tandis que le NX 450h+ am\u00e9lior\u00e9 promet une autonomie \u00e9lectrique accrue et, surtout, la possibilit\u00e9 d\u2019utiliser la recharge rapide.<\/p>\n<h3>Un virage logique pour Lexus<\/h3>\n<p>\nLe Lexus NX 2027 ne constitue pas une r\u00e9volution esth\u00e9tique, mais il repr\u00e9sente une \u00e9volution importante sur le plan strat\u00e9gique. En \u00e9liminant le NX 350 \u00e0 essence, Lexus simplifie sa gamme et mise enti\u00e8rement sur l\u2019hybridation. L\u2019am\u00e9lioration de la batterie du NX 450h+, l\u2019arriv\u00e9e de la recharge rapide et les modifications apport\u00e9es \u00e0 la transmission int\u00e9grale d\u00e9montrent que Lexus ne s\u2019est pas content\u00e9e d\u2019ajouter un nouvel \u00e9cran et deux couleurs de carrosserie. Le NX 2027 veut \u00eatre plus technologique, plus rigide et plus agr\u00e9able \u00e0 conduire. Et surtout, il illustre une r\u00e9alit\u00e9 de plus en plus \u00e9vidente dans l\u2019industrie : entre le moteur \u00e0 essence traditionnel et le v\u00e9hicule \u00e9lectrique \u00e0 batterie, l\u2019hybride continue de gagner du terrain.<\/p>\n<p>Avec des renseignements de Lexus Canada<\/p>\n<p>Le texte <a href=\"https:\/\/annuelauto.ca\/lexus-redessine-le-nx-2027\/\">Lexus redessine le NX 2027<\/a> provient de <a href=\"https:\/\/annuelauto.ca\">L&rsquo;annuel de l&rsquo;automobile &#8211; Actualit\u00e9 automobile<\/a><\/p>\n<p><\/p>\n","protected":false},"excerpt":{"rendered":"<p>Lexus poursuit son virage vers l\u2019\u00e9lectrification avec une refonte importante de son populaire VUS compact. Le Lexus NX 2027 abandonne d\u00e9sormais compl\u00e8tement la motorisation exclusivement \u00e0 essence et sera offert uniquement en version hybride ou hybride rechargeable. Le constructeur japonais profite \u00e9galement de cette mise \u00e0 jour pour revoir le style du NX, am\u00e9liorer son [&hellip;]<\/p>\n","protected":false},"author":8,"featured_media":248553,"comment_status":"close","ping_status":"closed","sticky":false,"template":"","format":"standard","meta":{"_monsterinsights_skip_tracking":false,"footnotes":""},"categories":[101],"tags":[],"class_list":["post-248550","post","type-post","status-publish","format-standard","has-post-thumbnail","hentry","category-annuel-automobile"],"yoast_head":"<!-- This site is optimized with the Yoast SEO plugin v28.4 - https:\/\/yoast.com\/product\/yoast-seo-wordpress\/ -->\n<title>Lexus redessine le NX 2027 - CanadaMotorJobs.com<\/title>\n<meta name=\"description\" content=\"Lexus redessine le NX 2027 - Benoit Charette - Annuel automobile - CanadaMotorJobs.com.\" \/>\n<meta name=\"robots\" content=\"index, follow, max-snippet:-1, max-image-preview:large, max-video-preview:-1\" \/>\n<link rel=\"canonical\" href=\"https:\/\/news-dev.canadamotorjobs.com\/fr\/lexus-redessine-le-nx-2027\/\" \/>\n<meta property=\"og:locale\" content=\"fr_CA\" \/>\n<meta property=\"og:type\" content=\"article\" \/>\n<meta property=\"og:title\" content=\"Lexus redessine le NX 2027 - CanadaMotorJobs.com\" \/>\n<meta property=\"og:description\" content=\"Lexus redessine le NX 2027 - Benoit Charette - Annuel automobile - CanadaMotorJobs.com.\" \/>\n<meta property=\"og:url\" content=\"https:\/\/news-dev.canadamotorjobs.com\/fr\/lexus-redessine-le-nx-2027\/\" \/>\n<meta property=\"og:site_name\" content=\"CanadaMotorJobs.com\" \/>\n<meta property=\"article:publisher\" content=\"https:\/\/www.facebook.com\/canadamotorjobs\/\" \/>\n<meta property=\"article:published_time\" content=\"2026-09-02T11:57:02+00:00\" \/>\n<meta property=\"article:modified_time\" content=\"2026-09-03T14:37:32+00:00\" \/>\n<meta property=\"og:image\" content=\"https:\/\/news-dev.canadamotorjobs.com\/wp-content\/uploads\/2026\/09\/2027_Lexus_NX350h_AWD_001.jpg\" \/>\n\t<meta property=\"og:image:width\" content=\"1200\" \/>\n\t<meta property=\"og:image:height\" content=\"792\" \/>\n\t<meta property=\"og:image:type\" content=\"image\/jpeg\" \/>\n<meta name=\"author\" content=\"Benoit Charette\" \/>\n<meta name=\"twitter:card\" content=\"summary_large_image\" \/>\n<meta name=\"twitter:creator\" content=\"@canadamotorjobs\" \/>\n<meta name=\"twitter:site\" content=\"@canadamotorjobs\" \/>\n<meta name=\"twitter:label1\" content=\"\u00c9crit par\" \/>\n\t<meta name=\"twitter:data1\" content=\"Benoit Charette\" \/>\n\t<meta name=\"twitter:label2\" content=\"Estimation du temps de lecture\" \/>\n\t<meta name=\"twitter:data2\" content=\"7 minutes\" \/>\n<!-- \/ Yoast SEO plugin. -->","yoast_head_json":{"title":"Lexus redessine le NX 2027 - CanadaMotorJobs.com","description":"Lexus redessine le NX 2027 - Benoit Charette - Annuel automobile - CanadaMotorJobs.com.","robots":{"index":"index","follow":"follow","max-snippet":"max-snippet:-1","max-image-preview":"max-image-preview:large","max-video-preview":"max-video-preview:-1"},"canonical":"https:\/\/news-dev.canadamotorjobs.com\/fr\/lexus-redessine-le-nx-2027\/","og_locale":"fr_CA","og_type":"article","og_title":"Lexus redessine le NX 2027 - CanadaMotorJobs.com","og_description":"Lexus redessine le NX 2027 - Benoit Charette - Annuel automobile - CanadaMotorJobs.com.","og_url":"https:\/\/news-dev.canadamotorjobs.com\/fr\/lexus-redessine-le-nx-2027\/","og_site_name":"CanadaMotorJobs.com","article_publisher":"https:\/\/www.facebook.com\/canadamotorjobs\/","article_published_time":"2026-09-02T11:57:02+00:00","article_modified_time":"2026-09-03T14:37:32+00:00","og_image":[{"width":1200,"height":792,"url":"https:\/\/news-dev.canadamotorjobs.com\/wp-content\/uploads\/2026\/09\/2027_Lexus_NX350h_AWD_001.jpg","type":"image\/jpeg"}],"author":"Benoit Charette","twitter_card":"summary_large_image","twitter_creator":"@canadamotorjobs","twitter_site":"@canadamotorjobs","twitter_misc":{"\u00c9crit par":"Benoit Charette","Estimation du temps de lecture":"7 minutes"},"schema":{"@context":"https:\/\/schema.org","@graph":[{"@type":"Article","@id":"https:\/\/news-dev.canadamotorjobs.com\/fr\/lexus-redessine-le-nx-2027\/#article","isPartOf":{"@id":"https:\/\/news-dev.canadamotorjobs.com\/fr\/lexus-redessine-le-nx-2027\/"},"author":{"name":"Benoit Charette","@id":"https:\/\/news-dev.canadamotorjobs.com\/fr\/#\/schema\/person\/1f6304dc4fb508188fb1418c9efd14dd"},"headline":"Lexus redessine le NX 2027","datePublished":"2026-09-02T11:57:02+00:00","dateModified":"2026-09-03T14:37:32+00:00","mainEntityOfPage":{"@id":"https:\/\/news-dev.canadamotorjobs.com\/fr\/lexus-redessine-le-nx-2027\/"},"wordCount":1309,"publisher":{"@id":"https:\/\/news-dev.canadamotorjobs.com\/fr\/#organization"},"image":{"@id":"https:\/\/news-dev.canadamotorjobs.com\/fr\/lexus-redessine-le-nx-2027\/#primaryimage"},"thumbnailUrl":"https:\/\/news-dev.canadamotorjobs.com\/wp-content\/uploads\/2026\/09\/2027_Lexus_NX350h_AWD_001.jpg","articleSection":["Annuel automobile"],"inLanguage":"fr-CA"},{"@type":"WebPage","@id":"https:\/\/news-dev.canadamotorjobs.com\/fr\/lexus-redessine-le-nx-2027\/","url":"https:\/\/news-dev.canadamotorjobs.com\/fr\/lexus-redessine-le-nx-2027\/","name":"Lexus redessine le NX 2027 - CanadaMotorJobs.com","isPartOf":{"@id":"https:\/\/news-dev.canadamotorjobs.com\/fr\/#website"},"primaryImageOfPage":{"@id":"https:\/\/news-dev.canadamotorjobs.com\/fr\/lexus-redessine-le-nx-2027\/#primaryimage"},"image":{"@id":"https:\/\/news-dev.canadamotorjobs.com\/fr\/lexus-redessine-le-nx-2027\/#primaryimage"},"thumbnailUrl":"https:\/\/news-dev.canadamotorjobs.com\/wp-content\/uploads\/2026\/09\/2027_Lexus_NX350h_AWD_001.jpg","datePublished":"2026-09-02T11:57:02+00:00","dateModified":"2026-09-03T14:37:32+00:00","description":"Lexus redessine le NX 2027 - Benoit Charette - Annuel automobile - CanadaMotorJobs.com.","breadcrumb":{"@id":"https:\/\/news-dev.canadamotorjobs.com\/fr\/lexus-redessine-le-nx-2027\/#breadcrumb"},"inLanguage":"fr-CA","potentialAction":[{"@type":"ReadAction","target":["https:\/\/news-dev.canadamotorjobs.com\/fr\/lexus-redessine-le-nx-2027\/"]}]},{"@type":"ImageObject","inLanguage":"fr-CA","@id":"https:\/\/news-dev.canadamotorjobs.com\/fr\/lexus-redessine-le-nx-2027\/#primaryimage","url":"https:\/\/news-dev.canadamotorjobs.com\/wp-content\/uploads\/2026\/09\/2027_Lexus_NX350h_AWD_001.jpg","contentUrl":"https:\/\/news-dev.canadamotorjobs.com\/wp-content\/uploads\/2026\/09\/2027_Lexus_NX350h_AWD_001.jpg","width":1200,"height":792},{"@type":"BreadcrumbList","@id":"https:\/\/news-dev.canadamotorjobs.com\/fr\/lexus-redessine-le-nx-2027\/#breadcrumb","itemListElement":[{"@type":"ListItem","position":1,"name":"Home","item":"https:\/\/news-dev.canadamotorjobs.com\/fr\/"},{"@type":"ListItem","position":2,"name":"Lexus redessine le NX 2027"}]},{"@type":"WebSite","@id":"https:\/\/news-dev.canadamotorjobs.com\/fr\/#website","url":"https:\/\/news-dev.canadamotorjobs.com\/fr\/","name":"CanadaMotorJobs.com","description":"Automotive Jobs","publisher":{"@id":"https:\/\/news-dev.canadamotorjobs.com\/fr\/#organization"},"potentialAction":[{"@type":"SearchAction","target":{"@type":"EntryPoint","urlTemplate":"https:\/\/news-dev.canadamotorjobs.com\/fr\/?s={search_term_string}"},"query-input":{"@type":"PropertyValueSpecification","valueRequired":true,"valueName":"search_term_string"}}],"inLanguage":"fr-CA"},{"@type":"Organization","@id":"https:\/\/news-dev.canadamotorjobs.com\/fr\/#organization","name":"Canada Motor Jobs","url":"https:\/\/news-dev.canadamotorjobs.com\/fr\/","logo":{"@type":"ImageObject","inLanguage":"fr-CA","@id":"https:\/\/news-dev.canadamotorjobs.com\/fr\/#\/schema\/logo\/image\/","url":"https:\/\/news.canadamotorjobs.com\/wp-content\/uploads\/2022\/10\/logo-canada-motor-jobs-1.png","contentUrl":"https:\/\/news.canadamotorjobs.com\/wp-content\/uploads\/2022\/10\/logo-canada-motor-jobs-1.png","width":800,"height":400,"caption":"Canada Motor Jobs"},"image":{"@id":"https:\/\/news-dev.canadamotorjobs.com\/fr\/#\/schema\/logo\/image\/"},"sameAs":["https:\/\/www.facebook.com\/canadamotorjobs\/","https:\/\/x.com\/canadamotorjobs","https:\/\/www.instagram.com\/canadamotorjobs\/","https:\/\/www.linkedin.com\/company\/canadamotorjobs"]},{"@type":"Person","@id":"https:\/\/news-dev.canadamotorjobs.com\/fr\/#\/schema\/person\/1f6304dc4fb508188fb1418c9efd14dd","name":"Benoit Charette","image":{"@type":"ImageObject","inLanguage":"fr-CA","@id":"https:\/\/secure.gravatar.com\/avatar\/8ebad7d4cd5c8ab847a16fc24c8cbb8cc9a64dbd8bd6f73a3f951682b0f9a696?s=96&d=mm&r=g","url":"https:\/\/secure.gravatar.com\/avatar\/8ebad7d4cd5c8ab847a16fc24c8cbb8cc9a64dbd8bd6f73a3f951682b0f9a696?s=96&d=mm&r=g","contentUrl":"https:\/\/secure.gravatar.com\/avatar\/8ebad7d4cd5c8ab847a16fc24c8cbb8cc9a64dbd8bd6f73a3f951682b0f9a696?s=96&d=mm&r=g","caption":"Benoit Charette"},"description":"Benoit Charette \/ Propri\u00e9taire et r\u00e9dacteur en chef Benoit Charette pratique le journalisme automobile depuis bient\u00f4t 30 ans. Il a fait ses classes au c\u00f4t\u00e9 de Daniel H\u00e9raud et au Carnet de route de 1992 \u00e0 2001. Il est fondateur, copropri\u00e9taire et r\u00e9dacteur en chef de L\u2019Annuel de l\u2019automobile, qu\u2019il publie depuis 2001. Il a anim\u00e9 les \u00e9missions RPM et RPM+ sur V et les L\u00e9gendes de la route sur Historia. \u00c0 la radio depuis 1986, il reprend l\u2019antenne cette ann\u00e9e sur les ondes de Cogeco et participe pour la deuxi\u00e8me ann\u00e9e \u00e0 l\u2019\u00e9mission Passion Auto sur RDS en plus de mettre en ligne le site Web officiel de L\u2019Annuel de l\u2019automobile sur annuelauto.ca.","sameAs":["https:\/\/annuelauto.ca\/"],"url":"https:\/\/news-dev.canadamotorjobs.com\/fr\/author\/benoit-charette\/"}]}},"_links":{"self":[{"href":"https:\/\/news-dev.canadamotorjobs.com\/fr\/wp-json\/wp\/v2\/posts\/248550","targetHints":{"allow":["GET"]}}],"collection":[{"href":"https:\/\/news-dev.canadamotorjobs.com\/fr\/wp-json\/wp\/v2\/posts"}],"about":[{"href":"https:\/\/news-dev.canadamotorjobs.com\/fr\/wp-json\/wp\/v2\/types\/post"}],"author":[{"embeddable":true,"href":"https:\/\/news-dev.canadamotorjobs.com\/fr\/wp-json\/wp\/v2\/users\/8"}],"replies":[{"embeddable":true,"href":"https:\/\/news-dev.canadamotorjobs.com\/fr\/wp-json\/wp\/v2\/comments?post=248550"}],"version-history":[{"count":2,"href":"https:\/\/news-dev.canadamotorjobs.com\/fr\/wp-json\/wp\/v2\/posts\/248550\/revisions"}],"predecessor-version":[{"id":248555,"href":"https:\/\/news-dev.canadamotorjobs.com\/fr\/wp-json\/wp\/v2\/posts\/248550\/revisions\/248555"}],"wp:featuredmedia":[{"embeddable":true,"href":"https:\/\/news-dev.canadamotorjobs.com\/fr\/wp-json\/wp\/v2\/media\/248553"}],"wp:attachment":[{"href":"https:\/\/news-dev.canadamotorjobs.com\/fr\/wp-json\/wp\/v2\/media?parent=248550"}],"wp:term":[{"taxonomy":"category","embeddable":true,"href":"https:\/\/news-dev.canadamotorjobs.com\/fr\/wp-json\/wp\/v2\/categories?post=248550"},{"taxonomy":"post_tag","embeddable":true,"href":"https:\/\/news-dev.canadamotorjobs.com\/fr\/wp-json\/wp\/v2\/tags?post=248550"}],"curies":[{"name":"wp","href":"https:\/\/api.w.org\/{rel}","templated":true}]}}