{"id":248590,"date":"2026-09-01T08:14:23","date_gmt":"2026-09-01T12:14:23","guid":{"rendered":"https:\/\/news.canadamotorjobs.com\/?p=248590"},"modified":"2026-09-03T10:38:09","modified_gmt":"2026-09-03T14:38:09","slug":"ford-rappelle-148-663-mustang-en-raison-dun-probleme-electrique","status":"publish","type":"post","link":"https:\/\/news-dev.canadamotorjobs.com\/fr\/ford-rappelle-148-663-mustang-en-raison-dun-probleme-electrique\/","title":{"rendered":"Ford rappelle 148 663 Mustang en raison d\u2019un probl\u00e8me \u00e9lectrique"},"content":{"rendered":"<\/p>\n<p>Ford proc\u00e8de au rappel de 148 663 Mustang des ann\u00e9es-mod\u00e8les 2024 \u00e0 2026 en raison d\u2019un probl\u00e8me potentiel touchant le faisceau \u00e9lectrique situ\u00e9 dans le compartiment moteur. Le d\u00e9faut pourrait, dans certaines circonstances, provoquer une perte de puissance motrice, la d\u00e9faillance d\u2019un phare ou encore l\u2019arr\u00eat de plusieurs syst\u00e8mes essentiels, notamment la climatisation, le chauffage, le ventilateur du radiateur et la pompe de lave-glace. Le rappel concerne la g\u00e9n\u00e9ration actuelle S650 de la Ford Mustang, produite \u00e0 l\u2019usine de Flat Rock, au Michigan.<\/p>\n<h3>Un probl\u00e8me caus\u00e9 par une connexion de masse<\/h3>\n<p>\nSelon les documents d\u00e9pos\u00e9s aupr\u00e8s de la National Highway Traffic Safety Administration (NHTSA), certains terminaux de mise \u00e0 la masse du faisceau \u00e9lectrique pourraient \u00eatre fragilis\u00e9s d\u00e8s l\u2019assemblage. Le probl\u00e8me serait li\u00e9 \u00e0 l\u2019adh\u00e9sif utilis\u00e9 avec le mat\u00e9riau thermor\u00e9tractable du faisceau. Cet adh\u00e9sif pourrait empi\u00e9ter sur la zone de d\u00e9gagement du boulon de fixation de la cosse de masse. Lors de l\u2019assemblage, cette interf\u00e9rence pourrait entra\u00eener une l\u00e9g\u00e8re d\u00e9formation de la cosse. Le probl\u00e8me peut sembler anodin, mais dans un compartiment moteur soumis constamment aux vibrations, cette d\u00e9formation r\u00e9duit la dur\u00e9e de vie en fatigue du terminal. Apr\u00e8s un certain temps, la connexion pourrait donc se fissurer ou se rompre. Et lorsqu\u2019une masse \u00e9lectrique d\u00e9cide de prendre sa retraite avant le reste de la voiture, les cons\u00e9quences peuvent \u00eatre plut\u00f4t spectaculaires.<\/p>\n<h3>Une panne peut entra\u00eener la perte de puissance<\/h3>\n<p>\nLes cons\u00e9quences varient selon la connexion \u00e9lectrique concern\u00e9e. Ford indique qu\u2019une rupture d\u2019un terminal de masse peut notamment provoquer une perte de puissance motrice, la d\u00e9faillance d\u2019un phare, l\u2019arr\u00eat de la pompe de lave-glace, une perte de fonctionnement du syst\u00e8me de chauffage et de climatisation et la d\u00e9faillance du ventilateur du radiateur. Une perte soudaine de puissance pendant la conduite augmente \u00e9videmment le risque de collision. La d\u00e9faillance d\u2019un phare peut \u00e9galement r\u00e9duire la visibilit\u00e9 du conducteur et rendre la Mustang moins visible aux autres usagers de la route. Quant \u00e0 une panne du syst\u00e8me de chauffage, de climatisation ou de lave-glace, elle peut \u00e9galement avoir des cons\u00e9quences sur la visibilit\u00e9 et la capacit\u00e9 du conducteur \u00e0 utiliser son v\u00e9hicule en toute s\u00e9curit\u00e9.<\/p>\n<h3>Des t\u00e9moins lumineux pourraient avertir le conducteur<\/h3>\n<p>\nLes propri\u00e9taires ne seront toutefois pas n\u00e9cessairement laiss\u00e9s compl\u00e8tement dans le noir \u2014 ce qui serait plut\u00f4t ironique dans le cas d\u2019une panne \u00e9lectrique. Selon Ford, diff\u00e9rentes alertes et diff\u00e9rents messages pourraient appara\u00eetre dans le tableau de bord num\u00e9rique selon la connexion de masse touch\u00e9e. Ces avertissements pourraient permettre au conducteur de faire inspecter son v\u00e9hicule avant qu\u2019une d\u00e9faillance plus importante ne survienne.<\/p>\n<h3>Le probl\u00e8me d\u00e9couvert lors d\u2019essais en juin 2026<\/h3>\n<p>\nFord aurait identifi\u00e9 le probl\u00e8me en juin 2026. Des membres de l\u2019\u00e9quipe responsable du syst\u00e8me de distribution \u00e9lectrique auraient alors signal\u00e9 deux cas de rupture de cosses de masse lors d\u2019essais de durabilit\u00e9. Ces d\u00e9faillances auraient notamment entra\u00een\u00e9 une perte de puissance motrice. L\u2019enqu\u00eate aurait rapidement permis \u00e0 Ford de d\u00e9terminer que la m\u00eame condition pouvait \u00eatre pr\u00e9sente sur des v\u00e9hicules d\u00e9j\u00e0 produits. Le constructeur aurait alors \u00e9mis un ordre d\u2019arr\u00eat des exp\u00e9ditions pour les v\u00e9hicules concern\u00e9s. Selon les estimations de Ford, environ 1 % des v\u00e9hicules vis\u00e9s par le rappel pourraient pr\u00e9senter le d\u00e9faut. Le constructeur \u00e9tait \u00e9galement au courant de huit r\u00e9clamations sous garantie li\u00e9es \u00e0 cette condition aux \u00c9tats-Unis, dont quatre sont survenues dans les trois mois suivant la mise en service des v\u00e9hicules.<\/p>\n<h3>Une nouvelle conception pour corriger le probl\u00e8me<\/h3>\n<p>\nLa r\u00e9paration sera effectu\u00e9e gratuitement chez les concessionnaires Ford. Les techniciens remplaceront les terminaux de masse concern\u00e9s par une version redessin\u00e9e. Les nouvelles pi\u00e8ces utilisent notamment une conception diff\u00e9rente de la connexion afin d\u2019\u00e9liminer l\u2019interf\u00e9rence qui pouvait provoquer la d\u00e9formation du terminal lors de l\u2019assemblage. L\u2019objectif est simple : emp\u00eacher la cosse d\u2019\u00eatre soumise \u00e0 une contrainte excessive d\u00e8s sa sortie de l\u2019usine et ainsi am\u00e9liorer sa r\u00e9sistance aux vibrations du compartiment moteur.<\/p>\n<h3>Les propri\u00e9taires seront avis\u00e9s progressivement<\/h3>\n<p>\nLe rappel am\u00e9ricain porte le num\u00e9ro <strong>26V547<\/strong>, tandis que Ford identifie cette campagne \u00e0 l\u2019interne sous le code <strong>26C40<\/strong>. Les Mustang concern\u00e9es ont \u00e9t\u00e9 fabriqu\u00e9es entre le 7 septembre 2022 et le 9 juin 2026. Ford pr\u00e9voit transmettre des avis provisoires aux propri\u00e9taires concern\u00e9s \u00e0 partir du 4 septembre 2026. Les lettres d\u00e9taillant la r\u00e9paration d\u00e9finitive devraient \u00eatre envoy\u00e9es au plus tard le 31 mars 2027. Il reste maintenant \u00e0 confirmer l\u2019ampleur exacte du rappel au Canada et \u00e0 d\u00e9terminer si Transport Canada publiera une campagne distincte pour les Mustang vendues sur le march\u00e9 canadien. Pour les propri\u00e9taires canadiens, il sera donc prudent de surveiller les communications de Ford Canada et la base de donn\u00e9es des rappels de Transport Canada.<\/p>\n<h3>Un nouveau rappel pour la Mustang S650<\/h3>\n<p>\nLa Ford Mustang actuelle demeure l\u2019une des derni\u00e8res voitures sportives traditionnelles offertes avec un V8, une bo\u00eete manuelle et une architecture pens\u00e9e avant tout pour le plaisir de conduire. Mais cette m\u00e9canique relativement classique repose d\u00e9sormais sur une architecture \u00e9lectronique beaucoup plus complexe. Dans ce cas-ci, le probl\u00e8me ne concerne pas le moteur, la transmission ou la suspension, mais plut\u00f4t un simple terminal de masse \u00e9lectrique. Comme quoi, dans une voiture moderne, une petite pi\u00e8ce \u00e0 quelques dollars peut parfois d\u00e9cider du fonctionnement d\u2019une machine qui en co\u00fbte plusieurs dizaines de milliers. Et lorsque cette petite pi\u00e8ce est mal positionn\u00e9e, m\u00eame 486 chevaux ne servent pas \u00e0 grand-chose si la Mustang d\u00e9cide soudainement qu\u2019elle pr\u00e9f\u00e8re rester immobile.<\/p>\n<p>Avec des renseignements d&rsquo;Auto evolution<\/p>\n<p>Le texte <a href=\"https:\/\/annuelauto.ca\/ford-rappelle-148-663-mustang-en-raison-dun-probleme-electrique\/\">Ford rappelle 148 663 Mustang en raison d\u2019un probl\u00e8me \u00e9lectrique<\/a> provient de <a href=\"https:\/\/annuelauto.ca\">L&rsquo;annuel de l&rsquo;automobile &#8211; Actualit\u00e9 automobile<\/a><\/p>\n<p><\/p>\n","protected":false},"excerpt":{"rendered":"<p>Ford proc\u00e8de au rappel de 148 663 Mustang des ann\u00e9es-mod\u00e8les 2024 \u00e0 2026 en raison d\u2019un probl\u00e8me potentiel touchant le faisceau \u00e9lectrique situ\u00e9 dans le compartiment moteur. Le d\u00e9faut pourrait, dans certaines circonstances, provoquer une perte de puissance motrice, la d\u00e9faillance d\u2019un phare ou encore l\u2019arr\u00eat de plusieurs syst\u00e8mes essentiels, notamment la climatisation, le chauffage, [&hellip;]<\/p>\n","protected":false},"author":8,"featured_media":248592,"comment_status":"close","ping_status":"closed","sticky":false,"template":"","format":"standard","meta":{"_monsterinsights_skip_tracking":false,"footnotes":""},"categories":[101],"tags":[],"class_list":["post-248590","post","type-post","status-publish","format-standard","has-post-thumbnail","hentry","category-annuel-automobile"],"yoast_head":"<!-- This site is optimized with the Yoast SEO plugin v28.4 - https:\/\/yoast.com\/product\/yoast-seo-wordpress\/ -->\n<title>Ford rappelle 148 663 Mustang en raison d\u2019un probl\u00e8me \u00e9lectrique - CanadaMotorJobs.com<\/title>\n<meta name=\"description\" content=\"Ford rappelle 148 663 Mustang en raison d\u2019un probl\u00e8me \u00e9lectrique - Benoit Charette - Annuel automobile - CanadaMotorJobs.com.\" \/>\n<meta name=\"robots\" content=\"index, follow, max-snippet:-1, max-image-preview:large, max-video-preview:-1\" \/>\n<link rel=\"canonical\" href=\"https:\/\/news-dev.canadamotorjobs.com\/fr\/ford-rappelle-148-663-mustang-en-raison-dun-probleme-electrique\/\" \/>\n<meta property=\"og:locale\" content=\"fr_CA\" \/>\n<meta property=\"og:type\" content=\"article\" \/>\n<meta property=\"og:title\" content=\"Ford rappelle 148 663 Mustang en raison d\u2019un probl\u00e8me \u00e9lectrique - CanadaMotorJobs.com\" \/>\n<meta property=\"og:description\" content=\"Ford rappelle 148 663 Mustang en raison d\u2019un probl\u00e8me \u00e9lectrique - Benoit Charette - Annuel automobile - CanadaMotorJobs.com.\" \/>\n<meta property=\"og:url\" content=\"https:\/\/news-dev.canadamotorjobs.com\/fr\/ford-rappelle-148-663-mustang-en-raison-dun-probleme-electrique\/\" \/>\n<meta property=\"og:site_name\" content=\"CanadaMotorJobs.com\" \/>\n<meta property=\"article:publisher\" content=\"https:\/\/www.facebook.com\/canadamotorjobs\/\" \/>\n<meta property=\"article:published_time\" content=\"2026-09-01T12:14:23+00:00\" \/>\n<meta property=\"article:modified_time\" content=\"2026-09-03T14:38:09+00:00\" \/>\n<meta property=\"og:image\" content=\"https:\/\/news-dev.canadamotorjobs.com\/wp-content\/uploads\/2026\/09\/unnamed.png\" \/>\n\t<meta property=\"og:image:width\" content=\"1440\" \/>\n\t<meta property=\"og:image:height\" content=\"961\" \/>\n\t<meta property=\"og:image:type\" content=\"image\/png\" \/>\n<meta name=\"author\" content=\"Benoit Charette\" \/>\n<meta name=\"twitter:card\" content=\"summary_large_image\" \/>\n<meta name=\"twitter:creator\" content=\"@canadamotorjobs\" \/>\n<meta name=\"twitter:site\" content=\"@canadamotorjobs\" \/>\n<meta name=\"twitter:label1\" content=\"\u00c9crit par\" \/>\n\t<meta name=\"twitter:data1\" content=\"Benoit Charette\" \/>\n\t<meta name=\"twitter:label2\" content=\"Estimation du temps de lecture\" \/>\n\t<meta name=\"twitter:data2\" content=\"5 minutes\" \/>\n<!-- \/ Yoast SEO plugin. -->","yoast_head_json":{"title":"Ford rappelle 148 663 Mustang en raison d\u2019un probl\u00e8me \u00e9lectrique - CanadaMotorJobs.com","description":"Ford rappelle 148 663 Mustang en raison d\u2019un probl\u00e8me \u00e9lectrique - Benoit Charette - Annuel automobile - CanadaMotorJobs.com.","robots":{"index":"index","follow":"follow","max-snippet":"max-snippet:-1","max-image-preview":"max-image-preview:large","max-video-preview":"max-video-preview:-1"},"canonical":"https:\/\/news-dev.canadamotorjobs.com\/fr\/ford-rappelle-148-663-mustang-en-raison-dun-probleme-electrique\/","og_locale":"fr_CA","og_type":"article","og_title":"Ford rappelle 148 663 Mustang en raison d\u2019un probl\u00e8me \u00e9lectrique - CanadaMotorJobs.com","og_description":"Ford rappelle 148 663 Mustang en raison d\u2019un probl\u00e8me \u00e9lectrique - Benoit Charette - Annuel automobile - CanadaMotorJobs.com.","og_url":"https:\/\/news-dev.canadamotorjobs.com\/fr\/ford-rappelle-148-663-mustang-en-raison-dun-probleme-electrique\/","og_site_name":"CanadaMotorJobs.com","article_publisher":"https:\/\/www.facebook.com\/canadamotorjobs\/","article_published_time":"2026-09-01T12:14:23+00:00","article_modified_time":"2026-09-03T14:38:09+00:00","og_image":[{"width":1440,"height":961,"url":"https:\/\/news-dev.canadamotorjobs.com\/wp-content\/uploads\/2026\/09\/unnamed.png","type":"image\/png"}],"author":"Benoit Charette","twitter_card":"summary_large_image","twitter_creator":"@canadamotorjobs","twitter_site":"@canadamotorjobs","twitter_misc":{"\u00c9crit par":"Benoit Charette","Estimation du temps de lecture":"5 minutes"},"schema":{"@context":"https:\/\/schema.org","@graph":[{"@type":"Article","@id":"https:\/\/news-dev.canadamotorjobs.com\/fr\/ford-rappelle-148-663-mustang-en-raison-dun-probleme-electrique\/#article","isPartOf":{"@id":"https:\/\/news-dev.canadamotorjobs.com\/fr\/ford-rappelle-148-663-mustang-en-raison-dun-probleme-electrique\/"},"author":{"name":"Benoit Charette","@id":"https:\/\/news-dev.canadamotorjobs.com\/fr\/#\/schema\/person\/1f6304dc4fb508188fb1418c9efd14dd"},"headline":"Ford rappelle 148 663 Mustang en raison d\u2019un probl\u00e8me \u00e9lectrique","datePublished":"2026-09-01T12:14:23+00:00","dateModified":"2026-09-03T14:38:09+00:00","mainEntityOfPage":{"@id":"https:\/\/news-dev.canadamotorjobs.com\/fr\/ford-rappelle-148-663-mustang-en-raison-dun-probleme-electrique\/"},"wordCount":1051,"publisher":{"@id":"https:\/\/news-dev.canadamotorjobs.com\/fr\/#organization"},"image":{"@id":"https:\/\/news-dev.canadamotorjobs.com\/fr\/ford-rappelle-148-663-mustang-en-raison-dun-probleme-electrique\/#primaryimage"},"thumbnailUrl":"https:\/\/news-dev.canadamotorjobs.com\/wp-content\/uploads\/2026\/09\/unnamed.png","articleSection":["Annuel automobile"],"inLanguage":"fr-CA"},{"@type":"WebPage","@id":"https:\/\/news-dev.canadamotorjobs.com\/fr\/ford-rappelle-148-663-mustang-en-raison-dun-probleme-electrique\/","url":"https:\/\/news-dev.canadamotorjobs.com\/fr\/ford-rappelle-148-663-mustang-en-raison-dun-probleme-electrique\/","name":"Ford rappelle 148 663 Mustang en raison d\u2019un probl\u00e8me \u00e9lectrique - CanadaMotorJobs.com","isPartOf":{"@id":"https:\/\/news-dev.canadamotorjobs.com\/fr\/#website"},"primaryImageOfPage":{"@id":"https:\/\/news-dev.canadamotorjobs.com\/fr\/ford-rappelle-148-663-mustang-en-raison-dun-probleme-electrique\/#primaryimage"},"image":{"@id":"https:\/\/news-dev.canadamotorjobs.com\/fr\/ford-rappelle-148-663-mustang-en-raison-dun-probleme-electrique\/#primaryimage"},"thumbnailUrl":"https:\/\/news-dev.canadamotorjobs.com\/wp-content\/uploads\/2026\/09\/unnamed.png","datePublished":"2026-09-01T12:14:23+00:00","dateModified":"2026-09-03T14:38:09+00:00","description":"Ford rappelle 148 663 Mustang en raison d\u2019un probl\u00e8me \u00e9lectrique - Benoit Charette - Annuel automobile - CanadaMotorJobs.com.","breadcrumb":{"@id":"https:\/\/news-dev.canadamotorjobs.com\/fr\/ford-rappelle-148-663-mustang-en-raison-dun-probleme-electrique\/#breadcrumb"},"inLanguage":"fr-CA","potentialAction":[{"@type":"ReadAction","target":["https:\/\/news-dev.canadamotorjobs.com\/fr\/ford-rappelle-148-663-mustang-en-raison-dun-probleme-electrique\/"]}]},{"@type":"ImageObject","inLanguage":"fr-CA","@id":"https:\/\/news-dev.canadamotorjobs.com\/fr\/ford-rappelle-148-663-mustang-en-raison-dun-probleme-electrique\/#primaryimage","url":"https:\/\/news-dev.canadamotorjobs.com\/wp-content\/uploads\/2026\/09\/unnamed.png","contentUrl":"https:\/\/news-dev.canadamotorjobs.com\/wp-content\/uploads\/2026\/09\/unnamed.png","width":1440,"height":961},{"@type":"BreadcrumbList","@id":"https:\/\/news-dev.canadamotorjobs.com\/fr\/ford-rappelle-148-663-mustang-en-raison-dun-probleme-electrique\/#breadcrumb","itemListElement":[{"@type":"ListItem","position":1,"name":"Home","item":"https:\/\/news-dev.canadamotorjobs.com\/fr\/"},{"@type":"ListItem","position":2,"name":"Ford rappelle 148 663 Mustang en raison d\u2019un probl\u00e8me \u00e9lectrique"}]},{"@type":"WebSite","@id":"https:\/\/news-dev.canadamotorjobs.com\/fr\/#website","url":"https:\/\/news-dev.canadamotorjobs.com\/fr\/","name":"CanadaMotorJobs.com","description":"Automotive Jobs","publisher":{"@id":"https:\/\/news-dev.canadamotorjobs.com\/fr\/#organization"},"potentialAction":[{"@type":"SearchAction","target":{"@type":"EntryPoint","urlTemplate":"https:\/\/news-dev.canadamotorjobs.com\/fr\/?s={search_term_string}"},"query-input":{"@type":"PropertyValueSpecification","valueRequired":true,"valueName":"search_term_string"}}],"inLanguage":"fr-CA"},{"@type":"Organization","@id":"https:\/\/news-dev.canadamotorjobs.com\/fr\/#organization","name":"Canada Motor Jobs","url":"https:\/\/news-dev.canadamotorjobs.com\/fr\/","logo":{"@type":"ImageObject","inLanguage":"fr-CA","@id":"https:\/\/news-dev.canadamotorjobs.com\/fr\/#\/schema\/logo\/image\/","url":"https:\/\/news.canadamotorjobs.com\/wp-content\/uploads\/2022\/10\/logo-canada-motor-jobs-1.png","contentUrl":"https:\/\/news.canadamotorjobs.com\/wp-content\/uploads\/2022\/10\/logo-canada-motor-jobs-1.png","width":800,"height":400,"caption":"Canada Motor Jobs"},"image":{"@id":"https:\/\/news-dev.canadamotorjobs.com\/fr\/#\/schema\/logo\/image\/"},"sameAs":["https:\/\/www.facebook.com\/canadamotorjobs\/","https:\/\/x.com\/canadamotorjobs","https:\/\/www.instagram.com\/canadamotorjobs\/","https:\/\/www.linkedin.com\/company\/canadamotorjobs"]},{"@type":"Person","@id":"https:\/\/news-dev.canadamotorjobs.com\/fr\/#\/schema\/person\/1f6304dc4fb508188fb1418c9efd14dd","name":"Benoit Charette","image":{"@type":"ImageObject","inLanguage":"fr-CA","@id":"https:\/\/secure.gravatar.com\/avatar\/8ebad7d4cd5c8ab847a16fc24c8cbb8cc9a64dbd8bd6f73a3f951682b0f9a696?s=96&d=mm&r=g","url":"https:\/\/secure.gravatar.com\/avatar\/8ebad7d4cd5c8ab847a16fc24c8cbb8cc9a64dbd8bd6f73a3f951682b0f9a696?s=96&d=mm&r=g","contentUrl":"https:\/\/secure.gravatar.com\/avatar\/8ebad7d4cd5c8ab847a16fc24c8cbb8cc9a64dbd8bd6f73a3f951682b0f9a696?s=96&d=mm&r=g","caption":"Benoit Charette"},"description":"Benoit Charette \/ Propri\u00e9taire et r\u00e9dacteur en chef Benoit Charette pratique le journalisme automobile depuis bient\u00f4t 30 ans. Il a fait ses classes au c\u00f4t\u00e9 de Daniel H\u00e9raud et au Carnet de route de 1992 \u00e0 2001. Il est fondateur, copropri\u00e9taire et r\u00e9dacteur en chef de L\u2019Annuel de l\u2019automobile, qu\u2019il publie depuis 2001. Il a anim\u00e9 les \u00e9missions RPM et RPM+ sur V et les L\u00e9gendes de la route sur Historia. \u00c0 la radio depuis 1986, il reprend l\u2019antenne cette ann\u00e9e sur les ondes de Cogeco et participe pour la deuxi\u00e8me ann\u00e9e \u00e0 l\u2019\u00e9mission Passion Auto sur RDS en plus de mettre en ligne le site Web officiel de L\u2019Annuel de l\u2019automobile sur annuelauto.ca.","sameAs":["https:\/\/annuelauto.ca\/"],"url":"https:\/\/news-dev.canadamotorjobs.com\/fr\/author\/benoit-charette\/"}]}},"_links":{"self":[{"href":"https:\/\/news-dev.canadamotorjobs.com\/fr\/wp-json\/wp\/v2\/posts\/248590","targetHints":{"allow":["GET"]}}],"collection":[{"href":"https:\/\/news-dev.canadamotorjobs.com\/fr\/wp-json\/wp\/v2\/posts"}],"about":[{"href":"https:\/\/news-dev.canadamotorjobs.com\/fr\/wp-json\/wp\/v2\/types\/post"}],"author":[{"embeddable":true,"href":"https:\/\/news-dev.canadamotorjobs.com\/fr\/wp-json\/wp\/v2\/users\/8"}],"replies":[{"embeddable":true,"href":"https:\/\/news-dev.canadamotorjobs.com\/fr\/wp-json\/wp\/v2\/comments?post=248590"}],"version-history":[{"count":2,"href":"https:\/\/news-dev.canadamotorjobs.com\/fr\/wp-json\/wp\/v2\/posts\/248590\/revisions"}],"predecessor-version":[{"id":248593,"href":"https:\/\/news-dev.canadamotorjobs.com\/fr\/wp-json\/wp\/v2\/posts\/248590\/revisions\/248593"}],"wp:featuredmedia":[{"embeddable":true,"href":"https:\/\/news-dev.canadamotorjobs.com\/fr\/wp-json\/wp\/v2\/media\/248592"}],"wp:attachment":[{"href":"https:\/\/news-dev.canadamotorjobs.com\/fr\/wp-json\/wp\/v2\/media?parent=248590"}],"wp:term":[{"taxonomy":"category","embeddable":true,"href":"https:\/\/news-dev.canadamotorjobs.com\/fr\/wp-json\/wp\/v2\/categories?post=248590"},{"taxonomy":"post_tag","embeddable":true,"href":"https:\/\/news-dev.canadamotorjobs.com\/fr\/wp-json\/wp\/v2\/tags?post=248590"}],"curies":[{"name":"wp","href":"https:\/\/api.w.org\/{rel}","templated":true}]}}