{"id":248606,"date":"2026-08-31T08:58:50","date_gmt":"2026-08-31T12:58:50","guid":{"rendered":"https:\/\/news.canadamotorjobs.com\/?p=248606"},"modified":"2026-09-03T10:38:24","modified_gmt":"2026-09-03T14:38:24","slug":"des-images-de-brevet-devoile-le-futur-hyundai-boulder","status":"publish","type":"post","link":"https:\/\/news-dev.canadamotorjobs.com\/fr\/des-images-de-brevet-devoile-le-futur-hyundai-boulder\/","title":{"rendered":"Des images de brevet d\u00e9voile le futur Hyundai Boulder"},"content":{"rendered":"<\/p>\n<p data-start=\"489\" data-end=\"566\">Hyundai semble pr\u00eat \u00e0 passer \u00e0 la vitesse sup\u00e9rieure dans le monde du tout-terrain. Apr\u00e8s avoir multipli\u00e9 les versions XRT de ses VUS et multisegments, le constructeur sud-cor\u00e9en travaillerait sur un v\u00e9hicule beaucoup plus s\u00e9rieux : le Hyundai Boulder, un VUS \u00e0 ch\u00e2ssis s\u00e9par\u00e9 qui pourrait directement viser le Ford Bronco et le Jeep Wrangler. Pr\u00e9sent\u00e9 sous forme de concept au Salon de l&rsquo;auto de New York, le Boulder devait surtout servir de d\u00e9claration d\u2019intention. Mais une image provenant d\u2019un d\u00e9p\u00f4t de brevet effectu\u00e9 en Inde pourrait avoir r\u00e9v\u00e9l\u00e9, bien avant son d\u00e9voilement officiel, une version tr\u00e8s proche du futur mod\u00e8le de production. Si cette interpr\u00e9tation se confirme, Hyundai ne cherche plus simplement \u00e0 donner un look aventureux \u00e0 ses VUS. Le constructeur veut d\u00e9sormais jouer dans la cour des vrais v\u00e9hicules hors route.<\/p>\n<h3 data-section-id=\"1sttntu\" data-start=\"1498\" data-end=\"1547\">Un design carr\u00e9 qui ne cache pas ses ambitions<\/h3>\n<p><\/p>\n<p data-start=\"1549\" data-end=\"1652\">Le Hyundai Boulder adopte une silhouette nettement plus robuste que celle des actuels VUS de la marque. \u00c0 l&rsquo;avant, on retrouve un capot haut et pratiquement vertical, accompagn\u00e9 d\u2019une large surface int\u00e9grant de petits phares rectangulaires et des signatures lumineuses verticales. Le pare-chocs semble con\u00e7u pour le hors route, avec des points de remorquage apparents et une imposante plaque de protection. De profil, le Boulder adopte une allure presque militaire, avec des ailes carr\u00e9es, de larges protections de carrosserie et des flancs particuli\u00e8rement droits. Le concept allait m\u00eame jusqu\u2019\u00e0 utiliser des pneus de 37 pouces, ce qui envoie un message assez clair : Hyundai ne pr\u00e9pare pas simplement un Tucson XRT qui aurait mang\u00e9 trop de prot\u00e9ines. Certains \u00e9l\u00e9ments rappellent directement les codes stylistiques du Ford Bronco et du Jeep Wrangler, notamment la forme des montants avant et les proportions tr\u00e8s verticales de la carrosserie. \u00c0 l&rsquo;arri\u00e8re, le Boulder conserverait une silhouette courte et droite, avec une roue de secours mont\u00e9e \u00e0 l&rsquo;ext\u00e9rieur et une lunette arri\u00e8re qui pourrait s&rsquo;abaisser.<\/p>\n<h3 data-section-id=\"1grqsbw\" data-start=\"2668\" data-end=\"2729\">Un habitacle robuste, mais probablement tr\u00e8s technologique<\/h3>\n<p><\/p>\n<p data-start=\"2731\" data-end=\"2820\">Aucune image officielle de l\u2019habitacle du v\u00e9hicule de production n\u2019a encore fait surface. Le concept pr\u00e9sentait toutefois une planche de bord horizontale, des \u00e9l\u00e9ments structurels apparents et des commandes imposantes adapt\u00e9es \u00e0 une utilisation hors route. La version de s\u00e9rie pourrait proposer une configuration de cinq ou m\u00eame sept places. Hyundai devrait \u00e9galement miser sur une interface num\u00e9rique moderne. Le concept utilisait quatre \u00e9crans configurables, mais le v\u00e9hicule de production pourrait adopter une approche plus conventionnelle avec un grand \u00e9cran central utilisant le syst\u00e8me Pleos Connect. Bas\u00e9e sur Android Automotive, cette interface pourrait int\u00e9grer la navigation connect\u00e9e, des applications, les mises \u00e0 jour \u00e0 distance et l\u2019assistant vocal aliment\u00e9 par l\u2019intelligence artificielle Gleo. Heureusement, Hyundai semble vouloir conserver de v\u00e9ritables commandes physiques pour les fonctions essentielles en conduite hors route, notamment les modes de terrain, la gamme basse et les blocages de diff\u00e9rentiels. Et dans un VUS con\u00e7u pour traverser un sentier boueux, c\u2019est probablement une meilleure id\u00e9e que de devoir chercher un menu cach\u00e9 entre Spotify et la climatisation.<\/p>\n<h3 data-section-id=\"1xmzurr\" data-start=\"3935\" data-end=\"3976\">Un vrai ch\u00e2ssis s\u00e9par\u00e9 pour le Boulder<\/h3>\n<p><\/p>\n<p data-start=\"3978\" data-end=\"4035\">C\u2019est probablement l\u2019\u00e9l\u00e9ment le plus important du projet. Hyundai aurait confirm\u00e9 que le Boulder repose sur une architecture body-on-frame, ou ch\u00e2ssis s\u00e9par\u00e9, une premi\u00e8re pour la marque. Cette architecture est toujours privil\u00e9gi\u00e9e pour les v\u00e9hicules qui doivent supporter de fortes contraintes en remorquage et en conduite hors route. Le ch\u00e2ssis utiliserait notamment de l\u2019acier produit aux \u00c9tats-Unis, ce qui correspond \u00e0 la volont\u00e9 du groupe Hyundai de d\u00e9velopper davantage sa production nord-am\u00e9ricaine. La grande question demeure toutefois la plateforme exacte utilis\u00e9e. Une possibilit\u00e9 serait de partager certains \u00e9l\u00e9ments techniques avec le Kia Tasman, le nouveau camion interm\u00e9diaire du groupe. Hyundai laisse toutefois entendre qu&rsquo;il pourrait s&rsquo;agir d&rsquo;un programme distinct, sp\u00e9cifiquement con\u00e7u pour le march\u00e9 am\u00e9ricain. Le Boulder pourrait \u00e9galement servir de base \u00e0 une future camionnette interm\u00e9diaire Hyundai attendue avant la fin de la d\u00e9cennie.<\/p>\n<h3 data-section-id=\"1sgra8\" data-start=\"4950\" data-end=\"5019\">Des motorisations hybrides, hybrides rechargeables et \u00e9lectriques?<\/h3>\n<p><\/p>\n<p data-start=\"5021\" data-end=\"5082\">Hyundai n\u2019a pas encore confirm\u00e9 les motorisations du Boulder. Plusieurs possibilit\u00e9s circulent toutefois autour d\u2019une gamme \u00e9lectrifi\u00e9e comprenant un moteur hybride turbo de 2,5 litres d\u00e9veloppant environ 330 chevaux, une version hybride rechargeable d&rsquo;environ 400 chevaux, ainsi qu&rsquo;une ou plusieurs variantes enti\u00e8rement \u00e9lectriques. Dans certains march\u00e9s, Hyundai pourrait \u00e9galement utiliser le moteur turbodiesel de 2,2 litres de la Kia Tasman, qui d\u00e9veloppe environ 207 chevaux. Pour l&rsquo;Am\u00e9rique du Nord, toutefois, les versions \u00e9lectrifi\u00e9es semblent plus plausibles. Le Boulder pourrait \u00e9galement proposer une transmission int\u00e9grale avec blocages de diff\u00e9rentiels avant et arri\u00e8re, une gamme basse et une suspension avant ind\u00e9pendante combin\u00e9e \u00e0 un essieu arri\u00e8re rigide. Une fonction de rotation sur place, parfois appel\u00e9e tank turn, ferait aussi partie des technologies envisag\u00e9es.<\/p>\n<h3 data-section-id=\"1bnmzcz\" data-start=\"5931\" data-end=\"6004\">Hyundai veut attaquer directement le Bronco, le Wrangler et le 4Runner<\/h3>\n<p><\/p>\n<p data-start=\"6006\" data-end=\"6099\">Si le projet re\u00e7oit officiellement le feu vert, le Hyundai Boulder ne manquera pas de rivaux. Il viserait directement le <span class=\"contents\" data-content-reference-start=\"6128\" data-content-reference-end=\"6186\"><span class=\"hover:entity-accent entity-underline inline cursor-pointer align-baseline\"><span class=\"whitespace-normal\">Ford Bronco<\/span><\/span><\/span>, le <span class=\"contents\" data-content-reference-start=\"6191\" data-content-reference-end=\"6251\"><span class=\"hover:entity-accent entity-underline inline cursor-pointer align-baseline\"><span class=\"whitespace-normal\">Jeep Wrangler<\/span><\/span><\/span>, le <span class=\"contents\" data-content-reference-start=\"6256\" data-content-reference-end=\"6324\"><span class=\"hover:entity-accent entity-underline inline cursor-pointer align-baseline\"><span class=\"whitespace-normal\">Toyota 4Runner<\/span><\/span><\/span> et le <span class=\"contents\" data-content-reference-start=\"6331\" data-content-reference-end=\"6403\"><span class=\"hover:entity-accent entity-underline inline cursor-pointer align-baseline\"><span class=\"whitespace-normal\">Land Rover Defender<\/span><\/span><\/span>. Ce serait un changement majeur pour Hyundai. Jusqu\u2019ici, la marque a surtout construit sa r\u00e9putation dans les segments des voitures, des multisegments et des v\u00e9hicules \u00e9lectriques. Le march\u00e9 du VUS tout-terrain pur et dur exige toutefois une cr\u00e9dibilit\u00e9 diff\u00e9rente. Les acheteurs de Bronco ou de Wrangler ne recherchent pas seulement un style carr\u00e9 et des pneus agressifs. Ils veulent des capacit\u00e9s r\u00e9elles, une architecture solide et des composants capables de survivre \u00e0 autre chose qu\u2019au stationnement du centre commercial. C\u2019est donc un pari ambitieux, mais Hyundai poss\u00e8de maintenant les ressources n\u00e9cessaires pour le tenter.<\/p>\n<h3 data-section-id=\"1ssmm1i\" data-start=\"6931\" data-end=\"6968\">Une production possible en G\u00e9orgie<\/h3>\n<p><\/p>\n<p data-start=\"6970\" data-end=\"7139\">Les informations disponibles sugg\u00e8rent que le futur Boulder pourrait \u00eatre produit aux \u00c9tats-Unis, possiblement dans l\u2019une des installations du groupe Hyundai en G\u00e9orgie. Cette strat\u00e9gie permettrait \u00e0 Hyundai de renforcer son ancrage industriel en Am\u00e9rique du Nord tout en limitant son exposition aux droits de douane et aux risques li\u00e9s aux cha\u00eenes d\u2019approvisionnement internationales. Le Boulder s\u2019inscrirait \u00e9galement dans le vaste plan de Hyundai visant \u00e0 lancer ou renouveler 36 v\u00e9hicules en Am\u00e9rique du Nord d\u2019ici 2030. Le VUS pourrait donc devenir l\u2019un des produits les plus inhabituels de la marque au cours des prochaines ann\u00e9es.<\/p>\n<h3 data-section-id=\"d70e12\" data-start=\"7616\" data-end=\"7660\">Hyundai entre dans une nouvelle cat\u00e9gorie<\/h3>\n<p><\/p>\n<p data-start=\"7662\" data-end=\"7740\">Le Hyundai Boulder repr\u00e9sente potentiellement beaucoup plus qu\u2019un nouveau VUS. Il pourrait marquer l\u2019entr\u00e9e officielle de Hyundai dans le segment des v\u00e9hicules \u00e0 ch\u00e2ssis s\u00e9par\u00e9, une cat\u00e9gorie que la marque avait jusqu\u2019ici compl\u00e8tement \u00e9vit\u00e9e. Le projet devra cependant encore d\u00e9montrer qu\u2019il poss\u00e8de les capacit\u00e9s n\u00e9cessaires pour rivaliser avec des v\u00e9hicules dont la r\u00e9putation hors route s\u2019est construite sur plusieurs d\u00e9cennies. Mais si Hyundai r\u00e9ussit \u00e0 combiner son expertise en \u00e9lectrification, ses technologies num\u00e9riques et un v\u00e9ritable savoir-faire en conduite hors route, le Bronco et le Wrangler pourraient bient\u00f4t avoir un nouveau voisin dans le stationnement\u2026 ou, plus probablement, dans la boue. Pour l&rsquo;instant, il faut toutefois garder une certaine prudence : les images issues d&rsquo;un brevet ne constituent pas une confirmation officielle du v\u00e9hicule final, et plusieurs caract\u00e9ristiques techniques mentionn\u00e9es demeurent hypoth\u00e9tiques.<\/p>\n<p><\/p>\n<p data-start=\"7662\" data-end=\"7740\">Avec des renseignements de Carscoops<\/p>\n<p>Le texte <a href=\"https:\/\/annuelauto.ca\/des-images-de-brevet-devoile-le-futur-hyundai-boulder\/\">Des images de brevet d\u00e9voile le futur Hyundai Boulder<\/a> provient de <a href=\"https:\/\/annuelauto.ca\">L&rsquo;annuel de l&rsquo;automobile &#8211; Actualit\u00e9 automobile<\/a><\/p>\n<p><\/p>\n","protected":false},"excerpt":{"rendered":"<p>Hyundai semble pr\u00eat \u00e0 passer \u00e0 la vitesse sup\u00e9rieure dans le monde du tout-terrain. Apr\u00e8s avoir multipli\u00e9 les versions XRT de ses VUS et multisegments, le constructeur sud-cor\u00e9en travaillerait sur un v\u00e9hicule beaucoup plus s\u00e9rieux : le Hyundai Boulder, un VUS \u00e0 ch\u00e2ssis s\u00e9par\u00e9 qui pourrait directement viser le Ford Bronco et le Jeep Wrangler. [&hellip;]<\/p>\n","protected":false},"author":8,"featured_media":248608,"comment_status":"close","ping_status":"closed","sticky":false,"template":"","format":"standard","meta":{"_monsterinsights_skip_tracking":false,"footnotes":""},"categories":[101],"tags":[],"class_list":["post-248606","post","type-post","status-publish","format-standard","has-post-thumbnail","hentry","category-annuel-automobile"],"yoast_head":"<!-- This site is optimized with the Yoast SEO plugin v28.4 - https:\/\/yoast.com\/product\/yoast-seo-wordpress\/ -->\n<title>Des images de brevet d\u00e9voile le futur Hyundai Boulder - CanadaMotorJobs.com<\/title>\n<meta name=\"description\" content=\"Des images de brevet d\u00e9voile le futur Hyundai Boulder - Benoit Charette - Annuel automobile - CanadaMotorJobs.com.\" \/>\n<meta name=\"robots\" content=\"index, follow, max-snippet:-1, max-image-preview:large, max-video-preview:-1\" \/>\n<link rel=\"canonical\" href=\"https:\/\/news-dev.canadamotorjobs.com\/fr\/des-images-de-brevet-devoile-le-futur-hyundai-boulder\/\" \/>\n<meta property=\"og:locale\" content=\"fr_CA\" \/>\n<meta property=\"og:type\" content=\"article\" \/>\n<meta property=\"og:title\" content=\"Des images de brevet d\u00e9voile le futur Hyundai Boulder - CanadaMotorJobs.com\" \/>\n<meta property=\"og:description\" content=\"Des images de brevet d\u00e9voile le futur Hyundai Boulder - Benoit Charette - Annuel automobile - CanadaMotorJobs.com.\" \/>\n<meta property=\"og:url\" content=\"https:\/\/news-dev.canadamotorjobs.com\/fr\/des-images-de-brevet-devoile-le-futur-hyundai-boulder\/\" \/>\n<meta property=\"og:site_name\" content=\"CanadaMotorJobs.com\" \/>\n<meta property=\"article:publisher\" content=\"https:\/\/www.facebook.com\/canadamotorjobs\/\" \/>\n<meta property=\"article:published_time\" content=\"2026-08-31T12:58:50+00:00\" \/>\n<meta property=\"article:modified_time\" content=\"2026-09-03T14:38:24+00:00\" \/>\n<meta property=\"og:image\" content=\"https:\/\/news-dev.canadamotorjobs.com\/wp-content\/uploads\/2026\/08\/2027-Hyundai-Boulder-SUV-Red-Carscoops-534tfgrv-1024x576-2.jpg\" \/>\n\t<meta property=\"og:image:width\" content=\"1024\" \/>\n\t<meta property=\"og:image:height\" content=\"576\" \/>\n\t<meta property=\"og:image:type\" content=\"image\/jpeg\" \/>\n<meta name=\"author\" content=\"Benoit Charette\" \/>\n<meta name=\"twitter:card\" content=\"summary_large_image\" \/>\n<meta name=\"twitter:creator\" content=\"@canadamotorjobs\" \/>\n<meta name=\"twitter:site\" content=\"@canadamotorjobs\" \/>\n<meta name=\"twitter:label1\" content=\"\u00c9crit par\" \/>\n\t<meta name=\"twitter:data1\" content=\"Benoit Charette\" \/>\n\t<meta name=\"twitter:label2\" content=\"Estimation du temps de lecture\" \/>\n\t<meta name=\"twitter:data2\" content=\"6 minutes\" \/>\n<!-- \/ Yoast SEO plugin. -->","yoast_head_json":{"title":"Des images de brevet d\u00e9voile le futur Hyundai Boulder - CanadaMotorJobs.com","description":"Des images de brevet d\u00e9voile le futur Hyundai Boulder - Benoit Charette - Annuel automobile - CanadaMotorJobs.com.","robots":{"index":"index","follow":"follow","max-snippet":"max-snippet:-1","max-image-preview":"max-image-preview:large","max-video-preview":"max-video-preview:-1"},"canonical":"https:\/\/news-dev.canadamotorjobs.com\/fr\/des-images-de-brevet-devoile-le-futur-hyundai-boulder\/","og_locale":"fr_CA","og_type":"article","og_title":"Des images de brevet d\u00e9voile le futur Hyundai Boulder - CanadaMotorJobs.com","og_description":"Des images de brevet d\u00e9voile le futur Hyundai Boulder - Benoit Charette - Annuel automobile - CanadaMotorJobs.com.","og_url":"https:\/\/news-dev.canadamotorjobs.com\/fr\/des-images-de-brevet-devoile-le-futur-hyundai-boulder\/","og_site_name":"CanadaMotorJobs.com","article_publisher":"https:\/\/www.facebook.com\/canadamotorjobs\/","article_published_time":"2026-08-31T12:58:50+00:00","article_modified_time":"2026-09-03T14:38:24+00:00","og_image":[{"width":1024,"height":576,"url":"https:\/\/news-dev.canadamotorjobs.com\/wp-content\/uploads\/2026\/08\/2027-Hyundai-Boulder-SUV-Red-Carscoops-534tfgrv-1024x576-2.jpg","type":"image\/jpeg"}],"author":"Benoit Charette","twitter_card":"summary_large_image","twitter_creator":"@canadamotorjobs","twitter_site":"@canadamotorjobs","twitter_misc":{"\u00c9crit par":"Benoit Charette","Estimation du temps de lecture":"6 minutes"},"schema":{"@context":"https:\/\/schema.org","@graph":[{"@type":"Article","@id":"https:\/\/news-dev.canadamotorjobs.com\/fr\/des-images-de-brevet-devoile-le-futur-hyundai-boulder\/#article","isPartOf":{"@id":"https:\/\/news-dev.canadamotorjobs.com\/fr\/des-images-de-brevet-devoile-le-futur-hyundai-boulder\/"},"author":{"name":"Benoit Charette","@id":"https:\/\/news-dev.canadamotorjobs.com\/fr\/#\/schema\/person\/1f6304dc4fb508188fb1418c9efd14dd"},"headline":"Des images de brevet d\u00e9voile le futur Hyundai Boulder","datePublished":"2026-08-31T12:58:50+00:00","dateModified":"2026-09-03T14:38:24+00:00","mainEntityOfPage":{"@id":"https:\/\/news-dev.canadamotorjobs.com\/fr\/des-images-de-brevet-devoile-le-futur-hyundai-boulder\/"},"wordCount":1312,"publisher":{"@id":"https:\/\/news-dev.canadamotorjobs.com\/fr\/#organization"},"image":{"@id":"https:\/\/news-dev.canadamotorjobs.com\/fr\/des-images-de-brevet-devoile-le-futur-hyundai-boulder\/#primaryimage"},"thumbnailUrl":"https:\/\/news-dev.canadamotorjobs.com\/wp-content\/uploads\/2026\/08\/2027-Hyundai-Boulder-SUV-Red-Carscoops-534tfgrv-1024x576-2.jpg","articleSection":["Annuel automobile"],"inLanguage":"fr-CA"},{"@type":"WebPage","@id":"https:\/\/news-dev.canadamotorjobs.com\/fr\/des-images-de-brevet-devoile-le-futur-hyundai-boulder\/","url":"https:\/\/news-dev.canadamotorjobs.com\/fr\/des-images-de-brevet-devoile-le-futur-hyundai-boulder\/","name":"Des images de brevet d\u00e9voile le futur Hyundai Boulder - CanadaMotorJobs.com","isPartOf":{"@id":"https:\/\/news-dev.canadamotorjobs.com\/fr\/#website"},"primaryImageOfPage":{"@id":"https:\/\/news-dev.canadamotorjobs.com\/fr\/des-images-de-brevet-devoile-le-futur-hyundai-boulder\/#primaryimage"},"image":{"@id":"https:\/\/news-dev.canadamotorjobs.com\/fr\/des-images-de-brevet-devoile-le-futur-hyundai-boulder\/#primaryimage"},"thumbnailUrl":"https:\/\/news-dev.canadamotorjobs.com\/wp-content\/uploads\/2026\/08\/2027-Hyundai-Boulder-SUV-Red-Carscoops-534tfgrv-1024x576-2.jpg","datePublished":"2026-08-31T12:58:50+00:00","dateModified":"2026-09-03T14:38:24+00:00","description":"Des images de brevet d\u00e9voile le futur Hyundai Boulder - Benoit Charette - Annuel automobile - CanadaMotorJobs.com.","breadcrumb":{"@id":"https:\/\/news-dev.canadamotorjobs.com\/fr\/des-images-de-brevet-devoile-le-futur-hyundai-boulder\/#breadcrumb"},"inLanguage":"fr-CA","potentialAction":[{"@type":"ReadAction","target":["https:\/\/news-dev.canadamotorjobs.com\/fr\/des-images-de-brevet-devoile-le-futur-hyundai-boulder\/"]}]},{"@type":"ImageObject","inLanguage":"fr-CA","@id":"https:\/\/news-dev.canadamotorjobs.com\/fr\/des-images-de-brevet-devoile-le-futur-hyundai-boulder\/#primaryimage","url":"https:\/\/news-dev.canadamotorjobs.com\/wp-content\/uploads\/2026\/08\/2027-Hyundai-Boulder-SUV-Red-Carscoops-534tfgrv-1024x576-2.jpg","contentUrl":"https:\/\/news-dev.canadamotorjobs.com\/wp-content\/uploads\/2026\/08\/2027-Hyundai-Boulder-SUV-Red-Carscoops-534tfgrv-1024x576-2.jpg","width":1024,"height":576},{"@type":"BreadcrumbList","@id":"https:\/\/news-dev.canadamotorjobs.com\/fr\/des-images-de-brevet-devoile-le-futur-hyundai-boulder\/#breadcrumb","itemListElement":[{"@type":"ListItem","position":1,"name":"Home","item":"https:\/\/news-dev.canadamotorjobs.com\/fr\/"},{"@type":"ListItem","position":2,"name":"Des images de brevet d\u00e9voile le futur Hyundai Boulder"}]},{"@type":"WebSite","@id":"https:\/\/news-dev.canadamotorjobs.com\/fr\/#website","url":"https:\/\/news-dev.canadamotorjobs.com\/fr\/","name":"CanadaMotorJobs.com","description":"Automotive Jobs","publisher":{"@id":"https:\/\/news-dev.canadamotorjobs.com\/fr\/#organization"},"potentialAction":[{"@type":"SearchAction","target":{"@type":"EntryPoint","urlTemplate":"https:\/\/news-dev.canadamotorjobs.com\/fr\/?s={search_term_string}"},"query-input":{"@type":"PropertyValueSpecification","valueRequired":true,"valueName":"search_term_string"}}],"inLanguage":"fr-CA"},{"@type":"Organization","@id":"https:\/\/news-dev.canadamotorjobs.com\/fr\/#organization","name":"Canada Motor Jobs","url":"https:\/\/news-dev.canadamotorjobs.com\/fr\/","logo":{"@type":"ImageObject","inLanguage":"fr-CA","@id":"https:\/\/news-dev.canadamotorjobs.com\/fr\/#\/schema\/logo\/image\/","url":"https:\/\/news.canadamotorjobs.com\/wp-content\/uploads\/2022\/10\/logo-canada-motor-jobs-1.png","contentUrl":"https:\/\/news.canadamotorjobs.com\/wp-content\/uploads\/2022\/10\/logo-canada-motor-jobs-1.png","width":800,"height":400,"caption":"Canada Motor Jobs"},"image":{"@id":"https:\/\/news-dev.canadamotorjobs.com\/fr\/#\/schema\/logo\/image\/"},"sameAs":["https:\/\/www.facebook.com\/canadamotorjobs\/","https:\/\/x.com\/canadamotorjobs","https:\/\/www.instagram.com\/canadamotorjobs\/","https:\/\/www.linkedin.com\/company\/canadamotorjobs"]},{"@type":"Person","@id":"https:\/\/news-dev.canadamotorjobs.com\/fr\/#\/schema\/person\/1f6304dc4fb508188fb1418c9efd14dd","name":"Benoit Charette","image":{"@type":"ImageObject","inLanguage":"fr-CA","@id":"https:\/\/secure.gravatar.com\/avatar\/8ebad7d4cd5c8ab847a16fc24c8cbb8cc9a64dbd8bd6f73a3f951682b0f9a696?s=96&d=mm&r=g","url":"https:\/\/secure.gravatar.com\/avatar\/8ebad7d4cd5c8ab847a16fc24c8cbb8cc9a64dbd8bd6f73a3f951682b0f9a696?s=96&d=mm&r=g","contentUrl":"https:\/\/secure.gravatar.com\/avatar\/8ebad7d4cd5c8ab847a16fc24c8cbb8cc9a64dbd8bd6f73a3f951682b0f9a696?s=96&d=mm&r=g","caption":"Benoit Charette"},"description":"Benoit Charette \/ Propri\u00e9taire et r\u00e9dacteur en chef Benoit Charette pratique le journalisme automobile depuis bient\u00f4t 30 ans. Il a fait ses classes au c\u00f4t\u00e9 de Daniel H\u00e9raud et au Carnet de route de 1992 \u00e0 2001. Il est fondateur, copropri\u00e9taire et r\u00e9dacteur en chef de L\u2019Annuel de l\u2019automobile, qu\u2019il publie depuis 2001. Il a anim\u00e9 les \u00e9missions RPM et RPM+ sur V et les L\u00e9gendes de la route sur Historia. \u00c0 la radio depuis 1986, il reprend l\u2019antenne cette ann\u00e9e sur les ondes de Cogeco et participe pour la deuxi\u00e8me ann\u00e9e \u00e0 l\u2019\u00e9mission Passion Auto sur RDS en plus de mettre en ligne le site Web officiel de L\u2019Annuel de l\u2019automobile sur annuelauto.ca.","sameAs":["https:\/\/annuelauto.ca\/"],"url":"https:\/\/news-dev.canadamotorjobs.com\/fr\/author\/benoit-charette\/"}]}},"_links":{"self":[{"href":"https:\/\/news-dev.canadamotorjobs.com\/fr\/wp-json\/wp\/v2\/posts\/248606","targetHints":{"allow":["GET"]}}],"collection":[{"href":"https:\/\/news-dev.canadamotorjobs.com\/fr\/wp-json\/wp\/v2\/posts"}],"about":[{"href":"https:\/\/news-dev.canadamotorjobs.com\/fr\/wp-json\/wp\/v2\/types\/post"}],"author":[{"embeddable":true,"href":"https:\/\/news-dev.canadamotorjobs.com\/fr\/wp-json\/wp\/v2\/users\/8"}],"replies":[{"embeddable":true,"href":"https:\/\/news-dev.canadamotorjobs.com\/fr\/wp-json\/wp\/v2\/comments?post=248606"}],"version-history":[{"count":2,"href":"https:\/\/news-dev.canadamotorjobs.com\/fr\/wp-json\/wp\/v2\/posts\/248606\/revisions"}],"predecessor-version":[{"id":248609,"href":"https:\/\/news-dev.canadamotorjobs.com\/fr\/wp-json\/wp\/v2\/posts\/248606\/revisions\/248609"}],"wp:featuredmedia":[{"embeddable":true,"href":"https:\/\/news-dev.canadamotorjobs.com\/fr\/wp-json\/wp\/v2\/media\/248608"}],"wp:attachment":[{"href":"https:\/\/news-dev.canadamotorjobs.com\/fr\/wp-json\/wp\/v2\/media?parent=248606"}],"wp:term":[{"taxonomy":"category","embeddable":true,"href":"https:\/\/news-dev.canadamotorjobs.com\/fr\/wp-json\/wp\/v2\/categories?post=248606"},{"taxonomy":"post_tag","embeddable":true,"href":"https:\/\/news-dev.canadamotorjobs.com\/fr\/wp-json\/wp\/v2\/tags?post=248606"}],"curies":[{"name":"wp","href":"https:\/\/api.w.org\/{rel}","templated":true}]}}