{"id":248624,"date":"2026-08-28T08:16:13","date_gmt":"2026-08-28T12:16:13","guid":{"rendered":"https:\/\/news.canadamotorjobs.com\/?p=248624"},"modified":"2026-09-03T10:38:42","modified_gmt":"2026-09-03T14:38:42","slug":"une-audi-a-pres-dun-million-de-dollars","status":"publish","type":"post","link":"https:\/\/news-dev.canadamotorjobs.com\/fr\/une-audi-a-pres-dun-million-de-dollars\/","title":{"rendered":"Une Audi \u00e0 pr\u00e8s d\u2019un million de dollars"},"content":{"rendered":"<\/p>\n<p data-start=\"474\" data-end=\"532\">Alors que l\u2019industrie automobile continue de pr\u00e9senter l\u2019\u00e9lectrification comme une destination in\u00e9vitable, Audi semble avoir tir\u00e9 une conclusion quelque peu diff\u00e9rente pour le sommet de sa gamme sportive. La nouvelle Audi Nuvolari, une supercar hybride affichant une puissance de 987 chevaux, co\u00fbterait environ 700 000 $ US, soit pr\u00e8s de 950 000 $ CA au taux de change actuel. Et malgr\u00e9 ses trois moteurs \u00e9lectriques et sa technologie de pointe, le c\u0153ur de la voiture demeure un imposant moteur V8. Ce choix n\u2019a rien d\u2019un accident. Selon Gernot D\u00f6llner, pr\u00e9sident-directeur g\u00e9n\u00e9ral d\u2019Audi, plus le prix d\u2019un v\u00e9hicule augmente, plus les acheteurs passionn\u00e9s semblent attach\u00e9s au moteur \u00e0 combustion. \u00c0 l\u2019inverse, les consommateurs des segments plus abordables accepteraient beaucoup plus facilement une transition vers le v\u00e9hicule enti\u00e8rement \u00e9lectrique. Une observation qui pourrait expliquer pourquoi certaines des voitures les plus exclusives et les plus puissantes du march\u00e9 ne deviennent pas enti\u00e8rement \u00e9lectriques. Elles deviennent hybrides.<\/p>\n<h3>Le moteur \u00e0 combustion devient un objet de luxe<\/h3>\n<p>\nLa Nuvolari combine un moteur V8 d\u00e9veloppant 987 chevaux avec trois moteurs \u00e9lectriques. L\u2019objectif n\u2019est pas de remplacer compl\u00e8tement le moteur thermique, mais plut\u00f4t d\u2019utiliser l\u2019\u00e9lectrification pour am\u00e9liorer ses performances. Les moteurs \u00e9lectriques apportent leur couple instantan\u00e9 et une plus grande douceur \u00e0 basse vitesse. Le V8, lui, conserve ce que les acheteurs de voitures exotiques semblent toujours rechercher : le bruit, les vibrations, le caract\u00e8re et cette sensation m\u00e9canique qu\u2019aucun haut-parleur ne r\u00e9ussit vraiment \u00e0 reproduire. Pour D\u00f6llner, le ph\u00e9nom\u00e8ne peut \u00eatre compar\u00e9 \u00e0 celui de l\u2019horlogerie m\u00e9canique. Une montre intelligente est plus pr\u00e9cise, plus pratique et offre infiniment plus de fonctions qu\u2019une montre m\u00e9canique. Pourtant, personne ne s\u2019attend \u00e0 ce que Rolex ou Patek Philippe disparaissent demain matin. Dans le monde des supercars, le moteur \u00e0 combustion est en train de suivre une trajectoire similaire : moins rationnel, peut-\u00eatre, mais beaucoup plus \u00e9motionnel.<\/p>\n<h3>Audi a d\u00e9velopp\u00e9 la Nuvolari en seulement 405 jours<\/h3>\n<p>\nLe projet aurait progress\u00e9 \u00e0 une vitesse \u00e9tonnante. Audi aurait d\u00e9velopp\u00e9 la Nuvolari en seulement 405 jours, apr\u00e8s que Gernot D\u00f6llner eut d\u00e9couvert un premier concept en mars 2025. Le constructeur aurait ensuite d\u00e9cid\u00e9 de faire passer cette supercar hybride devant un projet de mod\u00e8le enti\u00e8rement \u00e9lectrique, dont l\u2019arriv\u00e9e serait maintenant pr\u00e9vue en 2028. Cette d\u00e9cision illustre un changement int\u00e9ressant dans l\u2019industrie. Il y a quelques ann\u00e9es \u00e0 peine, plusieurs constructeurs annon\u00e7aient des \u00e9ch\u00e9anciers tr\u00e8s pr\u00e9cis pour l\u2019abandon du moteur thermique. Aujourd\u2019hui, la r\u00e9alit\u00e9 du march\u00e9 oblige plusieurs d\u2019entre eux \u00e0 revoir leur strat\u00e9gie. Dans le segment des supercars, le constat semble encore plus \u00e9vident : les acheteurs veulent de l\u2019\u00e9lectrification, mais pas n\u00e9cessairement \u00e0 la place du moteur \u00e0 combustion. Ils la veulent en compl\u00e9ment.<\/p>\n<h3>Les exotiques adoptent la formule hybride<\/h3>\n<p>\nAudi est loin d\u2019\u00eatre seule. La Porsche 911 GTS, la Chevrolet Corvette E-Ray, la McLaren Artura, la Ferrari F80, les Lamborghini Revuelto et Temerario ainsi que la Bugatti Tourbillon utilisent toutes, \u00e0 diff\u00e9rents degr\u00e9s, une forme d\u2019\u00e9lectrification combin\u00e9e \u00e0 un moteur \u00e0 combustion. Certaines de ces voitures co\u00fbtent plusieurs millions de dollars. La Bugatti Tourbillon, par exemple, affiche un prix d\u2019environ 4,1 millions $ US, soit approximativement 5,6 millions $ CA. Ces mod\u00e8les ne sont \u00e9videmment pas hybrides pour r\u00e9duire de quelques litres leur consommation annuelle. L\u2019hybridation est plut\u00f4t utilis\u00e9e comme une arme suppl\u00e9mentaire. Les moteurs \u00e9lectriques am\u00e9liorent les acc\u00e9l\u00e9rations, remplissent les temps de r\u00e9ponse du moteur thermique et permettent d\u2019atteindre des niveaux de performance autrefois r\u00e9serv\u00e9s \u00e0 la comp\u00e9tition. La formule offre donc aux constructeurs le meilleur des deux mondes : le couple imm\u00e9diat de l\u2019\u00e9lectrique et le caract\u00e8re \u00e9motionnel du moteur \u00e0 combustion.<\/p>\n<h3>L\u2019authenticit\u00e9 avant la logique<\/h3>\n<p>\nDans les segments plus abordables, l\u2019acheteur automobile recherche avant tout un moyen de transport efficace. L\u2019autonomie, le temps de recharge, le prix et les co\u00fbts d\u2019utilisation dominent la discussion. Mais lorsqu\u2019une voiture approche ou d\u00e9passe le million de dollars canadiens, les r\u00e8gles changent. Une voiture exotique n\u2019est pas un simple moyen d\u2019aller du point A au point B. C\u2019est un objet de d\u00e9sir. Et le d\u00e9sir n\u2019ob\u00e9it pas toujours \u00e0 la logique. Selon Rebecca Lindland, de HarrisX, les consommateurs recherchent actuellement une certaine forme d\u2019authenticit\u00e9. Une voiture hybride conserverait ainsi, aux yeux de plusieurs passionn\u00e9s, une connexion plus directe avec l\u2019automobile traditionnelle qu\u2019un mod\u00e8le enti\u00e8rement \u00e9lectrique. C\u2019est peut-\u00eatre ce qui explique la r\u00e9sistance \u00e9tonnante du moteur \u00e0 combustion dans le segment o\u00f9 il semblait pourtant destin\u00e9 \u00e0 dispara\u00eetre rapidement.<\/p>\n<h3>Le cas Bugatti d\u00e9montre l\u2019attachement des clients au thermique<\/h3>\n<p>\nBugatti Rimac a \u00e9galement d\u00e9couvert \u00e0 quel point certains clients restent attach\u00e9s \u00e0 la m\u00e9canique traditionnelle. Lors de la pr\u00e9sentation de la Tourbillon en 2024, certains acheteurs auraient m\u00eame remis en question la pr\u00e9sence d\u2019une batterie dans une voiture aussi orient\u00e9e vers l\u2019exp\u00e9rience m\u00e9canique. Les inqui\u00e9tudes concernant la long\u00e9vit\u00e9 du syst\u00e8me hybride auraient toutefois \u00e9t\u00e9 att\u00e9nu\u00e9es gr\u00e2ce \u00e0 une garantie de 10 ans sur la batterie. La demande a finalement \u00e9t\u00e9 suffisante pour que la production soit enti\u00e8rement \u00e9coul\u00e9e avant m\u00eame que le mod\u00e8le ne soit officiellement commercialis\u00e9. Le message pour les constructeurs est assez clair. L\u2019\u00e9lectrification ne rencontre pas n\u00e9cessairement une r\u00e9sistance lorsqu\u2019elle am\u00e9liore l\u2019exp\u00e9rience automobile. Elle devient beaucoup plus controvers\u00e9e lorsqu\u2019elle donne l\u2019impression de remplacer compl\u00e8tement ce que les passionn\u00e9s aiment d\u2019une voiture sportive.<\/p>\n<h3>Un design spectaculaire et un V8 qui ne cherche pas \u00e0 \u00eatre discret<\/h3>\n<p>\nLa Nuvolari repr\u00e9sente \u00e9galement l\u2019un des exercices stylistiques les plus agressifs d\u2019Audi depuis plusieurs ann\u00e9es. Sa carrosserie en titane bross\u00e9 adopte une apparence presque industrielle. On y retrouve des phares extr\u00eamement minces, d\u2019imposantes ouvertures \u00e0 l\u2019arri\u00e8re et un V8 largement expos\u00e9 sous certains \u00e9l\u00e9ments de la carrosserie. Un petit aileron actif, utilisant une technologie inspir\u00e9e des d\u00e9veloppements d\u2019Audi en Formule 1, modifie sa position selon le style de conduite. La vitesse maximale atteindrait 217 mi\/h, soit environ 349 km\/h. Le 0 \u00e0 60 mi\/h serait exp\u00e9di\u00e9 en seulement 2,5 secondes. Sur papier, ce sont des chiffres qui placent la Nuvolari dans le territoire des hypercars.<\/p>\n<h3>Pr\u00e8s de 1 000 chevaux, mais utilisable \u00e0 basse vitesse<\/h3>\n<p>\nLe plus int\u00e9ressant serait toutefois le comportement de la voiture \u00e0 vitesse r\u00e9duite. Les moteurs \u00e9lectriques permettent de rendre beaucoup plus douce la conduite d\u2019une supercar d\u00e9veloppant pr\u00e8s de 1 000 chevaux. La Nuvolari pourrait ainsi se d\u00e9placer lentement avec une relative souplesse avant de lib\u00e9rer toute la personnalit\u00e9 du V8 lorsque le conducteur sollicite l\u2019acc\u00e9l\u00e9rateur. C\u2019est pr\u00e9cis\u00e9ment l\u00e0 que l\u2019hybridation prend tout son sens. Elle permet d\u2019obtenir la brutalit\u00e9 m\u00e9canique lorsque le conducteur la souhaite, mais \u00e9galement une certaine finesse dans les situations o\u00f9 une voiture de pr\u00e8s de 950 000 $ CA doit simplement sortir d\u2019un stationnement sans transformer la man\u0153uvre en sc\u00e8ne de course automobile.<\/p>\n<h3>Audi cherche \u00e0 retrouver son facteur \u00e9motionnel<\/h3>\n<p>\nPour Audi, la Nuvolari pourrait avoir une importance qui d\u00e9passe largement ses chiffres de production. Le constructeur allemand poss\u00e8de un impressionnant h\u00e9ritage en comp\u00e9tition, des succ\u00e8s en rallye aux 24 Heures du Mans, en passant par l\u2019Audi R8. Mais au cours des derni\u00e8res ann\u00e9es, Audi est devenue davantage synonyme de technologie et de comp\u00e9tence d\u2019ing\u00e9nierie que de voitures v\u00e9ritablement visc\u00e9rales. La Nuvolari pourrait repr\u00e9senter une tentative de ramener cette dimension \u00e9motionnelle au c\u0153ur de la marque. Seulement 499 exemplaires seraient produits. Cette raret\u00e9 fait \u00e9videmment partie int\u00e9grante de la strat\u00e9gie. Son habitacle minimaliste, ses commandes inhabituelles, sa visibilit\u00e9 arri\u00e8re assur\u00e9e par cam\u00e9ra et son approche stylistique radicale ne feront probablement pas l\u2019unanimit\u00e9. Mais Audi semble accepter ce risque. \u00c0 ce niveau de prix, \u00eatre controvers\u00e9e est peut-\u00eatre pr\u00e9f\u00e9rable \u00e0 \u00eatre oubli\u00e9e.<\/p>\n<h3>La combustion n\u2019est pas encore pr\u00eate \u00e0 dispara\u00eetre<\/h3>\n<p>\nAu-del\u00e0 de la Nuvolari elle-m\u00eame, cette voiture raconte surtout quelque chose d\u2019int\u00e9ressant sur l\u2019\u00e9volution de l\u2019automobile. La transition vers l\u2019\u00e9lectrique continue, mais elle ne suit pas n\u00e9cessairement le sc\u00e9nario simple et lin\u00e9aire qui \u00e9tait imagin\u00e9 il y a quelques ann\u00e9es. Dans les segments populaires, la voiture \u00e9lectrique gagne progressivement du terrain \u00e0 mesure que les technologies s\u2019am\u00e9liorent et que les prix deviennent plus accessibles. Au sommet du march\u00e9, cependant, le moteur \u00e0 combustion conserve une valeur \u00e9motionnelle consid\u00e9rable. Pour les acheteurs qui poss\u00e8dent d\u00e9j\u00e0 tout, la question n\u2019est pas toujours de savoir quelle voiture est la plus efficace. La question est plut\u00f4t : laquelle me fait ressentir quelque chose? Audi parie pr\u00e8s d\u2019un million de dollars canadiens que, pour une certaine cat\u00e9gorie de clients, la r\u00e9ponse implique encore un V8 qui fait du bruit.<\/p>\n<p>Le texte <a href=\"https:\/\/annuelauto.ca\/une-audi-a-pres-dun-million-de-dollars\/\">Une Audi \u00e0 pr\u00e8s d\u2019un million de dollars<\/a> provient de <a href=\"https:\/\/annuelauto.ca\">L&rsquo;annuel de l&rsquo;automobile &#8211; Actualit\u00e9 automobile<\/a><\/p>\n<p><\/p>\n","protected":false},"excerpt":{"rendered":"<p>Alors que l\u2019industrie automobile continue de pr\u00e9senter l\u2019\u00e9lectrification comme une destination in\u00e9vitable, Audi semble avoir tir\u00e9 une conclusion quelque peu diff\u00e9rente pour le sommet de sa gamme sportive. La nouvelle Audi Nuvolari, une supercar hybride affichant une puissance de 987 chevaux, co\u00fbterait environ 700 000 $ US, soit pr\u00e8s de 950 000 $ CA au [&hellip;]<\/p>\n","protected":false},"author":8,"featured_media":248626,"comment_status":"close","ping_status":"closed","sticky":false,"template":"","format":"standard","meta":{"_monsterinsights_skip_tracking":false,"footnotes":""},"categories":[101],"tags":[],"class_list":["post-248624","post","type-post","status-publish","format-standard","has-post-thumbnail","hentry","category-annuel-automobile"],"yoast_head":"<!-- This site is optimized with the Yoast SEO plugin v28.4 - https:\/\/yoast.com\/product\/yoast-seo-wordpress\/ -->\n<title>Une Audi \u00e0 pr\u00e8s d\u2019un million de dollars - CanadaMotorJobs.com<\/title>\n<meta name=\"description\" content=\"Une Audi \u00e0 pr\u00e8s d\u2019un million de dollars - Benoit Charette - Annuel automobile - CanadaMotorJobs.com.\" \/>\n<meta name=\"robots\" content=\"index, follow, max-snippet:-1, max-image-preview:large, max-video-preview:-1\" \/>\n<link rel=\"canonical\" href=\"https:\/\/news-dev.canadamotorjobs.com\/fr\/une-audi-a-pres-dun-million-de-dollars\/\" \/>\n<meta property=\"og:locale\" content=\"fr_CA\" \/>\n<meta property=\"og:type\" content=\"article\" \/>\n<meta property=\"og:title\" content=\"Une Audi \u00e0 pr\u00e8s d\u2019un million de dollars - CanadaMotorJobs.com\" \/>\n<meta property=\"og:description\" content=\"Une Audi \u00e0 pr\u00e8s d\u2019un million de dollars - Benoit Charette - Annuel automobile - CanadaMotorJobs.com.\" \/>\n<meta property=\"og:url\" content=\"https:\/\/news-dev.canadamotorjobs.com\/fr\/une-audi-a-pres-dun-million-de-dollars\/\" \/>\n<meta property=\"og:site_name\" content=\"CanadaMotorJobs.com\" \/>\n<meta property=\"article:publisher\" content=\"https:\/\/www.facebook.com\/canadamotorjobs\/\" \/>\n<meta property=\"article:published_time\" content=\"2026-08-28T12:16:13+00:00\" \/>\n<meta property=\"article:modified_time\" content=\"2026-09-03T14:38:42+00:00\" \/>\n<meta property=\"og:image\" content=\"https:\/\/news-dev.canadamotorjobs.com\/wp-content\/uploads\/2026\/08\/Original-17002-exterior-8-16-9-2.jpg\" \/>\n\t<meta property=\"og:image:width\" content=\"1422\" \/>\n\t<meta property=\"og:image:height\" content=\"800\" \/>\n\t<meta property=\"og:image:type\" content=\"image\/jpeg\" \/>\n<meta name=\"author\" content=\"Benoit Charette\" \/>\n<meta name=\"twitter:card\" content=\"summary_large_image\" \/>\n<meta name=\"twitter:creator\" content=\"@canadamotorjobs\" \/>\n<meta name=\"twitter:site\" content=\"@canadamotorjobs\" \/>\n<meta name=\"twitter:label1\" content=\"\u00c9crit par\" \/>\n\t<meta name=\"twitter:data1\" content=\"Benoit Charette\" \/>\n\t<meta name=\"twitter:label2\" content=\"Estimation du temps de lecture\" \/>\n\t<meta name=\"twitter:data2\" content=\"8 minutes\" \/>\n<!-- \/ Yoast SEO plugin. -->","yoast_head_json":{"title":"Une Audi \u00e0 pr\u00e8s d\u2019un million de dollars - CanadaMotorJobs.com","description":"Une Audi \u00e0 pr\u00e8s d\u2019un million de dollars - Benoit Charette - Annuel automobile - CanadaMotorJobs.com.","robots":{"index":"index","follow":"follow","max-snippet":"max-snippet:-1","max-image-preview":"max-image-preview:large","max-video-preview":"max-video-preview:-1"},"canonical":"https:\/\/news-dev.canadamotorjobs.com\/fr\/une-audi-a-pres-dun-million-de-dollars\/","og_locale":"fr_CA","og_type":"article","og_title":"Une Audi \u00e0 pr\u00e8s d\u2019un million de dollars - CanadaMotorJobs.com","og_description":"Une Audi \u00e0 pr\u00e8s d\u2019un million de dollars - Benoit Charette - Annuel automobile - CanadaMotorJobs.com.","og_url":"https:\/\/news-dev.canadamotorjobs.com\/fr\/une-audi-a-pres-dun-million-de-dollars\/","og_site_name":"CanadaMotorJobs.com","article_publisher":"https:\/\/www.facebook.com\/canadamotorjobs\/","article_published_time":"2026-08-28T12:16:13+00:00","article_modified_time":"2026-09-03T14:38:42+00:00","og_image":[{"width":1422,"height":800,"url":"https:\/\/news-dev.canadamotorjobs.com\/wp-content\/uploads\/2026\/08\/Original-17002-exterior-8-16-9-2.jpg","type":"image\/jpeg"}],"author":"Benoit Charette","twitter_card":"summary_large_image","twitter_creator":"@canadamotorjobs","twitter_site":"@canadamotorjobs","twitter_misc":{"\u00c9crit par":"Benoit Charette","Estimation du temps de lecture":"8 minutes"},"schema":{"@context":"https:\/\/schema.org","@graph":[{"@type":"Article","@id":"https:\/\/news-dev.canadamotorjobs.com\/fr\/une-audi-a-pres-dun-million-de-dollars\/#article","isPartOf":{"@id":"https:\/\/news-dev.canadamotorjobs.com\/fr\/une-audi-a-pres-dun-million-de-dollars\/"},"author":{"name":"Benoit Charette","@id":"https:\/\/news-dev.canadamotorjobs.com\/fr\/#\/schema\/person\/1f6304dc4fb508188fb1418c9efd14dd"},"headline":"Une Audi \u00e0 pr\u00e8s d\u2019un million de dollars","datePublished":"2026-08-28T12:16:13+00:00","dateModified":"2026-09-03T14:38:42+00:00","mainEntityOfPage":{"@id":"https:\/\/news-dev.canadamotorjobs.com\/fr\/une-audi-a-pres-dun-million-de-dollars\/"},"wordCount":1577,"publisher":{"@id":"https:\/\/news-dev.canadamotorjobs.com\/fr\/#organization"},"image":{"@id":"https:\/\/news-dev.canadamotorjobs.com\/fr\/une-audi-a-pres-dun-million-de-dollars\/#primaryimage"},"thumbnailUrl":"https:\/\/news-dev.canadamotorjobs.com\/wp-content\/uploads\/2026\/08\/Original-17002-exterior-8-16-9-2.jpg","articleSection":["Annuel automobile"],"inLanguage":"fr-CA"},{"@type":"WebPage","@id":"https:\/\/news-dev.canadamotorjobs.com\/fr\/une-audi-a-pres-dun-million-de-dollars\/","url":"https:\/\/news-dev.canadamotorjobs.com\/fr\/une-audi-a-pres-dun-million-de-dollars\/","name":"Une Audi \u00e0 pr\u00e8s d\u2019un million de dollars - CanadaMotorJobs.com","isPartOf":{"@id":"https:\/\/news-dev.canadamotorjobs.com\/fr\/#website"},"primaryImageOfPage":{"@id":"https:\/\/news-dev.canadamotorjobs.com\/fr\/une-audi-a-pres-dun-million-de-dollars\/#primaryimage"},"image":{"@id":"https:\/\/news-dev.canadamotorjobs.com\/fr\/une-audi-a-pres-dun-million-de-dollars\/#primaryimage"},"thumbnailUrl":"https:\/\/news-dev.canadamotorjobs.com\/wp-content\/uploads\/2026\/08\/Original-17002-exterior-8-16-9-2.jpg","datePublished":"2026-08-28T12:16:13+00:00","dateModified":"2026-09-03T14:38:42+00:00","description":"Une Audi \u00e0 pr\u00e8s d\u2019un million de dollars - Benoit Charette - Annuel automobile - CanadaMotorJobs.com.","breadcrumb":{"@id":"https:\/\/news-dev.canadamotorjobs.com\/fr\/une-audi-a-pres-dun-million-de-dollars\/#breadcrumb"},"inLanguage":"fr-CA","potentialAction":[{"@type":"ReadAction","target":["https:\/\/news-dev.canadamotorjobs.com\/fr\/une-audi-a-pres-dun-million-de-dollars\/"]}]},{"@type":"ImageObject","inLanguage":"fr-CA","@id":"https:\/\/news-dev.canadamotorjobs.com\/fr\/une-audi-a-pres-dun-million-de-dollars\/#primaryimage","url":"https:\/\/news-dev.canadamotorjobs.com\/wp-content\/uploads\/2026\/08\/Original-17002-exterior-8-16-9-2.jpg","contentUrl":"https:\/\/news-dev.canadamotorjobs.com\/wp-content\/uploads\/2026\/08\/Original-17002-exterior-8-16-9-2.jpg","width":1422,"height":800},{"@type":"BreadcrumbList","@id":"https:\/\/news-dev.canadamotorjobs.com\/fr\/une-audi-a-pres-dun-million-de-dollars\/#breadcrumb","itemListElement":[{"@type":"ListItem","position":1,"name":"Home","item":"https:\/\/news-dev.canadamotorjobs.com\/fr\/"},{"@type":"ListItem","position":2,"name":"Une Audi \u00e0 pr\u00e8s d\u2019un million de dollars"}]},{"@type":"WebSite","@id":"https:\/\/news-dev.canadamotorjobs.com\/fr\/#website","url":"https:\/\/news-dev.canadamotorjobs.com\/fr\/","name":"CanadaMotorJobs.com","description":"Automotive Jobs","publisher":{"@id":"https:\/\/news-dev.canadamotorjobs.com\/fr\/#organization"},"potentialAction":[{"@type":"SearchAction","target":{"@type":"EntryPoint","urlTemplate":"https:\/\/news-dev.canadamotorjobs.com\/fr\/?s={search_term_string}"},"query-input":{"@type":"PropertyValueSpecification","valueRequired":true,"valueName":"search_term_string"}}],"inLanguage":"fr-CA"},{"@type":"Organization","@id":"https:\/\/news-dev.canadamotorjobs.com\/fr\/#organization","name":"Canada Motor Jobs","url":"https:\/\/news-dev.canadamotorjobs.com\/fr\/","logo":{"@type":"ImageObject","inLanguage":"fr-CA","@id":"https:\/\/news-dev.canadamotorjobs.com\/fr\/#\/schema\/logo\/image\/","url":"https:\/\/news.canadamotorjobs.com\/wp-content\/uploads\/2022\/10\/logo-canada-motor-jobs-1.png","contentUrl":"https:\/\/news.canadamotorjobs.com\/wp-content\/uploads\/2022\/10\/logo-canada-motor-jobs-1.png","width":800,"height":400,"caption":"Canada Motor Jobs"},"image":{"@id":"https:\/\/news-dev.canadamotorjobs.com\/fr\/#\/schema\/logo\/image\/"},"sameAs":["https:\/\/www.facebook.com\/canadamotorjobs\/","https:\/\/x.com\/canadamotorjobs","https:\/\/www.instagram.com\/canadamotorjobs\/","https:\/\/www.linkedin.com\/company\/canadamotorjobs"]},{"@type":"Person","@id":"https:\/\/news-dev.canadamotorjobs.com\/fr\/#\/schema\/person\/1f6304dc4fb508188fb1418c9efd14dd","name":"Benoit Charette","image":{"@type":"ImageObject","inLanguage":"fr-CA","@id":"https:\/\/secure.gravatar.com\/avatar\/8ebad7d4cd5c8ab847a16fc24c8cbb8cc9a64dbd8bd6f73a3f951682b0f9a696?s=96&d=mm&r=g","url":"https:\/\/secure.gravatar.com\/avatar\/8ebad7d4cd5c8ab847a16fc24c8cbb8cc9a64dbd8bd6f73a3f951682b0f9a696?s=96&d=mm&r=g","contentUrl":"https:\/\/secure.gravatar.com\/avatar\/8ebad7d4cd5c8ab847a16fc24c8cbb8cc9a64dbd8bd6f73a3f951682b0f9a696?s=96&d=mm&r=g","caption":"Benoit Charette"},"description":"Benoit Charette \/ Propri\u00e9taire et r\u00e9dacteur en chef Benoit Charette pratique le journalisme automobile depuis bient\u00f4t 30 ans. Il a fait ses classes au c\u00f4t\u00e9 de Daniel H\u00e9raud et au Carnet de route de 1992 \u00e0 2001. Il est fondateur, copropri\u00e9taire et r\u00e9dacteur en chef de L\u2019Annuel de l\u2019automobile, qu\u2019il publie depuis 2001. Il a anim\u00e9 les \u00e9missions RPM et RPM+ sur V et les L\u00e9gendes de la route sur Historia. \u00c0 la radio depuis 1986, il reprend l\u2019antenne cette ann\u00e9e sur les ondes de Cogeco et participe pour la deuxi\u00e8me ann\u00e9e \u00e0 l\u2019\u00e9mission Passion Auto sur RDS en plus de mettre en ligne le site Web officiel de L\u2019Annuel de l\u2019automobile sur annuelauto.ca.","sameAs":["https:\/\/annuelauto.ca\/"],"url":"https:\/\/news-dev.canadamotorjobs.com\/fr\/author\/benoit-charette\/"}]}},"_links":{"self":[{"href":"https:\/\/news-dev.canadamotorjobs.com\/fr\/wp-json\/wp\/v2\/posts\/248624","targetHints":{"allow":["GET"]}}],"collection":[{"href":"https:\/\/news-dev.canadamotorjobs.com\/fr\/wp-json\/wp\/v2\/posts"}],"about":[{"href":"https:\/\/news-dev.canadamotorjobs.com\/fr\/wp-json\/wp\/v2\/types\/post"}],"author":[{"embeddable":true,"href":"https:\/\/news-dev.canadamotorjobs.com\/fr\/wp-json\/wp\/v2\/users\/8"}],"replies":[{"embeddable":true,"href":"https:\/\/news-dev.canadamotorjobs.com\/fr\/wp-json\/wp\/v2\/comments?post=248624"}],"version-history":[{"count":2,"href":"https:\/\/news-dev.canadamotorjobs.com\/fr\/wp-json\/wp\/v2\/posts\/248624\/revisions"}],"predecessor-version":[{"id":248627,"href":"https:\/\/news-dev.canadamotorjobs.com\/fr\/wp-json\/wp\/v2\/posts\/248624\/revisions\/248627"}],"wp:featuredmedia":[{"embeddable":true,"href":"https:\/\/news-dev.canadamotorjobs.com\/fr\/wp-json\/wp\/v2\/media\/248626"}],"wp:attachment":[{"href":"https:\/\/news-dev.canadamotorjobs.com\/fr\/wp-json\/wp\/v2\/media?parent=248624"}],"wp:term":[{"taxonomy":"category","embeddable":true,"href":"https:\/\/news-dev.canadamotorjobs.com\/fr\/wp-json\/wp\/v2\/categories?post=248624"},{"taxonomy":"post_tag","embeddable":true,"href":"https:\/\/news-dev.canadamotorjobs.com\/fr\/wp-json\/wp\/v2\/tags?post=248624"}],"curies":[{"name":"wp","href":"https:\/\/api.w.org\/{rel}","templated":true}]}}