{"id":248643,"date":"2026-08-27T08:46:26","date_gmt":"2026-08-27T12:46:26","guid":{"rendered":"https:\/\/news.canadamotorjobs.com\/?p=248643"},"modified":"2026-09-03T10:39:09","modified_gmt":"2026-09-03T14:39:09","slug":"kia-rappelle-plus-de-21-000-ev9","status":"publish","type":"post","link":"https:\/\/news-dev.canadamotorjobs.com\/fr\/kia-rappelle-plus-de-21-000-ev9\/","title":{"rendered":"Kia rappelle plus de 21 000 EV9"},"content":{"rendered":"<\/p>\n<p>Les automobiles modernes sont devenues de v\u00e9ritables ordinateurs sur roues. Le probl\u00e8me, c\u2019est qu\u2019\u00e0 force d\u2019ajouter des syst\u00e8mes \u00e9lectroniques, des capteurs et des \u00e9quipements de s\u00e9curit\u00e9, m\u00eame un petit tube mal positionn\u00e9 peut finir par d\u00e9clencher un rappel. C\u2019est pr\u00e9cis\u00e9ment ce qui arrive au Kia EV9. Le constructeur rappelle 21 290 exemplaires de son grand VUS \u00e9lectrique aux \u00c9tats-Unis en raison d\u2019un probl\u00e8me touchant le syst\u00e8me de d\u00e9tection de l\u2019occupant du si\u00e8ge passager avant. Le d\u00e9faut pourrait emp\u00eacher le v\u00e9hicule de d\u00e9sactiver correctement le coussin gonflable frontal lorsqu\u2019un enfant est install\u00e9 dans un si\u00e8ge d\u2019auto sur le si\u00e8ge passager avant.<\/p>\n<h3>Un petit tube au c\u0153ur du probl\u00e8me<\/h3>\n<p>\nSelon le rapport de rappel publi\u00e9 par la National Highway Traffic Safety Administration (NHTSA), le probl\u00e8me concerne un tube associ\u00e9 au syst\u00e8me de d\u00e9tection de l\u2019occupant, situ\u00e9 sous le coussin du si\u00e8ge passager avant. Lorsque le si\u00e8ge est ajust\u00e9 \u00e0 sa position la plus \u00e9lev\u00e9e, le tube pourrait \u00eatre pinc\u00e9 en raison de son acheminement. \u00c0 force d\u2019\u00eatre comprim\u00e9 lors des r\u00e9glages r\u00e9p\u00e9t\u00e9s du si\u00e8ge, il pourrait \u00e9ventuellement \u00eatre endommag\u00e9. Le syst\u00e8me pourrait alors ne pas fonctionner correctement et ne pas supprimer le d\u00e9ploiement du coussin gonflable frontal lorsqu\u2019un enfant est install\u00e9 dans un syst\u00e8me de retenue appropri\u00e9. Or, le d\u00e9ploiement d\u2019un coussin gonflable peut repr\u00e9senter un risque important pour un jeune enfant. C\u2019est donc un probl\u00e8me qui, malgr\u00e9 son origine relativement banale, touche directement un \u00e9l\u00e9ment critique de la s\u00e9curit\u00e9 du v\u00e9hicule.<\/p>\n<h3>Quels sont les sympt\u00f4mes?<\/h3>\n<p>\nLes propri\u00e9taires d\u2019un EV9 concern\u00e9 pourraient notamment remarquer deux signes. Le premier est l\u2019allumage du t\u00e9moin d\u2019avertissement du syst\u00e8me de coussins gonflables au tableau de bord. Le second est un avertissement sonore li\u00e9 \u00e0 la ceinture de s\u00e9curit\u00e9 qui pourrait se d\u00e9clencher m\u00eame lorsque celle-ci est utilis\u00e9e correctement. Ces sympt\u00f4mes ne signifient \u00e9videmment pas automatiquement que le tube est endommag\u00e9, mais ils peuvent signaler une anomalie du syst\u00e8me de d\u00e9tection du passager.<\/p>\n<h3>Des EV9 construits en G\u00e9orgie<\/h3>\n<p>\nLe rappel am\u00e9ricain concerne des Kia EV9 des ann\u00e9es-mod\u00e8les 2025 et 2026, construits \u00e0 l\u2019usine Kia de West Point, en G\u00e9orgie, entre le 17 mai 2024 et le 13 mai 2026. Les EV9 fabriqu\u00e9s dans l\u2019usine sud-cor\u00e9enne de Kia ne seraient pas concern\u00e9s par cette campagne. La NHTSA estime que seulement environ 6 % des 21 290 v\u00e9hicules rappel\u00e9s pourraient r\u00e9ellement pr\u00e9senter le d\u00e9faut. Cela repr\u00e9sente tout de m\u00eame plus de 1 200 v\u00e9hicules potentiellement touch\u00e9s par un probl\u00e8me pouvant compromettre le fonctionnement attendu du syst\u00e8me de s\u00e9curit\u00e9.<\/p>\n<h3>Et les Kia EV9 vendus au Canada?<\/h3>\n<p>\nLe rappel d\u00e9crit ici concerne pour l\u2019instant les v\u00e9hicules identifi\u00e9s par la NHTSA aux \u00c9tats-Unis. Aucune confirmation ne permet, sur la base des informations fournies, d\u2019affirmer que les EV9 vendus au Canada sont vis\u00e9s par une campagne identique. La situation m\u00e9rite toutefois d\u2019\u00eatre surveill\u00e9e. Les v\u00e9hicules assembl\u00e9s dans diff\u00e9rentes usines peuvent pr\u00e9senter des configurations distinctes, et les rappels am\u00e9ricains ne sont pas automatiquement reproduits au Canada. Les propri\u00e9taires canadiens d\u2019un Kia EV9 devraient v\u00e9rifier r\u00e9guli\u00e8rement les campagnes de rappel actives aupr\u00e8s de Kia Canada et de la base de donn\u00e9es de Transports Canada. Comme toujours lorsqu\u2019il est question d\u2019un rappel, le num\u00e9ro d\u2019identification du v\u00e9hicule, ou NIV, demeure la meilleure fa\u00e7on de confirmer si un exemplaire pr\u00e9cis est touch\u00e9.<\/p>\n<h3>Un rappel qui illustre la complexit\u00e9 croissante des v\u00e9hicules<\/h3>\n<p>\nLe Kia EV9 n\u2019est pas rappel\u00e9 pour un moteur d\u00e9fectueux, une batterie endommag\u00e9e ou un probl\u00e8me de recharge. Dans ce cas-ci, c\u2019est plut\u00f4t un petit composant du syst\u00e8me de d\u00e9tection install\u00e9 sous un si\u00e8ge qui est \u00e0 l\u2019origine de toute l\u2019op\u00e9ration. C\u2019est un bon exemple de la complexit\u00e9 croissante des v\u00e9hicules modernes. Les syst\u00e8mes sont plus s\u00e9curitaires et plus sophistiqu\u00e9s qu\u2019autrefois, mais ils multiplient aussi le nombre de pi\u00e8ces et de composants susceptibles de n\u00e9cessiter une intervention. Pour Kia, il s\u2019agit maintenant de corriger le probl\u00e8me avant qu\u2019un d\u00e9faut de ce syst\u00e8me ne puisse avoir des cons\u00e9quences lors d\u2019une collision.<\/p>\n<p>Avec des renseignements d&rsquo;Autoblog<\/p>\n<p>\u00a0<\/p>\n<p>Le texte <a href=\"https:\/\/annuelauto.ca\/kia-rappelle-plus-de-21-000-ev9\/\">Kia rappelle plus de 21 000 EV9<\/a> provient de <a href=\"https:\/\/annuelauto.ca\">L&rsquo;annuel de l&rsquo;automobile &#8211; Actualit\u00e9 automobile<\/a><\/p>\n<p><\/p>\n","protected":false},"excerpt":{"rendered":"<p>Les automobiles modernes sont devenues de v\u00e9ritables ordinateurs sur roues. Le probl\u00e8me, c\u2019est qu\u2019\u00e0 force d\u2019ajouter des syst\u00e8mes \u00e9lectroniques, des capteurs et des \u00e9quipements de s\u00e9curit\u00e9, m\u00eame un petit tube mal positionn\u00e9 peut finir par d\u00e9clencher un rappel. C\u2019est pr\u00e9cis\u00e9ment ce qui arrive au Kia EV9. Le constructeur rappelle 21 290 exemplaires de son grand [&hellip;]<\/p>\n","protected":false},"author":8,"featured_media":248645,"comment_status":"close","ping_status":"closed","sticky":false,"template":"","format":"standard","meta":{"_monsterinsights_skip_tracking":false,"footnotes":""},"categories":[101],"tags":[],"class_list":["post-248643","post","type-post","status-publish","format-standard","has-post-thumbnail","hentry","category-annuel-automobile"],"yoast_head":"<!-- This site is optimized with the Yoast SEO plugin v28.4 - https:\/\/yoast.com\/product\/yoast-seo-wordpress\/ -->\n<title>Kia rappelle plus de 21 000 EV9 - CanadaMotorJobs.com<\/title>\n<meta name=\"description\" content=\"Kia rappelle plus de 21 000 EV9 - Benoit Charette - Annuel automobile - CanadaMotorJobs.com.\" \/>\n<meta name=\"robots\" content=\"index, follow, max-snippet:-1, max-image-preview:large, max-video-preview:-1\" \/>\n<link rel=\"canonical\" href=\"https:\/\/news-dev.canadamotorjobs.com\/fr\/kia-rappelle-plus-de-21-000-ev9\/\" \/>\n<meta property=\"og:locale\" content=\"fr_CA\" \/>\n<meta property=\"og:type\" content=\"article\" \/>\n<meta property=\"og:title\" content=\"Kia rappelle plus de 21 000 EV9 - CanadaMotorJobs.com\" \/>\n<meta property=\"og:description\" content=\"Kia rappelle plus de 21 000 EV9 - Benoit Charette - Annuel automobile - CanadaMotorJobs.com.\" \/>\n<meta property=\"og:url\" content=\"https:\/\/news-dev.canadamotorjobs.com\/fr\/kia-rappelle-plus-de-21-000-ev9\/\" \/>\n<meta property=\"og:site_name\" content=\"CanadaMotorJobs.com\" \/>\n<meta property=\"article:publisher\" content=\"https:\/\/www.facebook.com\/canadamotorjobs\/\" \/>\n<meta property=\"article:published_time\" content=\"2026-08-27T12:46:26+00:00\" \/>\n<meta property=\"article:modified_time\" content=\"2026-09-03T14:39:09+00:00\" \/>\n<meta property=\"og:image\" content=\"https:\/\/news-dev.canadamotorjobs.com\/wp-content\/uploads\/2026\/08\/my26-ev9-in-page-gallery.jpeg\" \/>\n\t<meta property=\"og:image:width\" content=\"2048\" \/>\n\t<meta property=\"og:image:height\" content=\"1142\" \/>\n\t<meta property=\"og:image:type\" content=\"image\/jpeg\" \/>\n<meta name=\"author\" content=\"Benoit Charette\" \/>\n<meta name=\"twitter:card\" content=\"summary_large_image\" \/>\n<meta name=\"twitter:creator\" content=\"@canadamotorjobs\" \/>\n<meta name=\"twitter:site\" content=\"@canadamotorjobs\" \/>\n<meta name=\"twitter:label1\" content=\"\u00c9crit par\" \/>\n\t<meta name=\"twitter:data1\" content=\"Benoit Charette\" \/>\n\t<meta name=\"twitter:label2\" content=\"Estimation du temps de lecture\" \/>\n\t<meta name=\"twitter:data2\" content=\"4 minutes\" \/>\n<!-- \/ Yoast SEO plugin. -->","yoast_head_json":{"title":"Kia rappelle plus de 21 000 EV9 - CanadaMotorJobs.com","description":"Kia rappelle plus de 21 000 EV9 - Benoit Charette - Annuel automobile - CanadaMotorJobs.com.","robots":{"index":"index","follow":"follow","max-snippet":"max-snippet:-1","max-image-preview":"max-image-preview:large","max-video-preview":"max-video-preview:-1"},"canonical":"https:\/\/news-dev.canadamotorjobs.com\/fr\/kia-rappelle-plus-de-21-000-ev9\/","og_locale":"fr_CA","og_type":"article","og_title":"Kia rappelle plus de 21 000 EV9 - CanadaMotorJobs.com","og_description":"Kia rappelle plus de 21 000 EV9 - Benoit Charette - Annuel automobile - CanadaMotorJobs.com.","og_url":"https:\/\/news-dev.canadamotorjobs.com\/fr\/kia-rappelle-plus-de-21-000-ev9\/","og_site_name":"CanadaMotorJobs.com","article_publisher":"https:\/\/www.facebook.com\/canadamotorjobs\/","article_published_time":"2026-08-27T12:46:26+00:00","article_modified_time":"2026-09-03T14:39:09+00:00","og_image":[{"width":2048,"height":1142,"url":"https:\/\/news-dev.canadamotorjobs.com\/wp-content\/uploads\/2026\/08\/my26-ev9-in-page-gallery.jpeg","type":"image\/jpeg"}],"author":"Benoit Charette","twitter_card":"summary_large_image","twitter_creator":"@canadamotorjobs","twitter_site":"@canadamotorjobs","twitter_misc":{"\u00c9crit par":"Benoit Charette","Estimation du temps de lecture":"4 minutes"},"schema":{"@context":"https:\/\/schema.org","@graph":[{"@type":"Article","@id":"https:\/\/news-dev.canadamotorjobs.com\/fr\/kia-rappelle-plus-de-21-000-ev9\/#article","isPartOf":{"@id":"https:\/\/news-dev.canadamotorjobs.com\/fr\/kia-rappelle-plus-de-21-000-ev9\/"},"author":{"name":"Benoit Charette","@id":"https:\/\/news-dev.canadamotorjobs.com\/fr\/#\/schema\/person\/1f6304dc4fb508188fb1418c9efd14dd"},"headline":"Kia rappelle plus de 21 000 EV9","datePublished":"2026-08-27T12:46:26+00:00","dateModified":"2026-09-03T14:39:09+00:00","mainEntityOfPage":{"@id":"https:\/\/news-dev.canadamotorjobs.com\/fr\/kia-rappelle-plus-de-21-000-ev9\/"},"wordCount":796,"publisher":{"@id":"https:\/\/news-dev.canadamotorjobs.com\/fr\/#organization"},"image":{"@id":"https:\/\/news-dev.canadamotorjobs.com\/fr\/kia-rappelle-plus-de-21-000-ev9\/#primaryimage"},"thumbnailUrl":"https:\/\/news-dev.canadamotorjobs.com\/wp-content\/uploads\/2026\/08\/my26-ev9-in-page-gallery.jpeg","articleSection":["Annuel automobile"],"inLanguage":"fr-CA"},{"@type":"WebPage","@id":"https:\/\/news-dev.canadamotorjobs.com\/fr\/kia-rappelle-plus-de-21-000-ev9\/","url":"https:\/\/news-dev.canadamotorjobs.com\/fr\/kia-rappelle-plus-de-21-000-ev9\/","name":"Kia rappelle plus de 21 000 EV9 - CanadaMotorJobs.com","isPartOf":{"@id":"https:\/\/news-dev.canadamotorjobs.com\/fr\/#website"},"primaryImageOfPage":{"@id":"https:\/\/news-dev.canadamotorjobs.com\/fr\/kia-rappelle-plus-de-21-000-ev9\/#primaryimage"},"image":{"@id":"https:\/\/news-dev.canadamotorjobs.com\/fr\/kia-rappelle-plus-de-21-000-ev9\/#primaryimage"},"thumbnailUrl":"https:\/\/news-dev.canadamotorjobs.com\/wp-content\/uploads\/2026\/08\/my26-ev9-in-page-gallery.jpeg","datePublished":"2026-08-27T12:46:26+00:00","dateModified":"2026-09-03T14:39:09+00:00","description":"Kia rappelle plus de 21 000 EV9 - Benoit Charette - Annuel automobile - CanadaMotorJobs.com.","breadcrumb":{"@id":"https:\/\/news-dev.canadamotorjobs.com\/fr\/kia-rappelle-plus-de-21-000-ev9\/#breadcrumb"},"inLanguage":"fr-CA","potentialAction":[{"@type":"ReadAction","target":["https:\/\/news-dev.canadamotorjobs.com\/fr\/kia-rappelle-plus-de-21-000-ev9\/"]}]},{"@type":"ImageObject","inLanguage":"fr-CA","@id":"https:\/\/news-dev.canadamotorjobs.com\/fr\/kia-rappelle-plus-de-21-000-ev9\/#primaryimage","url":"https:\/\/news-dev.canadamotorjobs.com\/wp-content\/uploads\/2026\/08\/my26-ev9-in-page-gallery.jpeg","contentUrl":"https:\/\/news-dev.canadamotorjobs.com\/wp-content\/uploads\/2026\/08\/my26-ev9-in-page-gallery.jpeg","width":2048,"height":1142},{"@type":"BreadcrumbList","@id":"https:\/\/news-dev.canadamotorjobs.com\/fr\/kia-rappelle-plus-de-21-000-ev9\/#breadcrumb","itemListElement":[{"@type":"ListItem","position":1,"name":"Home","item":"https:\/\/news-dev.canadamotorjobs.com\/fr\/"},{"@type":"ListItem","position":2,"name":"Kia rappelle plus de 21 000 EV9"}]},{"@type":"WebSite","@id":"https:\/\/news-dev.canadamotorjobs.com\/fr\/#website","url":"https:\/\/news-dev.canadamotorjobs.com\/fr\/","name":"CanadaMotorJobs.com","description":"Automotive Jobs","publisher":{"@id":"https:\/\/news-dev.canadamotorjobs.com\/fr\/#organization"},"potentialAction":[{"@type":"SearchAction","target":{"@type":"EntryPoint","urlTemplate":"https:\/\/news-dev.canadamotorjobs.com\/fr\/?s={search_term_string}"},"query-input":{"@type":"PropertyValueSpecification","valueRequired":true,"valueName":"search_term_string"}}],"inLanguage":"fr-CA"},{"@type":"Organization","@id":"https:\/\/news-dev.canadamotorjobs.com\/fr\/#organization","name":"Canada Motor Jobs","url":"https:\/\/news-dev.canadamotorjobs.com\/fr\/","logo":{"@type":"ImageObject","inLanguage":"fr-CA","@id":"https:\/\/news-dev.canadamotorjobs.com\/fr\/#\/schema\/logo\/image\/","url":"https:\/\/news.canadamotorjobs.com\/wp-content\/uploads\/2022\/10\/logo-canada-motor-jobs-1.png","contentUrl":"https:\/\/news.canadamotorjobs.com\/wp-content\/uploads\/2022\/10\/logo-canada-motor-jobs-1.png","width":800,"height":400,"caption":"Canada Motor Jobs"},"image":{"@id":"https:\/\/news-dev.canadamotorjobs.com\/fr\/#\/schema\/logo\/image\/"},"sameAs":["https:\/\/www.facebook.com\/canadamotorjobs\/","https:\/\/x.com\/canadamotorjobs","https:\/\/www.instagram.com\/canadamotorjobs\/","https:\/\/www.linkedin.com\/company\/canadamotorjobs"]},{"@type":"Person","@id":"https:\/\/news-dev.canadamotorjobs.com\/fr\/#\/schema\/person\/1f6304dc4fb508188fb1418c9efd14dd","name":"Benoit Charette","image":{"@type":"ImageObject","inLanguage":"fr-CA","@id":"https:\/\/secure.gravatar.com\/avatar\/8ebad7d4cd5c8ab847a16fc24c8cbb8cc9a64dbd8bd6f73a3f951682b0f9a696?s=96&d=mm&r=g","url":"https:\/\/secure.gravatar.com\/avatar\/8ebad7d4cd5c8ab847a16fc24c8cbb8cc9a64dbd8bd6f73a3f951682b0f9a696?s=96&d=mm&r=g","contentUrl":"https:\/\/secure.gravatar.com\/avatar\/8ebad7d4cd5c8ab847a16fc24c8cbb8cc9a64dbd8bd6f73a3f951682b0f9a696?s=96&d=mm&r=g","caption":"Benoit Charette"},"description":"Benoit Charette \/ Propri\u00e9taire et r\u00e9dacteur en chef Benoit Charette pratique le journalisme automobile depuis bient\u00f4t 30 ans. Il a fait ses classes au c\u00f4t\u00e9 de Daniel H\u00e9raud et au Carnet de route de 1992 \u00e0 2001. Il est fondateur, copropri\u00e9taire et r\u00e9dacteur en chef de L\u2019Annuel de l\u2019automobile, qu\u2019il publie depuis 2001. Il a anim\u00e9 les \u00e9missions RPM et RPM+ sur V et les L\u00e9gendes de la route sur Historia. \u00c0 la radio depuis 1986, il reprend l\u2019antenne cette ann\u00e9e sur les ondes de Cogeco et participe pour la deuxi\u00e8me ann\u00e9e \u00e0 l\u2019\u00e9mission Passion Auto sur RDS en plus de mettre en ligne le site Web officiel de L\u2019Annuel de l\u2019automobile sur annuelauto.ca.","sameAs":["https:\/\/annuelauto.ca\/"],"url":"https:\/\/news-dev.canadamotorjobs.com\/fr\/author\/benoit-charette\/"}]}},"_links":{"self":[{"href":"https:\/\/news-dev.canadamotorjobs.com\/fr\/wp-json\/wp\/v2\/posts\/248643","targetHints":{"allow":["GET"]}}],"collection":[{"href":"https:\/\/news-dev.canadamotorjobs.com\/fr\/wp-json\/wp\/v2\/posts"}],"about":[{"href":"https:\/\/news-dev.canadamotorjobs.com\/fr\/wp-json\/wp\/v2\/types\/post"}],"author":[{"embeddable":true,"href":"https:\/\/news-dev.canadamotorjobs.com\/fr\/wp-json\/wp\/v2\/users\/8"}],"replies":[{"embeddable":true,"href":"https:\/\/news-dev.canadamotorjobs.com\/fr\/wp-json\/wp\/v2\/comments?post=248643"}],"version-history":[{"count":2,"href":"https:\/\/news-dev.canadamotorjobs.com\/fr\/wp-json\/wp\/v2\/posts\/248643\/revisions"}],"predecessor-version":[{"id":248646,"href":"https:\/\/news-dev.canadamotorjobs.com\/fr\/wp-json\/wp\/v2\/posts\/248643\/revisions\/248646"}],"wp:featuredmedia":[{"embeddable":true,"href":"https:\/\/news-dev.canadamotorjobs.com\/fr\/wp-json\/wp\/v2\/media\/248645"}],"wp:attachment":[{"href":"https:\/\/news-dev.canadamotorjobs.com\/fr\/wp-json\/wp\/v2\/media?parent=248643"}],"wp:term":[{"taxonomy":"category","embeddable":true,"href":"https:\/\/news-dev.canadamotorjobs.com\/fr\/wp-json\/wp\/v2\/categories?post=248643"},{"taxonomy":"post_tag","embeddable":true,"href":"https:\/\/news-dev.canadamotorjobs.com\/fr\/wp-json\/wp\/v2\/tags?post=248643"}],"curies":[{"name":"wp","href":"https:\/\/api.w.org\/{rel}","templated":true}]}}